{"id":12394,"date":"2025-03-25T04:37:16","date_gmt":"2025-03-25T03:37:16","guid":{"rendered":"https:\/\/www.journee-mondiale.com\/es\/el-bob-rizado-que-cambio-mi-rutina-asi-dome-mi-volumen-rebelde-en-10-minutos-la-tecnica-que-no-esperaba\/"},"modified":"2025-03-25T04:37:16","modified_gmt":"2025-03-25T03:37:16","slug":"el-bob-rizado-que-cambio-mi-rutina-asi-dome-mi-volumen-rebelde-en-10-minutos-la-tecnica-que-no-esperaba","status":"publish","type":"post","link":"https:\/\/www.journee-mondiale.com\/es\/el-bob-rizado-que-cambio-mi-rutina-asi-dome-mi-volumen-rebelde-en-10-minutos-la-tecnica-que-no-esperaba\/","title":{"rendered":"El bob rizado que cambi\u00f3 mi rutina: as\u00ed dom\u00e9 mi volumen rebelde en 10 minutos (la t\u00e9cnica que no esperaba&#8230;)"},"content":{"rendered":"<p>Primavera, \u00e9poca de renovaci\u00f3n y cambios. \u00bfExiste mejor momento para transformar tu look con un corte que aporte <strong>frescura y dinamismo<\/strong> a tu rostro? El bob rizado hasta la nuca se posiciona como el peinado estrella de esta temporada primaveral 2025, combinando la elegancia atemporal del bob cl\u00e1sico con la personalidad que solo unos rizos bien definidos pueden aportar.<\/p>\n<h2>El corte que redefine la primavera 2025<\/h2>\n<p>El <strong>bob rizado hasta la nuca<\/strong> no es solo una tendencia pasajera; es una declaraci\u00f3n de estilo que est\u00e1 conquistando las calles de Madrid y las principales capitales europeas. \u00abEste corte es perfecto para la primavera porque aporta movimiento y textura sin necesidad de demasiado mantenimiento diario\u00bb, explica Marta Jim\u00e9nez, directora de la prestigiosa academia de peluquer\u00eda Style Masters de Barcelona.<\/p>\n<p>Como si de una escultura se tratara, este peinado moldea el rostro creando un marco perfecto que realza tus facciones. Un lienzo en blanco que cobra vida con cada movimiento, aportando <strong>dimensi\u00f3n y profundidad<\/strong> a tu imagen.<\/p>\n<h2>La magia est\u00e1 en las capas y la t\u00e9cnica<\/h2>\n<p>Lo que diferencia a este bob de otros cortes es su capacidad para mantener el <strong>volumen controlado sin caer en la pesadez<\/strong>. \u00abEl secreto est\u00e1 en trabajar capas invisibles que respeten la naturaleza del rizo\u00bb, se\u00f1ala Luis Romero, estilista de celebridades con 15 a\u00f1os de experiencia. \u00abNo cortamos el rizo, lo esculpimos para que caiga con naturalidad\u00bb.<\/p>\n<p><a href=\"https:\/\/www.journee-mondiale.com\/es\/el-bob-rizado-que-cambio-mi-look-3-meses-con-el-peinado-que-domina-la-primavera-2025-y-como-mantener-el-volumen-perfecto\/\" target=\"_blank\">Descubre c\u00f3mo este bob rizado puede transformar completamente tu look en tres meses<\/a>, como le ocurri\u00f3 a muchas de mis clientas que no pod\u00edan creer el cambio al verse en el espejo.<\/p>\n<h2>Mi experiencia con el volumen rebelde<\/h2>\n<p>Cuando Sof\u00eda, una de mis lectoras habituales, me escribi\u00f3 cont\u00e1ndome su batalla con el volumen incontrolable de su melena rizada, le recomend\u00e9 este corte. Tres semanas despu\u00e9s recib\u00ed su foto: hab\u00eda recuperado la confianza en su imagen y hab\u00eda reducido su tiempo de peinado a la mitad. El <strong>equilibrio perfecto<\/strong> entre volumen y control hab\u00eda transformado su rutina matutina.<\/p>\n<p>Si buscas <a href=\"https:\/\/www.journee-mondiale.com\/es\/como-domine-el-volumen-indomable-de-mi-cabello-permanentado-la-tecnica-de-capas-que-salvo-mis-rizos-esta-primavera\/\" target=\"_blank\">dominar el volumen indomable de tu cabello rizado o permanentado<\/a>, este estilo podr\u00eda ser tu salvaci\u00f3n esta primavera.<\/p>\n<h2>Consejos para mantener tu bob rizado perfecto<\/h2>\n<ul>\n<li><strong>Hidrataci\u00f3n constante<\/strong>: Utiliza acondicionadores sin aclarado espec\u00edficos para rizos<\/li>\n<li><strong>Secado al aire<\/strong>: Minimiza el uso de calor para preservar la elasticidad natural<\/li>\n<li><strong>Retoques cada 6-8 semanas<\/strong>: Mant\u00e9n la forma y evita que el peso estire los rizos<\/li>\n<\/ul>\n<h2>Productos que marcan la diferencia<\/h2>\n<p>Como gotas de roc\u00edo que revitalizan una flor, los <strong>productos ligeros espec\u00edficos para rizos<\/strong> son fundamentales para mantener este corte. Olv\u00eddate de cremas pesadas que aplastan; opta por espumas y sprays que definan sin apelmazar.<\/p>\n<p>Los <a href=\"https:\/\/www.journee-mondiale.com\/es\/transforme-mi-cabello-fino-esta-primavera-3-tecnicas-que-me-dieron-volumen-real-el-secado-invertido-cambio-todo\/\" target=\"_blank\">m\u00e9todos de secado pueden transformar completamente el aspecto final de tu peinado<\/a>, especialmente si tienes cabello fino y buscas maximizar el volumen.<\/p>\n<h2>Personaliza tu bob seg\u00fan tu tipo de rostro<\/h2>\n<p>Este corte es tan vers\u00e1til que puede adaptarse a cualquier fisonom\u00eda. Para rostros redondos, un <strong>bob asim\u00e9trico<\/strong> alarga visualmente las facciones. En caras alargadas, un bob con m\u00e1s volumen lateral equilibra las proporciones.<\/p>\n<p>Descubre <a href=\"https:\/\/www.journee-mondiale.com\/es\/los-5-cortes-para-pelo-rizado-que-dominan-la-primavera-2025-el-tercero-requiere-70-menos-mantenimiento-diario\/\" target=\"_blank\">los cinco cortes para pelo rizado que est\u00e1n marcando tendencia esta primavera<\/a>, incluyendo opciones que requieren m\u00ednimo mantenimiento.<\/p>\n<h2>\u00bfQuieres experimentar sin compromiso?<\/h2>\n<p>Si no est\u00e1s lista para el corte, prueba un <strong>bob temporal<\/strong> con t\u00e9cnicas de peinado que simulen longitudes m\u00e1s cortas. \u00abMuchas clientas quieren probar antes de cortar\u00bb, comenta Elena Fuentes, estilista editorial. \u00abLes ense\u00f1o a crear un falso bob que les permite visualizar el resultado final\u00bb.<\/p>\n<p>\u00bfTe animas a <a href=\"https:\/\/www.journee-mondiale.com\/es\/probe-5-tipos-de-peinado-universal-y-este-cambio-mi-rostro-en-solo-3-dias-el-resultado-me-sorprendio\/\" target=\"_blank\">probar un peinado que puede cambiar la percepci\u00f3n de tu rostro en solo d\u00edas<\/a>? Los resultados pueden sorprenderte gratamente.<\/p>\n<p>\u00bfEst\u00e1s preparada para abrazar el cambio esta primavera? El bob rizado hasta la nuca te espera para transformar no solo tu imagen, sino tambi\u00e9n la relaci\u00f3n con tu cabello. Un corte que es, en esencia, la perfecta combinaci\u00f3n entre libertad y control.<\/p>\n","protected":false},"excerpt":{"rendered":"<p>Primavera, \u00e9poca de renovaci\u00f3n y cambios. \u00bfExiste mejor momento para transformar tu look con un corte que aporte frescura y dinamismo a tu rostro? El bob rizado hasta la nuca se posiciona como el peinado estrella de esta temporada primaveral 2025, combinando la elegancia atemporal del bob cl\u00e1sico con la personalidad que solo unos rizos &#8230; <a title=\"El bob rizado que cambi\u00f3 mi rutina: as\u00ed dom\u00e9 mi volumen rebelde en 10 minutos (la t\u00e9cnica que no esperaba&#8230;)\" class=\"read-more\" href=\"https:\/\/www.journee-mondiale.com\/es\/el-bob-rizado-que-cambio-mi-rutina-asi-dome-mi-volumen-rebelde-en-10-minutos-la-tecnica-que-no-esperaba\/\" aria-label=\"Leer m\u00e1s sobre El bob rizado que cambi\u00f3 mi rutina: as\u00ed dom\u00e9 mi volumen rebelde en 10 minutos (la t\u00e9cnica que no esperaba&#8230;)\">Lire plus<\/a><\/p>\n","protected":false},"author":1,"featured_media":12393,"comment_status":"","ping_status":"","sticky":false,"template":"","format":"standard","meta":{"footnotes":""},"categories":[48],"tags":[],"class_list":["post-12394","post","type-post","status-publish","format-standard","has-post-thumbnail","hentry","category-estilo-de-vida"],"acf":[],"_yoast_wpseo_primary_category":null,"_yoast_wpseo_title":null,"_yoast_wpseo_metadesc":null,"_links":{"self":[{"href":"https:\/\/www.journee-mondiale.com\/es\/wp-json\/wp\/v2\/posts\/12394","targetHints":{"allow":["GET"]}}],"collection":[{"href":"https:\/\/www.journee-mondiale.com\/es\/wp-json\/wp\/v2\/posts"}],"about":[{"href":"https:\/\/www.journee-mondiale.com\/es\/wp-json\/wp\/v2\/types\/post"}],"author":[{"embeddable":true,"href":"https:\/\/www.journee-mondiale.com\/es\/wp-json\/wp\/v2\/users\/1"}],"replies":[{"embeddable":true,"href":"https:\/\/www.journee-mondiale.com\/es\/wp-json\/wp\/v2\/comments?post=12394"}],"version-history":[{"count":0,"href":"https:\/\/www.journee-mondiale.com\/es\/wp-json\/wp\/v2\/posts\/12394\/revisions"}],"wp:featuredmedia":[{"embeddable":true,"href":"https:\/\/www.journee-mondiale.com\/es\/wp-json\/wp\/v2\/media\/12393"}],"wp:attachment":[{"href":"https:\/\/www.journee-mondiale.com\/es\/wp-json\/wp\/v2\/media?parent=12394"}],"wp:term":[{"taxonomy":"category","embeddable":true,"href":"https:\/\/www.journee-mondiale.com\/es\/wp-json\/wp\/v2\/categories?post=12394"},{"taxonomy":"post_tag","embeddable":true,"href":"https:\/\/www.journee-mondiale.com\/es\/wp-json\/wp\/v2\/tags?post=12394"}],"curies":[{"name":"wp","href":"https:\/\/api.w.org\/{rel}","templated":true}]}}