{"id":12390,"date":"2025-03-25T04:00:34","date_gmt":"2025-03-25T03:00:34","guid":{"rendered":"https:\/\/www.journee-mondiale.com\/es\/la-verdad-sobre-nuestra-esperanza-de-vida-mi-descubrimiento-de-5-habitos-que-anaden-24-anos-y-el-factor-olvidado-que-cambio-todo\/"},"modified":"2025-03-25T04:00:34","modified_gmt":"2025-03-25T03:00:34","slug":"la-verdad-sobre-nuestra-esperanza-de-vida-mi-descubrimiento-de-5-habitos-que-anaden-24-anos-y-el-factor-olvidado-que-cambio-todo","status":"publish","type":"post","link":"https:\/\/www.journee-mondiale.com\/es\/la-verdad-sobre-nuestra-esperanza-de-vida-mi-descubrimiento-de-5-habitos-que-anaden-24-anos-y-el-factor-olvidado-que-cambio-todo\/","title":{"rendered":"La verdad sobre nuestra esperanza de vida: mi descubrimiento de 5 h\u00e1bitos que a\u00f1aden 24 a\u00f1os (y el factor olvidado que cambi\u00f3 todo)"},"content":{"rendered":"<p>\u00bfPodr\u00edamos ser la primera generaci\u00f3n en vivir menos que nuestros padres? Esta pregunta inquietante resuena mientras los estudios muestran un preocupante deterioro en nuestra salud colectiva. Sin embargo, la ciencia tambi\u00e9n nos revela que adoptar <strong>h\u00e1bitos espec\u00edficos<\/strong> podr\u00eda no solo detener esta tendencia, sino revertirla por completo. Descubramos qu\u00e9 decisiones diarias pueden realmente prolongar nuestra existencia.<\/p>\n<h2>La paradoja de la longevidad moderna<\/h2>\n<p>A pesar de los avances m\u00e9dicos, estamos observando un fen\u00f3meno alarmante. \u00abPor primera vez en la historia moderna, vemos c\u00f3mo la <strong>expectativa de vida<\/strong> se estanca o incluso retrocede en ciertos grupos poblacionales\u00bb, advierte el Dr. Manuel Serrano, investigador en longevidad del Centro Nacional de Investigaciones Oncol\u00f3gicas. Esta tendencia se atribuye principalmente a nuestros estilos de vida, no a limitaciones m\u00e9dicas.<\/p>\n<h2>Los 5 h\u00e1bitos que verdaderamente alargan la vida<\/h2>\n<p>La Universidad de Harvard ha identificado pr\u00e1cticas que pueden <strong>a\u00f1adir hasta 24 a\u00f1os<\/strong> de vida si se adoptan antes de los 40. Estos no son consejos pasajeros, sino comportamientos respaldados cient\u00edficamente:<\/p>\n<ul>\n<li>Mantener actividad f\u00edsica regular (30 minutos diarios)<\/li>\n<li>Seguir una alimentaci\u00f3n basada en vegetales<\/li>\n<li>Evitar completamente el tabaco<\/li>\n<li>Moderar el consumo de alcohol<\/li>\n<li>Asegurar 7-8 horas de sue\u00f1o reparador<\/li>\n<\/ul>\n<h2>La silenciosa epidemia del sedentarismo infantil<\/h2>\n<p>Los ni\u00f1os de hoy presentan una <strong>disminuci\u00f3n del 15%<\/strong> en resistencia cardiovascular comparados con generaciones anteriores. \u00abEs como si sus corazones hubieran envejecido prematuramente\u00bb, explica la Dra. Elena Mart\u00ednez, cardi\u00f3loga pedi\u00e1trica. Esta situaci\u00f3n est\u00e1 relacionada con el aumento del tiempo frente a pantallas y la reducci\u00f3n de juego activo al aire libre.<\/p>\n<h2>El factor olvidado: la hidrataci\u00f3n cerebral<\/h2>\n<p>Un aspecto frecuentemente ignorado es la <strong>hidrataci\u00f3n adecuada<\/strong>. La <a href=\"https:\/\/www.journee-mondiale.com\/es\/deshidratacion-cerebral-silenciosa-asi-descubri-por-que-perdia-15-de-concentracion-cada-tarde-y-como-recuperarla-en-minutos\/\" target=\"_blank\">deshidrataci\u00f3n cerebral silenciosa<\/a> puede reducir nuestra capacidad cognitiva hasta un 15%. Mantener el cerebro hidratado es tan fundamental como alimentarlo con nutrientes.<\/p>\n<h2>Activar el metabolismo: la clave para evitar enfermedades cr\u00f3nicas<\/h2>\n<p>Practicar rituales matutinos como beber <a href=\"https:\/\/www.journee-mondiale.com\/es\/el-ritual-del-agua-tibia-con-limon-asi-active-mi-metabolismo-para-quemar-144-calorias-adicionales-mi-sorprendente-experiencia-de-3-meses\/\" target=\"_blank\">agua tibia con lim\u00f3n<\/a> puede <strong>activar el metabolismo<\/strong> y ayudar a quemar hasta 144 calor\u00edas adicionales diariamente, creando un escudo natural contra enfermedades metab\u00f3licas que acortan la vida.<\/p>\n<h2>El poder desintoxicante olvidado<\/h2>\n<p>Nuestro cuerpo acumula toxinas diariamente, como un jard\u00edn que necesita mantenimiento constante. Los <a href=\"https:\/\/www.journee-mondiale.com\/es\/zumos-detox-caseros-asi-elimine-las-toxinas-de-mi-cuerpo-y-desperte-con-energia-renovada-cada-manana\/\" target=\"_blank\">zumos detox caseros<\/a> pueden ser herramientas potentes para <strong>eliminar compuestos nocivos<\/strong> y renovar nuestra energ\u00eda vital.<\/p>\n<h2>La revoluci\u00f3n nutricional silenciosa<\/h2>\n<p>Muchos seguimos suplementando con calcio mientras ignoramos la <a href=\"https:\/\/www.journee-mondiale.com\/es\/la-vitamina-k2-descubri-por-que-mis-huesos-se-debilitaban-a-pesar-de-tomar-calcio-y-como-lo-solucione-en-18-meses\/\" target=\"_blank\">vitamina K2<\/a>, crucial para la <strong>salud \u00f3sea<\/strong>. Igualmente importante es consumir <a href=\"https:\/\/www.journee-mondiale.com\/es\/vitamina-c-sin-acido-asi-recupere-mi-digestion-y-por-que-250-mg-podrian-cambiar-tu-inmunidad-diaria\/\" target=\"_blank\">vitamina C sin \u00e1cido<\/a> para fortalecer nuestro sistema inmune sin afectar la digesti\u00f3n.<\/p>\n<h2>Conexiones sociales: el multiplicador de vida<\/h2>\n<p>Las investigaciones demuestran que mantener <strong>relaciones sociales significativas<\/strong> puede ser tan beneficioso como dejar de fumar. Nuestros v\u00ednculos humanos funcionan como un escudo invisible contra el deterioro celular prematuro, reduciendo los niveles de cortisol y promoviendo hormonas beneficiosas.<\/p>\n<p>Mientras enfrentamos desaf\u00edos sin precedentes \u2013 desde la contaminaci\u00f3n ambiental hasta la epidemia de soledad digital \u2013 tenemos tambi\u00e9n m\u00e1s conocimiento que nunca sobre c\u00f3mo extender nuestras vidas saludables. La pregunta crucial no es si viviremos menos que nuestros padres, sino qu\u00e9 haremos hoy con la informaci\u00f3n que podr\u00eda cambiar nuestro ma\u00f1ana. Nuestros h\u00e1bitos diarios no son simples rutinas; son inversiones en tiempo de vida que decidimos hacer cada ma\u00f1ana al despertar.<\/p>\n","protected":false},"excerpt":{"rendered":"<p>\u00bfPodr\u00edamos ser la primera generaci\u00f3n en vivir menos que nuestros padres? Esta pregunta inquietante resuena mientras los estudios muestran un preocupante deterioro en nuestra salud colectiva. Sin embargo, la ciencia tambi\u00e9n nos revela que adoptar h\u00e1bitos espec\u00edficos podr\u00eda no solo detener esta tendencia, sino revertirla por completo. Descubramos qu\u00e9 decisiones diarias pueden realmente prolongar nuestra &#8230; <a title=\"La verdad sobre nuestra esperanza de vida: mi descubrimiento de 5 h\u00e1bitos que a\u00f1aden 24 a\u00f1os (y el factor olvidado que cambi\u00f3 todo)\" class=\"read-more\" href=\"https:\/\/www.journee-mondiale.com\/es\/la-verdad-sobre-nuestra-esperanza-de-vida-mi-descubrimiento-de-5-habitos-que-anaden-24-anos-y-el-factor-olvidado-que-cambio-todo\/\" aria-label=\"Leer m\u00e1s sobre La verdad sobre nuestra esperanza de vida: mi descubrimiento de 5 h\u00e1bitos que a\u00f1aden 24 a\u00f1os (y el factor olvidado que cambi\u00f3 todo)\">Lire plus<\/a><\/p>\n","protected":false},"author":1,"featured_media":12389,"comment_status":"","ping_status":"","sticky":false,"template":"","format":"standard","meta":{"footnotes":""},"categories":[52],"tags":[],"class_list":["post-12390","post","type-post","status-publish","format-standard","has-post-thumbnail","hentry","category-salud"],"acf":[],"_yoast_wpseo_primary_category":null,"_yoast_wpseo_title":null,"_yoast_wpseo_metadesc":null,"_links":{"self":[{"href":"https:\/\/www.journee-mondiale.com\/es\/wp-json\/wp\/v2\/posts\/12390","targetHints":{"allow":["GET"]}}],"collection":[{"href":"https:\/\/www.journee-mondiale.com\/es\/wp-json\/wp\/v2\/posts"}],"about":[{"href":"https:\/\/www.journee-mondiale.com\/es\/wp-json\/wp\/v2\/types\/post"}],"author":[{"embeddable":true,"href":"https:\/\/www.journee-mondiale.com\/es\/wp-json\/wp\/v2\/users\/1"}],"replies":[{"embeddable":true,"href":"https:\/\/www.journee-mondiale.com\/es\/wp-json\/wp\/v2\/comments?post=12390"}],"version-history":[{"count":0,"href":"https:\/\/www.journee-mondiale.com\/es\/wp-json\/wp\/v2\/posts\/12390\/revisions"}],"wp:featuredmedia":[{"embeddable":true,"href":"https:\/\/www.journee-mondiale.com\/es\/wp-json\/wp\/v2\/media\/12389"}],"wp:attachment":[{"href":"https:\/\/www.journee-mondiale.com\/es\/wp-json\/wp\/v2\/media?parent=12390"}],"wp:term":[{"taxonomy":"category","embeddable":true,"href":"https:\/\/www.journee-mondiale.com\/es\/wp-json\/wp\/v2\/categories?post=12390"},{"taxonomy":"post_tag","embeddable":true,"href":"https:\/\/www.journee-mondiale.com\/es\/wp-json\/wp\/v2\/tags?post=12390"}],"curies":[{"name":"wp","href":"https:\/\/api.w.org\/{rel}","templated":true}]}}