{"id":12388,"date":"2025-03-25T04:00:11","date_gmt":"2025-03-25T03:00:11","guid":{"rendered":"https:\/\/www.journee-mondiale.com\/es\/el-regreso-de-isak-andic-asi-transformo-mi-forma-de-vestir-esta-primavera-lo-que-nadie-te-conto-del-visionario-de-mango\/"},"modified":"2025-03-25T04:00:11","modified_gmt":"2025-03-25T03:00:11","slug":"el-regreso-de-isak-andic-asi-transformo-mi-forma-de-vestir-esta-primavera-lo-que-nadie-te-conto-del-visionario-de-mango","status":"publish","type":"post","link":"https:\/\/www.journee-mondiale.com\/es\/el-regreso-de-isak-andic-asi-transformo-mi-forma-de-vestir-esta-primavera-lo-que-nadie-te-conto-del-visionario-de-mango\/","title":{"rendered":"El regreso de Isak Andic: as\u00ed transform\u00f3 mi forma de vestir esta primavera (lo que nadie te cont\u00f3 del visionario de Mango)"},"content":{"rendered":"<p>La <strong>primavera de 2025<\/strong> nos trae el regreso de un icono de la moda que revolucion\u00f3 nuestra forma de vestir. Isak Andic, el visionario detr\u00e1s de Mango, transform\u00f3 la industria espa\u00f1ola convirti\u00e9ndola en un fen\u00f3meno global. Su legado, m\u00e1s vigente que nunca esta temporada, nos recuerda c\u00f3mo este emprendedor logr\u00f3 que Kate Moss luciera dise\u00f1os espa\u00f1oles y envolvi\u00f3 la moda accesible con un aura de lujo inalcanzable.<\/p>\n<h2>El camino de un visionario: de los mercadillos a las pasarelas internacionales<\/h2>\n<p>Nacido en Estambul en 1953, Andic lleg\u00f3 a Barcelona con apenas 14 a\u00f1os. Su historia comenz\u00f3 vendiendo camisetas en mercadillos hasta fundar Mango en 1984, bautizada as\u00ed tras probar esta <strong>fruta ex\u00f3tica<\/strong> durante un viaje a Tailandia.<\/p>\n<p>\u00abIsak deja una huella imborrable gracias a su visi\u00f3n estrat\u00e9gica y liderazgo inspirador\u00bb, afirma Toni Ruiz, actual CEO de Mango, destacando el esp\u00edritu innovador que convirti\u00f3 una peque\u00f1a tienda barcelonesa en un imperio presente en <strong>115 pa\u00edses<\/strong>.<\/p>\n<h2>La democratizaci\u00f3n del lujo: el secreto que revolucion\u00f3 la moda espa\u00f1ola<\/h2>\n<p>El genio de Andic residi\u00f3 en crear prendas con alma de lujo a precios asequibles. Esta primavera, este concepto cobra nueva vida con <a href=\"https:\/\/www.journee-mondiale.com\/es\/el-negro-que-reinventa-mi-primavera-5-tecnicas-para-elevar-outfits-monocromaticos-sin-parecer-monotona\/\" target=\"_blank\">outfits monocrom\u00e1ticos en negro<\/a> que elevan cualquier look sin necesidad de grandes inversiones.<\/p>\n<p>Como se\u00f1ala Marta Ortega de Modaes: \u00abSu visi\u00f3n y compromiso lo convirtieron en un gran referente de la moda espa\u00f1ola\u00bb. La capacidad para equilibrar elegancia y accesibilidad sigue siendo la esencia del <strong>estilo primaveral<\/strong> que Mango propone para 2025.<\/p>\n<h2>El fen\u00f3meno Kate Moss: cuando la moda espa\u00f1ola sedujo a las supermodelos<\/h2>\n<p>En 2011, Andic consigui\u00f3 lo impensable: que Kate Moss, icono mundial, se convirtiera en imagen de Mango. Este movimiento estrat\u00e9gico posicion\u00f3 la <strong>marca espa\u00f1ola<\/strong> en el panorama internacional, demostrando que el dise\u00f1o nacional pod\u00eda competir con las grandes casas de moda.<\/p>\n<p>Esta temporada, el legado se mantiene con la tendencia del <a href=\"https:\/\/www.journee-mondiale.com\/es\/el-bob-con-flequillo-largo-ha-conquistado-la-primavera-2025-el-corte-minimalista-que-rejuvenece-5-anos-los-estilistas-confirman-su-efecto-lifting\/\" target=\"_blank\">bob con flequillo largo<\/a> que arrasa esta primavera, un estilo que realza la elegancia minimalista tan caracter\u00edstica de la marca.<\/p>\n<h2>La expansi\u00f3n global: c\u00f3mo una marca espa\u00f1ola conquist\u00f3 el mundo<\/h2>\n<p>Seg\u00fan Salvador Illa, presidente de la Generalitat: \u00abContribuy\u00f3 a engrandecer Catalu\u00f1a y proyectarla al mundo\u00bb. El modelo de <strong>expansi\u00f3n internacional<\/strong> de Mango contin\u00faa siendo estudiado en escuelas de negocio como ejemplo de \u00e9xito empresarial espa\u00f1ol.<\/p>\n<ul>\n<li>Presencia en m\u00e1s de 115 pa\u00edses<\/li>\n<li>M\u00e1s de 2.700 tiendas en todo el mundo<\/li>\n<li>Adaptaci\u00f3n a mercados locales manteniendo su esencia<\/li>\n<\/ul>\n<h2>La revoluci\u00f3n silenciosa: de Mango Woman a un universo completo<\/h2>\n<p>Andic no se conform\u00f3 con vestir a las mujeres. Progresivamente incorpor\u00f3 l\u00edneas para hombres, ni\u00f1os y decoraci\u00f3n del hogar. Esta visi\u00f3n <strong>360 grados<\/strong> de la moda se complementa hoy con tendencias como el <a href=\"https:\/\/www.journee-mondiale.com\/es\/el-corte-hongo-revoluciona-la-primavera-2025-como-este-peinado-noventero-rejuvenece-7-anos-en-solo-20-minutos-la-transformacion-que-nadie-esperaba\/\" target=\"_blank\">corte hongo que rejuvenece 7 a\u00f1os<\/a>, completando el universo est\u00e9tico que \u00e9l so\u00f1\u00f3.<\/p>\n<h2>El futuro de la moda espa\u00f1ola tras su legado<\/h2>\n<p>Thomas Meyer, experto en moda, afirma: \u00abDeja un legado inmenso que pervivir\u00e1 en todos los que lo conocieron\u00bb. Esta primavera 2025, t\u00e9cnicas como el <a href=\"https:\/\/www.journee-mondiale.com\/es\/transforme-mi-cabello-fino-en-3-semanas-el-metodo-del-secado-invertido-que-triplico-mi-volumen-y-nadie-me-habia-contado\/\" target=\"_blank\">secado invertido para cabello fino<\/a> y el <a href=\"https:\/\/www.journee-mondiale.com\/es\/transforme-mi-rostro-anguloso-con-el-contorneado-difuminado-mi-tecnica-de-maquillaje-para-esta-primavera-que-suavizo-mis-facciones-en-3-pasos\/\" target=\"_blank\">contorneado difuminado para rostros angulosos<\/a> se inspiran en la filosof\u00eda de Andic: democratizar la belleza sin perder <strong>sofisticaci\u00f3n<\/strong>.<\/p>\n<ul>\n<li>Compromiso con la sostenibilidad<\/li>\n<li>Dise\u00f1os atemporales con toques de tendencia<\/li>\n<li>Equilibrio perfecto entre calidad y precio<\/li>\n<\/ul>\n<p>Marcella Wartenbergh, consejera delegada de Awwg, lo calific\u00f3 como \u00abun visionario que lider\u00f3 con dedicaci\u00f3n y creatividad\u00bb. Su filosof\u00eda sigue inspirando la moda espa\u00f1ola esta primavera, record\u00e1ndonos que el verdadero lujo est\u00e1 en la accesibilidad sin renunciar a la elegancia.<\/p>\n","protected":false},"excerpt":{"rendered":"<p>La primavera de 2025 nos trae el regreso de un icono de la moda que revolucion\u00f3 nuestra forma de vestir. Isak Andic, el visionario detr\u00e1s de Mango, transform\u00f3 la industria espa\u00f1ola convirti\u00e9ndola en un fen\u00f3meno global. Su legado, m\u00e1s vigente que nunca esta temporada, nos recuerda c\u00f3mo este emprendedor logr\u00f3 que Kate Moss luciera dise\u00f1os &#8230; <a title=\"El regreso de Isak Andic: as\u00ed transform\u00f3 mi forma de vestir esta primavera (lo que nadie te cont\u00f3 del visionario de Mango)\" class=\"read-more\" href=\"https:\/\/www.journee-mondiale.com\/es\/el-regreso-de-isak-andic-asi-transformo-mi-forma-de-vestir-esta-primavera-lo-que-nadie-te-conto-del-visionario-de-mango\/\" aria-label=\"Leer m\u00e1s sobre El regreso de Isak Andic: as\u00ed transform\u00f3 mi forma de vestir esta primavera (lo que nadie te cont\u00f3 del visionario de Mango)\">Lire plus<\/a><\/p>\n","protected":false},"author":1,"featured_media":12387,"comment_status":"","ping_status":"","sticky":false,"template":"","format":"standard","meta":{"footnotes":""},"categories":[48],"tags":[],"class_list":["post-12388","post","type-post","status-publish","format-standard","has-post-thumbnail","hentry","category-estilo-de-vida"],"acf":[],"_yoast_wpseo_primary_category":null,"_yoast_wpseo_title":null,"_yoast_wpseo_metadesc":null,"_links":{"self":[{"href":"https:\/\/www.journee-mondiale.com\/es\/wp-json\/wp\/v2\/posts\/12388","targetHints":{"allow":["GET"]}}],"collection":[{"href":"https:\/\/www.journee-mondiale.com\/es\/wp-json\/wp\/v2\/posts"}],"about":[{"href":"https:\/\/www.journee-mondiale.com\/es\/wp-json\/wp\/v2\/types\/post"}],"author":[{"embeddable":true,"href":"https:\/\/www.journee-mondiale.com\/es\/wp-json\/wp\/v2\/users\/1"}],"replies":[{"embeddable":true,"href":"https:\/\/www.journee-mondiale.com\/es\/wp-json\/wp\/v2\/comments?post=12388"}],"version-history":[{"count":0,"href":"https:\/\/www.journee-mondiale.com\/es\/wp-json\/wp\/v2\/posts\/12388\/revisions"}],"wp:featuredmedia":[{"embeddable":true,"href":"https:\/\/www.journee-mondiale.com\/es\/wp-json\/wp\/v2\/media\/12387"}],"wp:attachment":[{"href":"https:\/\/www.journee-mondiale.com\/es\/wp-json\/wp\/v2\/media?parent=12388"}],"wp:term":[{"taxonomy":"category","embeddable":true,"href":"https:\/\/www.journee-mondiale.com\/es\/wp-json\/wp\/v2\/categories?post=12388"},{"taxonomy":"post_tag","embeddable":true,"href":"https:\/\/www.journee-mondiale.com\/es\/wp-json\/wp\/v2\/tags?post=12388"}],"curies":[{"name":"wp","href":"https:\/\/api.w.org\/{rel}","templated":true}]}}