{"id":12384,"date":"2025-03-25T02:47:30","date_gmt":"2025-03-25T01:47:30","guid":{"rendered":"https:\/\/www.journee-mondiale.com\/es\/transforme-mi-rostro-anguloso-con-el-contorneado-difuminado-mi-tecnica-de-maquillaje-para-esta-primavera-que-suavizo-mis-facciones-en-3-pasos\/"},"modified":"2025-03-25T02:47:30","modified_gmt":"2025-03-25T01:47:30","slug":"transforme-mi-rostro-anguloso-con-el-contorneado-difuminado-mi-tecnica-de-maquillaje-para-esta-primavera-que-suavizo-mis-facciones-en-3-pasos","status":"publish","type":"post","link":"https:\/\/www.journee-mondiale.com\/es\/transforme-mi-rostro-anguloso-con-el-contorneado-difuminado-mi-tecnica-de-maquillaje-para-esta-primavera-que-suavizo-mis-facciones-en-3-pasos\/","title":{"rendered":"Transform\u00e9 mi rostro anguloso con el contorneado difuminado: mi t\u00e9cnica de maquillaje para esta primavera que suaviz\u00f3 mis facciones en 3 pasos"},"content":{"rendered":"<p>La primavera 2025 trae consigo una renovaci\u00f3n en las t\u00e9cnicas de maquillaje, y una de las m\u00e1s buscadas es el <strong>contorneado difuminado<\/strong> para conseguir un rostro menos anguloso y m\u00e1s natural. Lejos quedaron los d\u00edas de los contornos marcados que dominaban las redes sociales. Descubramos c\u00f3mo esta t\u00e9cnica est\u00e1 transformando rostros este abril, aportando suavidad y definici\u00f3n sin excesos.<\/p>\n<h2>El arte del contorneado sutil: la tendencia primaveral de 2025<\/h2>\n<p>La <strong>primavera<\/strong> nos invita a lucir un maquillaje m\u00e1s fresco y natural. \u00abEl contorneado marcado ha dado paso a t\u00e9cnicas m\u00e1s suaves que realzan la belleza natural sin transformar completamente el rostro\u00bb, explica Mar\u00eda G\u00f3mez, maquilladora del Centro de Est\u00e9tica Primaveral de Madrid. Esta nueva aproximaci\u00f3n resulta perfecta para quienes desean suavizar \u00e1ngulos demasiado pronunciados o simplemente buscan un acabado m\u00e1s natural.<\/p>\n<h2>\u00bfPor qu\u00e9 el contorno difuminado est\u00e1 revolucionando el maquillaje?<\/h2>\n<p>El <strong>contorno difuminado<\/strong> act\u00faa como un escultor sutil que moldea sin evidenciar el trabajo realizado. Seg\u00fan la Dra. Laura Mart\u00ednez, dermat\u00f3loga especializada en est\u00e9tica facial: \u00abUn contorno bien difuminado crea una ilusi\u00f3n \u00f3ptica de definici\u00f3n sin la agresividad visual de l\u00edneas marcadas, siendo m\u00e1s favorable para la salud de la piel a largo plazo\u00bb. Esta t\u00e9cnica es como la diferencia entre un esbozo a l\u00e1piz suave y un dibujo con l\u00edneas gruesas y definidas.<\/p>\n<h2>La ciencia detr\u00e1s del difuminado perfecto<\/h2>\n<p>Para lograr un <strong>difuminado experto<\/strong>, necesitamos entender c\u00f3mo interact\u00faa la luz con nuestro rostro. Los productos cremosos son los grandes aliados de esta primavera, ya que se funden con la piel creando sombras naturales. Complementa tu t\u00e9cnica con <a href=\"https:\/\/www.journee-mondiale.com\/es\/renovacion-primaveral-para-manos-olvidadas-mi-ritual-de-3-pasos-transformo-mis-unas-danadas-lo-que-descubri-sobre-el-envejecimiento\/\" target=\"_blank\">iluminadores y productos para un difuminado experto<\/a> que potenciar\u00e1n el efecto soft-focus tan deseado esta temporada.<\/p>\n<h2>Herramientas esenciales para un contorno invisible<\/h2>\n<p>Las <strong>herramientas adecuadas<\/strong> marcan la diferencia. Una esponja h\u00fameda o una brocha de cerdas densas son fundamentales para conseguir ese acabado aerografiado. \u00abLa herramienta hace al artista; una buena brocha difuminadora es para el maquillaje lo que un pincel fino para un acuarelista\u00bb, comenta el maquillador Carlos Rom\u00e1n. Descubre m\u00e1s sobre las mejores opciones en <a href=\"https:\/\/www.journee-mondiale.com\/es\/transforme-mi-cabello-fino-en-3-semanas-el-metodo-del-secado-invertido-que-triplico-mi-volumen-y-nadie-me-habia-contado\/\" target=\"_blank\">brochas y esponjas para un acabado perfecto<\/a>.<\/p>\n<blockquote><p>\n\u00abEl secreto est\u00e1 en la transici\u00f3n imperceptible entre tonos. Si puedes ver d\u00f3nde empieza y termina el contorno, has fallado en el difuminado\u00bb &#8211; Grace Villarreal, influencer de maquillaje\n<\/p><\/blockquote>\n<h2>T\u00e9cnica paso a paso para rostros menos angulosos<\/h2>\n<p>Para conseguir un <strong>rostro armonioso<\/strong> esta primavera, sigue estos pasos sencillos:<\/p>\n<ul>\n<li>Aplica el contorno en forma de \u00ab3\u00bb desde las sienes hasta debajo del p\u00f3mulo<\/li>\n<li>Difumina siempre hacia arriba con movimientos circulares suaves<\/li>\n<li>Trabaja con capas finas para mayor control y naturalidad<\/li>\n<\/ul>\n<p>El <a href=\"https:\/\/www.journee-mondiale.com\/es\/el-rojo-que-lo-cambio-todo-mi-tecnica-de-labial-difuminado-que-rejuvenecio-mi-rostro-5-anos-esta-primavera\/\" target=\"_blank\">dominio de las t\u00e9cnicas de difuminado<\/a> es esencial para conseguir ese efecto de \u00abbelleza sin esfuerzo\u00bb tan caracter\u00edstico de la temporada.<\/p>\n<h2>El contorneado seg\u00fan tu tipo de rostro primaveral<\/h2>\n<p>No todos los rostros requieren el mismo enfoque. En un <strong>rostro redondo<\/strong> conviene aplicar el contorno en la parte inferior de los p\u00f3mulos para alargar visualmente el rostro. Mientras, en un rostro cuadrado, suaviza las esquinas de la mand\u00edbula con <a href=\"https:\/\/www.journee-mondiale.com\/es\/maquillaje-para-eventos-al-aire-libre-despues-de-los-50-mi-tecnica-del-efecto-desenfocado-que-rejuvenecio-mi-rostro-5-anos-esta-primavera\/\" target=\"_blank\">la t\u00e9cnica del efecto desenfocado<\/a> que est\u00e1 arrasando esta primavera.<\/p>\n<h2>El color perfecto para un bronceado primaveral natural<\/h2>\n<p>Esta primavera 2025, los tonos <strong>terracota suaves<\/strong> est\u00e1n reemplazando a los contornos gris\u00e1ceos. \u00abUn tono m\u00e1s c\u00e1lido imita mejor el bronceado natural que recibe el rostro durante los primeros d\u00edas primaverales\u00bb, explica la maquilladora Ana Torres. Complementa el contorno difuminado con <a href=\"https:\/\/www.journee-mondiale.com\/es\/descubri-que-el-maquillaje-bronceado-rejuvenece-5-anos-mi-tecnica-para-primavera-2025-que-cambio-mi-rostro\/\" target=\"_blank\">un maquillaje bronceado rejuvenecedor<\/a> para un look completamente arm\u00f3nico con la estaci\u00f3n.<\/p>\n<p>\u00bfEst\u00e1s lista para transformar tu rutina de maquillaje esta primavera? El contorneado difuminado no solo suavizar\u00e1 los \u00e1ngulos de tu rostro, sino que te brindar\u00e1 ese aspecto fresco y radiante que todos buscamos cuando florecen los primeros rayos de sol. Recuerda: la belleza m\u00e1s impactante es aquella que parece no tener esfuerzo detr\u00e1s.<\/p>\n","protected":false},"excerpt":{"rendered":"<p>La primavera 2025 trae consigo una renovaci\u00f3n en las t\u00e9cnicas de maquillaje, y una de las m\u00e1s buscadas es el contorneado difuminado para conseguir un rostro menos anguloso y m\u00e1s natural. Lejos quedaron los d\u00edas de los contornos marcados que dominaban las redes sociales. Descubramos c\u00f3mo esta t\u00e9cnica est\u00e1 transformando rostros este abril, aportando suavidad &#8230; <a title=\"Transform\u00e9 mi rostro anguloso con el contorneado difuminado: mi t\u00e9cnica de maquillaje para esta primavera que suaviz\u00f3 mis facciones en 3 pasos\" class=\"read-more\" href=\"https:\/\/www.journee-mondiale.com\/es\/transforme-mi-rostro-anguloso-con-el-contorneado-difuminado-mi-tecnica-de-maquillaje-para-esta-primavera-que-suavizo-mis-facciones-en-3-pasos\/\" aria-label=\"Leer m\u00e1s sobre Transform\u00e9 mi rostro anguloso con el contorneado difuminado: mi t\u00e9cnica de maquillaje para esta primavera que suaviz\u00f3 mis facciones en 3 pasos\">Lire plus<\/a><\/p>\n","protected":false},"author":1,"featured_media":12383,"comment_status":"","ping_status":"","sticky":false,"template":"","format":"standard","meta":{"footnotes":""},"categories":[48],"tags":[],"class_list":["post-12384","post","type-post","status-publish","format-standard","has-post-thumbnail","hentry","category-estilo-de-vida"],"acf":[],"_yoast_wpseo_primary_category":null,"_yoast_wpseo_title":null,"_yoast_wpseo_metadesc":null,"_links":{"self":[{"href":"https:\/\/www.journee-mondiale.com\/es\/wp-json\/wp\/v2\/posts\/12384","targetHints":{"allow":["GET"]}}],"collection":[{"href":"https:\/\/www.journee-mondiale.com\/es\/wp-json\/wp\/v2\/posts"}],"about":[{"href":"https:\/\/www.journee-mondiale.com\/es\/wp-json\/wp\/v2\/types\/post"}],"author":[{"embeddable":true,"href":"https:\/\/www.journee-mondiale.com\/es\/wp-json\/wp\/v2\/users\/1"}],"replies":[{"embeddable":true,"href":"https:\/\/www.journee-mondiale.com\/es\/wp-json\/wp\/v2\/comments?post=12384"}],"version-history":[{"count":0,"href":"https:\/\/www.journee-mondiale.com\/es\/wp-json\/wp\/v2\/posts\/12384\/revisions"}],"wp:featuredmedia":[{"embeddable":true,"href":"https:\/\/www.journee-mondiale.com\/es\/wp-json\/wp\/v2\/media\/12383"}],"wp:attachment":[{"href":"https:\/\/www.journee-mondiale.com\/es\/wp-json\/wp\/v2\/media?parent=12384"}],"wp:term":[{"taxonomy":"category","embeddable":true,"href":"https:\/\/www.journee-mondiale.com\/es\/wp-json\/wp\/v2\/categories?post=12384"},{"taxonomy":"post_tag","embeddable":true,"href":"https:\/\/www.journee-mondiale.com\/es\/wp-json\/wp\/v2\/tags?post=12384"}],"curies":[{"name":"wp","href":"https:\/\/api.w.org\/{rel}","templated":true}]}}