{"id":12378,"date":"2025-03-24T19:28:49","date_gmt":"2025-03-24T18:28:49","guid":{"rendered":"https:\/\/www.journee-mondiale.com\/es\/los-5-cortes-para-pelo-rizado-que-dominan-la-primavera-2025-el-tercero-requiere-70-menos-mantenimiento-diario\/"},"modified":"2025-03-24T19:28:49","modified_gmt":"2025-03-24T18:28:49","slug":"los-5-cortes-para-pelo-rizado-que-dominan-la-primavera-2025-el-tercero-requiere-70-menos-mantenimiento-diario","status":"publish","type":"post","link":"https:\/\/www.journee-mondiale.com\/es\/los-5-cortes-para-pelo-rizado-que-dominan-la-primavera-2025-el-tercero-requiere-70-menos-mantenimiento-diario\/","title":{"rendered":"Los 5 cortes para pelo rizado que dominan la primavera 2025 (el tercero requiere 70% menos mantenimiento diario&#8230;)"},"content":{"rendered":"<p>En plena <strong>primavera de 2025<\/strong>, redescubrir nuestros rizos naturales se ha convertido en la tendencia que domina las pasarelas. Si tienes una melena rizada y buscas un cambio refrescante sin complicaciones diarias, los cortes cortos son tu mejor aliado. \u00bfCansada de batallas matutinas con tu cabello? Te invito a explorar el maravilloso mundo de los cortes que har\u00e1n que tus rizos luzcan definidos y con personalidad, \u00a1sin apenas esfuerzo!<\/p>\n<h2>El renacimiento del pixie rizado: libertad y estilo en minutos<\/h2>\n<p>El <strong>pixie rizado<\/strong> se ha reinventado esta temporada con acabados m\u00e1s suaves pero igualmente atrevidos. \u00abLos cortes pixie se han liberado de las reglas r\u00edgidas; ahora dejamos que los rizos expresen su car\u00e1cter natural con largos variables que enmarcan el rostro\u00bb, explica Mar\u00eda S\u00e1nchez, directora creativa de Curls Studio Barcelona.<\/p>\n<p>Este estilo es perfecto para quienes buscan una transformaci\u00f3n radical pero con mantenimiento m\u00ednimo. Como el viento que despeina ligeramente las hojas de primavera, un pixie rizado se mueve con personalidad propia sin necesitar apenas intervenci\u00f3n.<\/p>\n<h2>Bob rizado: el eterno favorito que sigue conquistando corazones<\/h2>\n<p>El <strong>bob rizado<\/strong> contin\u00faa siendo uno de los cortes m\u00e1s solicitados, especialmente en su versi\u00f3n asim\u00e9trica. Su versatilidad lo ha convertido en el <a href=\"https:\/\/www.journee-mondiale.com\/es\/el-bob-rizado-que-cambio-mi-look-3-meses-con-el-peinado-que-domina-la-primavera-2025-y-como-mantener-el-volumen-perfecto\/\" target=\"_blank\">peinado que domina la primavera 2025<\/a>, aportando volumen sin esfuerzo a todo tipo de rizos.<\/p>\n<blockquote><p>Cuando corto un bob para cabello rizado, siempre pienso en c\u00f3mo respetar\u00e1 el movimiento natural. Un buen bob debe parecer que ha crecido as\u00ed, no que ha sido forzado.<\/p><\/blockquote>\n<h2>Shag rizado: la revoluci\u00f3n desenfadada que triunfa<\/h2>\n<p>El <strong>corte shag<\/strong> ha regresado con fuerza esta primavera, especialmente para rizos. Sus capas desestructuradas crean un efecto despeinado intencional que requiere m\u00ednima intervenci\u00f3n diaria.<\/p>\n<p>Para mantener este corte en su punto, muchas clientas est\u00e1n <a href=\"https:\/\/www.journee-mondiale.com\/es\/transforme-mi-cabello-esta-primavera-con-tintes-temporales-70-menos-dano-y-colores-que-se-van-en-5-lavados\/\" target=\"_blank\">experimentando con tintes temporales<\/a> que realzan la textura sin comprometer la salud capilar.<\/p>\n<h2>La t\u00e9cnica del corte en seco: el secreto de los profesionales<\/h2>\n<p>Para definir perfectamente los rizos, el <strong>corte en seco<\/strong> se ha convertido en el favorito de los estilistas especializados. Esta t\u00e9cnica permite ver exactamente c\u00f3mo cae cada mech\u00f3n, respetando la personalidad \u00fanica de cada rizo.<\/p>\n<ul>\n<li>Evita sorpresas desagradables cuando el cabello se seca<\/li>\n<li>Respeta el volumen natural<\/li>\n<li>Permite personalizar el corte seg\u00fan el patr\u00f3n de rizos<\/li>\n<\/ul>\n<h2>Nutrici\u00f3n y definici\u00f3n: el d\u00fao inseparable del rizo perfecto<\/h2>\n<p>Un buen corte es solo el primer paso. La <strong>nutrici\u00f3n profunda<\/strong> es fundamental para mantener los rizos definidos. Como un jard\u00edn necesita agua y nutrientes, tus rizos requieren hidrataci\u00f3n constante para lucir espl\u00e9ndidos.<\/p>\n<p>Muchas personas con rizos est\u00e1n incorporando <a href=\"https:\/\/www.journee-mondiale.com\/es\/revele-5-vitaminas-que-salvaron-mi-cabello-esta-primavera-lo-que-mi-dermatologa-nunca-me-dijo-sobre-la-caida-estacional\/\" target=\"_blank\">suplementos vitam\u00ednicos<\/a> espec\u00edficos para mejorar la elasticidad y definici\u00f3n de sus rizos desde dentro.<\/p>\n<h2>T\u00e9cnicas de secado que marcan la diferencia<\/h2>\n<p>El <strong>secado con difusor<\/strong> sigue siendo el m\u00e9todo estrella para definir rizos sin esfuerzo. Para cabellos m\u00e1s finos, el <a href=\"https:\/\/www.journee-mondiale.com\/es\/transforme-mi-cabello-fino-esta-primavera-3-tecnicas-que-me-dieron-volumen-real-el-secado-invertido-cambio-todo\/\" target=\"_blank\">secado invertido ha revolucionado<\/a> la forma de conseguir volumen extra sin sacrificar definici\u00f3n.<\/p>\n<ul>\n<li>Seca con la cabeza hacia abajo para mayor volumen<\/li>\n<li>Utiliza temperatura media para evitar encrespamiento<\/li>\n<li>No toques los rizos hasta que est\u00e9n completamente secos<\/li>\n<\/ul>\n<h2>\u00bfUn cambio de estilo que se adapte a cualquier ocasi\u00f3n?<\/h2>\n<p>Los <strong>cortes vers\u00e1tiles<\/strong> como el <a href=\"https:\/\/www.journee-mondiale.com\/es\/probe-5-tipos-de-peinado-universal-y-este-cambio-mi-rostro-en-solo-3-dias-el-resultado-me-sorprendio\/\" target=\"_blank\">bob italiano rizado<\/a> permiten pasar de un look casual a uno elegante sin necesidad de herramientas de calor, simplemente cambiando la direcci\u00f3n de los rizos o a\u00f1adiendo alg\u00fan accesorio.<\/p>\n<p>\u00bfTe animas a liberar tus rizos esta primavera? Recuerda que un buen corte es como una buena inversi\u00f3n: requiere menos mantenimiento diario y aporta beneficios inmediatos. Tus rizos tienen personalidad propia, y el corte perfecto solo debe revelar su belleza natural, no luchar contra ella.<\/p>\n","protected":false},"excerpt":{"rendered":"<p>En plena primavera de 2025, redescubrir nuestros rizos naturales se ha convertido en la tendencia que domina las pasarelas. Si tienes una melena rizada y buscas un cambio refrescante sin complicaciones diarias, los cortes cortos son tu mejor aliado. \u00bfCansada de batallas matutinas con tu cabello? Te invito a explorar el maravilloso mundo de los &#8230; <a title=\"Los 5 cortes para pelo rizado que dominan la primavera 2025 (el tercero requiere 70% menos mantenimiento diario&#8230;)\" class=\"read-more\" href=\"https:\/\/www.journee-mondiale.com\/es\/los-5-cortes-para-pelo-rizado-que-dominan-la-primavera-2025-el-tercero-requiere-70-menos-mantenimiento-diario\/\" aria-label=\"Leer m\u00e1s sobre Los 5 cortes para pelo rizado que dominan la primavera 2025 (el tercero requiere 70% menos mantenimiento diario&#8230;)\">Lire plus<\/a><\/p>\n","protected":false},"author":1,"featured_media":12377,"comment_status":"","ping_status":"","sticky":false,"template":"","format":"standard","meta":{"footnotes":""},"categories":[48],"tags":[],"class_list":["post-12378","post","type-post","status-publish","format-standard","has-post-thumbnail","hentry","category-estilo-de-vida"],"acf":[],"_yoast_wpseo_primary_category":null,"_yoast_wpseo_title":null,"_yoast_wpseo_metadesc":null,"_links":{"self":[{"href":"https:\/\/www.journee-mondiale.com\/es\/wp-json\/wp\/v2\/posts\/12378","targetHints":{"allow":["GET"]}}],"collection":[{"href":"https:\/\/www.journee-mondiale.com\/es\/wp-json\/wp\/v2\/posts"}],"about":[{"href":"https:\/\/www.journee-mondiale.com\/es\/wp-json\/wp\/v2\/types\/post"}],"author":[{"embeddable":true,"href":"https:\/\/www.journee-mondiale.com\/es\/wp-json\/wp\/v2\/users\/1"}],"replies":[{"embeddable":true,"href":"https:\/\/www.journee-mondiale.com\/es\/wp-json\/wp\/v2\/comments?post=12378"}],"version-history":[{"count":0,"href":"https:\/\/www.journee-mondiale.com\/es\/wp-json\/wp\/v2\/posts\/12378\/revisions"}],"wp:featuredmedia":[{"embeddable":true,"href":"https:\/\/www.journee-mondiale.com\/es\/wp-json\/wp\/v2\/media\/12377"}],"wp:attachment":[{"href":"https:\/\/www.journee-mondiale.com\/es\/wp-json\/wp\/v2\/media?parent=12378"}],"wp:term":[{"taxonomy":"category","embeddable":true,"href":"https:\/\/www.journee-mondiale.com\/es\/wp-json\/wp\/v2\/categories?post=12378"},{"taxonomy":"post_tag","embeddable":true,"href":"https:\/\/www.journee-mondiale.com\/es\/wp-json\/wp\/v2\/tags?post=12378"}],"curies":[{"name":"wp","href":"https:\/\/api.w.org\/{rel}","templated":true}]}}