{"id":12366,"date":"2025-03-24T19:22:27","date_gmt":"2025-03-24T18:22:27","guid":{"rendered":"https:\/\/www.journee-mondiale.com\/es\/el-corte-pixie-que-me-quito-7-anos-en-solo-20-minutos-y-por-que-esta-salvando-la-primavera-2025\/"},"modified":"2025-03-24T19:22:27","modified_gmt":"2025-03-24T18:22:27","slug":"el-corte-pixie-que-me-quito-7-anos-en-solo-20-minutos-y-por-que-esta-salvando-la-primavera-2025","status":"publish","type":"post","link":"https:\/\/www.journee-mondiale.com\/es\/el-corte-pixie-que-me-quito-7-anos-en-solo-20-minutos-y-por-que-esta-salvando-la-primavera-2025\/","title":{"rendered":"El corte pixie que me quit\u00f3 7 a\u00f1os en solo 20 minutos (y por qu\u00e9 est\u00e1 salvando la primavera 2025)"},"content":{"rendered":"<p>En la primavera 2025, el corte pixie est\u00e1 experimentando un verdadero renacimiento entre las mujeres maduras. Este estilo atemporal no solo ofrece practicidad, sino que tambi\u00e9n puede <strong>rejuvenecer instant\u00e1neamente<\/strong> cualquier rostro con los toques adecuados. Descubre c\u00f3mo este ic\u00f3nico corte se ha transformado para convertirse en el aliado perfecto de la mujer contempor\u00e1nea que busca renovarse sin complicaciones.<\/p>\n<h2>El poder transformador del pixie en mujeres maduras<\/h2>\n<p>El pixie no es solo un corte; es una declaraci\u00f3n de confianza. <strong>Carmen Ortiz<\/strong>, directora creativa de Scissors Academy Madrid, afirma: \u00abEl pixie bien adaptado puede quitar hasta 7 a\u00f1os visualmente. La clave est\u00e1 en personalizar las proporciones seg\u00fan la estructura facial \u00fanica de cada mujer\u00bb.<\/p>\n<p>Este corte, como una escultura precisa, destaca los mejores rasgos faciales mientras <strong>minimiza sutilmente<\/strong> aquellos que preferimos no enfatizar. Es como tener un marco perfectamente dise\u00f1ado para la obra de arte que es tu rostro.<\/p>\n<h2>Variaciones del pixie que est\u00e1n arrasando esta primavera<\/h2>\n<p>La versatilidad del pixie reside en sus m\u00faltiples interpretaciones. Entre las m\u00e1s solicitadas encontramos:<\/p>\n<ul>\n<li><strong>Pixie con flequillo lateral<\/strong> &#8211; Ideal para suavizar l\u00edneas de expresi\u00f3n en la frente<\/li>\n<li><strong>Pixie texturizado<\/strong> &#8211; Aporta movimiento y volumen al cabello fino<\/li>\n<li><strong>Pixie con nuca degradada<\/strong> &#8211; Estiliza el cuello y aporta modernidad<\/li>\n<\/ul>\n<p>El <a href=\"https:\/\/www.journee-mondiale.com\/es\/el-pixie-con-flequillo-ladeado-esta-rejuveneciendo-rostros-7-anos-en-solo-20-minutos-esto-esta-revolucionando-la-primavera-2025\/\" target=\"_blank\">pixie con flequillo ladeado<\/a> est\u00e1 causando sensaci\u00f3n espec\u00edficamente porque consigue rejuvenecer el rostro de manera inmediata, convirti\u00e9ndose en la opci\u00f3n predilecta para esta temporada.<\/p>\n<h2>C\u00f3mo adaptar el pixie seg\u00fan la forma de tu rostro<\/h2>\n<p>No todos los pixies se crean iguales. <strong>Alejandro Vega<\/strong>, estilista de celebridades, explica: \u00abPara rostros ovalados, casi cualquier variaci\u00f3n funciona perfectamente. En rostros redondos, recomiendo altura en la corona y laterales m\u00e1s definidos para estilizar\u00bb.<\/p>\n<p>Como un vestido a medida, cada pixie debe adaptarse minuciosamente a las particularidades de quien lo lleva. La magia ocurre cuando el estilista comprende que est\u00e1 trabajando con la arquitectura \u00fanica de cada rostro.<\/p>\n<h2>Secretos de mantenimiento que nadie te cuenta<\/h2>\n<p>Contrario a lo que muchas piensan, el pixie requiere ciertos cuidados espec\u00edficos:<\/p>\n<ul>\n<li><strong>Visitas al sal\u00f3n<\/strong> &#8211; Cada 4-6 semanas para mantener la forma<\/li>\n<li><strong>Productos texturizantes<\/strong> &#8211; Esenciales para definir el estilo diariamente<\/li>\n<li><strong>Protecci\u00f3n t\u00e9rmica<\/strong> &#8211; Fundamental si utilizas herramientas de calor<\/li>\n<\/ul>\n<p>Si tu cabello es fino, <a href=\"https:\/\/www.journee-mondiale.com\/es\/transforme-mi-cabello-fino-esta-primavera-3-tecnicas-que-me-dieron-volumen-real-el-secado-invertido-cambio-todo\/\" target=\"_blank\">estas t\u00e9cnicas pueden aportar volumen real<\/a> a tu pixie, potenciando significativamente su efecto rejuvenecedor.<\/p>\n<h2>El color como aliado estrat\u00e9gico del pixie<\/h2>\n<p>El tono adecuado multiplica el efecto renovador del pixie. <strong>Luc\u00eda Fern\u00e1ndez<\/strong>, colorista experta, sostiene: \u00abUn balayage suave alrededor del rostro ilumina la mirada y suaviza el tono general de la piel, creando un efecto lifting instant\u00e1neo\u00bb.<\/p>\n<p>Los <a href=\"https:\/\/www.journee-mondiale.com\/es\/transforme-mi-cabello-esta-primavera-con-tintes-temporales-70-menos-dano-y-colores-que-se-van-en-5-lavados\/\" target=\"_blank\">tintes temporales son perfectos para experimentar<\/a> sin compromiso, permiti\u00e9ndote probar diferentes tonalidades que complementen tu nuevo corte.<\/p>\n<h2>El cuidado nutricional que potencia tu pixie<\/h2>\n<p>Un pixie deslumbrante comienza con un cabello saludable. Las <a href=\"https:\/\/www.journee-mondiale.com\/es\/revele-5-vitaminas-que-salvaron-mi-cabello-esta-primavera-lo-que-mi-dermatologa-nunca-me-dijo-sobre-la-caida-estacional\/\" target=\"_blank\">vitaminas adecuadas pueden transformar la salud capilar<\/a>, especialmente durante los cambios estacionales que afectan su fortaleza y brillo.<\/p>\n<h2>\u00bfPreparada para reinventarte esta primavera?<\/h2>\n<p>El pixie es m\u00e1s que un corte; es una declaraci\u00f3n de libertad y confianza. Como un f\u00e9nix que renace, este estilo te invita a <a href=\"https:\/\/www.journee-mondiale.com\/es\/probe-5-tipos-de-peinado-universal-y-este-cambio-mi-rostro-en-solo-3-dias-el-resultado-me-sorprendio\/\" target=\"_blank\">redescubrir una versi\u00f3n m\u00e1s radiante de ti misma<\/a>. El cambio puede parecer desafiante al principio, pero como toda transformaci\u00f3n significativa, comienza con un primer paso valiente hacia lo nuevo.<\/p>\n","protected":false},"excerpt":{"rendered":"<p>En la primavera 2025, el corte pixie est\u00e1 experimentando un verdadero renacimiento entre las mujeres maduras. Este estilo atemporal no solo ofrece practicidad, sino que tambi\u00e9n puede rejuvenecer instant\u00e1neamente cualquier rostro con los toques adecuados. Descubre c\u00f3mo este ic\u00f3nico corte se ha transformado para convertirse en el aliado perfecto de la mujer contempor\u00e1nea que busca &#8230; <a title=\"El corte pixie que me quit\u00f3 7 a\u00f1os en solo 20 minutos (y por qu\u00e9 est\u00e1 salvando la primavera 2025)\" class=\"read-more\" href=\"https:\/\/www.journee-mondiale.com\/es\/el-corte-pixie-que-me-quito-7-anos-en-solo-20-minutos-y-por-que-esta-salvando-la-primavera-2025\/\" aria-label=\"Leer m\u00e1s sobre El corte pixie que me quit\u00f3 7 a\u00f1os en solo 20 minutos (y por qu\u00e9 est\u00e1 salvando la primavera 2025)\">Lire plus<\/a><\/p>\n","protected":false},"author":1,"featured_media":12365,"comment_status":"","ping_status":"","sticky":false,"template":"","format":"standard","meta":{"footnotes":""},"categories":[48],"tags":[],"class_list":["post-12366","post","type-post","status-publish","format-standard","has-post-thumbnail","hentry","category-estilo-de-vida"],"acf":[],"_yoast_wpseo_primary_category":null,"_yoast_wpseo_title":null,"_yoast_wpseo_metadesc":null,"_links":{"self":[{"href":"https:\/\/www.journee-mondiale.com\/es\/wp-json\/wp\/v2\/posts\/12366","targetHints":{"allow":["GET"]}}],"collection":[{"href":"https:\/\/www.journee-mondiale.com\/es\/wp-json\/wp\/v2\/posts"}],"about":[{"href":"https:\/\/www.journee-mondiale.com\/es\/wp-json\/wp\/v2\/types\/post"}],"author":[{"embeddable":true,"href":"https:\/\/www.journee-mondiale.com\/es\/wp-json\/wp\/v2\/users\/1"}],"replies":[{"embeddable":true,"href":"https:\/\/www.journee-mondiale.com\/es\/wp-json\/wp\/v2\/comments?post=12366"}],"version-history":[{"count":0,"href":"https:\/\/www.journee-mondiale.com\/es\/wp-json\/wp\/v2\/posts\/12366\/revisions"}],"wp:featuredmedia":[{"embeddable":true,"href":"https:\/\/www.journee-mondiale.com\/es\/wp-json\/wp\/v2\/media\/12365"}],"wp:attachment":[{"href":"https:\/\/www.journee-mondiale.com\/es\/wp-json\/wp\/v2\/media?parent=12366"}],"wp:term":[{"taxonomy":"category","embeddable":true,"href":"https:\/\/www.journee-mondiale.com\/es\/wp-json\/wp\/v2\/categories?post=12366"},{"taxonomy":"post_tag","embeddable":true,"href":"https:\/\/www.journee-mondiale.com\/es\/wp-json\/wp\/v2\/tags?post=12366"}],"curies":[{"name":"wp","href":"https:\/\/api.w.org\/{rel}","templated":true}]}}