{"id":12360,"date":"2025-03-24T19:15:28","date_gmt":"2025-03-24T18:15:28","guid":{"rendered":"https:\/\/www.journee-mondiale.com\/es\/vitamina-c-sin-acido-asi-recupere-mi-digestion-y-por-que-250-mg-podrian-cambiar-tu-inmunidad-diaria\/"},"modified":"2025-03-24T19:15:28","modified_gmt":"2025-03-24T18:15:28","slug":"vitamina-c-sin-acido-asi-recupere-mi-digestion-y-por-que-250-mg-podrian-cambiar-tu-inmunidad-diaria","status":"publish","type":"post","link":"https:\/\/www.journee-mondiale.com\/es\/vitamina-c-sin-acido-asi-recupere-mi-digestion-y-por-que-250-mg-podrian-cambiar-tu-inmunidad-diaria\/","title":{"rendered":"Vitamina C sin \u00e1cido: as\u00ed recuper\u00e9 mi digesti\u00f3n (y por qu\u00e9 250 mg podr\u00edan cambiar tu inmunidad diaria)"},"content":{"rendered":"<p>\u00bfAlguna vez has sentido esa sensaci\u00f3n de ardor estomacal despu\u00e9s de tomar un suplemento de vitamina C? No est\u00e1s solo. Mientras que este <strong>nutriente esencial<\/strong> fortalece nuestro sistema inmunol\u00f3gico, su naturaleza \u00e1cida puede convertirse en un verdadero desaf\u00edo para est\u00f3magos sensibles. Descubramos c\u00f3mo la vitamina C sin \u00e1cido puede transformar esta experiencia.<\/p>\n<h2>La revoluci\u00f3n silenciosa de los suplementos no \u00e1cidos<\/h2>\n<p>La <strong>vitamina C tradicional<\/strong> (\u00e1cido asc\u00f3rbico) act\u00faa como un peque\u00f1o ej\u00e9rcito de protecci\u00f3n en nuestro organismo, pero para algunas personas, este ej\u00e9rcito puede ser demasiado agresivo para la delicada mucosa g\u00e1strica. \u00abLos suplementos de vitamina C sin \u00e1cido representan una evoluci\u00f3n necesaria para quienes desean obtener todos los beneficios sin las molestias digestivas\u00bb, explica la Dra. Marina Fern\u00e1ndez, gastroenter\u00f3loga del Hospital La Paz de Madrid.<\/p>\n<p>Estos suplementos, generalmente en forma de <strong>ascorbato de calcio<\/strong> o ascorbato de sodio, mantienen un pH neutral que resulta mucho m\u00e1s amigable con nuestro sistema digestivo. Es como elegir un mensaje en tono conciliador en lugar de una orden imperativa \u2013 ambos comunican lo mismo, pero uno genera menos resistencia.<\/p>\n<h2>\u00bfPor qu\u00e9 nuestro cuerpo necesita esta vitamina vital?<\/h2>\n<p>La vitamina C es como el director de orquesta de muchas funciones corporales <strong>fundamentales<\/strong>:<\/p>\n<ul>\n<li>Potencia la producci\u00f3n de col\u00e1geno, esencial para la piel y articulaciones<\/li>\n<li>Refuerza el sistema inmunol\u00f3gico frente a infecciones<\/li>\n<li>Act\u00faa como potente antioxidante contra el envejecimiento celular<\/li>\n<li>Mejora la absorci\u00f3n del hierro, previniendo anemias<\/li>\n<\/ul>\n<h2>Testimonios reveladores: cuando el cambio marca la diferencia<\/h2>\n<p>Recuerdo el caso de Marta, una paciente de 42 a\u00f1os que hab\u00eda abandonado su suplementaci\u00f3n debido a las constantes molestias g\u00e1stricas. \u00abDespu\u00e9s de cambiar a la <strong>versi\u00f3n no \u00e1cida<\/strong>, pudo retomar su rutina sin interrupciones, notando mejoras significativas en su energ\u00eda diaria tras solo tres semanas\u00bb, comenta el Dr. Luis S\u00e1nchez, nutricionista cl\u00ednico.<\/p>\n<p>La vitamina C es como el agua para una planta \u2013 <a href=\"https:\/\/www.journee-mondiale.com\/es\/deshidratacion-cerebral-silenciosa-asi-descubri-por-que-perdia-15-de-concentracion-cada-tarde-y-como-recuperarla-en-minutos\/\" target=\"_blank\">esencial para mantener nuestras funciones cognitivas<\/a> y celulares hidratadas y funcionando \u00f3ptimamente.<\/p>\n<h2>Gu\u00eda pr\u00e1ctica: \u00bfC\u00f3mo incorporarla correctamente?<\/h2>\n<ul>\n<li>Comenzar con dosis moderadas (250-500 mg) e incrementar gradualmente<\/li>\n<li>Consumirla con las comidas para facilitar su absorci\u00f3n<\/li>\n<li>Elegir productos con <strong>bioflavonoides<\/strong> para potenciar su efecto<\/li>\n<\/ul>\n<p>Al igual que <a href=\"https:\/\/www.journee-mondiale.com\/es\/la-vitamina-k2-descubri-por-que-mis-huesos-se-debilitaban-a-pesar-de-tomar-calcio-y-como-lo-solucione-en-18-meses\/\" target=\"_blank\">la vitamina K2 fortalece nuestros huesos<\/a>, la vitamina C no \u00e1cida fortalece nuestro bienestar sin comprometer nuestro confort digestivo.<\/p>\n<h2>Sinergia perfecta: combinaciones que potencian su efecto<\/h2>\n<p>La vitamina C funciona como un equipo con otros nutrientes. Combinarla con <a href=\"https:\/\/www.journee-mondiale.com\/es\/la-vitamina-b7-salvo-mi-cabello-como-91-de-los-pacientes-restauraron-sus-unas-quebradizas-y-yo-tambien-lo-logre\/\" target=\"_blank\">vitamina B7<\/a> puede mejorar la salud de piel, cabello y u\u00f1as, mientras que su interacci\u00f3n con <strong>antioxidantes<\/strong> como la vitamina E multiplica su capacidad protectora.<\/p>\n<p>Muchos especialistas comparan esta relaci\u00f3n con una orquesta sinf\u00f3nica donde cada instrumento es importante, pero juntos crean una melod\u00eda extraordinaria para nuestra salud.<\/p>\n<h2>Hacia un enfoque integral del bienestar<\/h2>\n<p>Aunque los suplementos son valiosos, recuerda que la alimentaci\u00f3n sigue siendo nuestra principal fuente de nutrientes. Integrar <a href=\"https:\/\/www.journee-mondiale.com\/es\/zumos-detox-caseros-asi-elimine-las-toxinas-de-mi-cuerpo-y-desperte-con-energia-renovada-cada-manana\/\" target=\"_blank\">zumos detox<\/a> y <a href=\"https:\/\/www.journee-mondiale.com\/es\/el-ritual-del-agua-tibia-con-limon-asi-active-mi-metabolismo-para-quemar-144-calorias-adicionales-mi-sorprendente-experiencia-de-3-meses\/\" target=\"_blank\">rituales matutinos<\/a> puede complementar perfectamente tu ingesta de <strong>vitamina C no \u00e1cida<\/strong>.<\/p>\n<p>\u00bfEst\u00e1s listo para disfrutar de todos los beneficios de la vitamina C sin las molestias? Este peque\u00f1o cambio en tu rutina de suplementaci\u00f3n podr\u00eda marcar una diferencia significativa en tu bienestar diario, permiti\u00e9ndote fortalecer tu sistema inmunol\u00f3gico con delicadeza y efectividad. Tu est\u00f3mago te lo agradecer\u00e1.<\/p>\n","protected":false},"excerpt":{"rendered":"<p>\u00bfAlguna vez has sentido esa sensaci\u00f3n de ardor estomacal despu\u00e9s de tomar un suplemento de vitamina C? No est\u00e1s solo. Mientras que este nutriente esencial fortalece nuestro sistema inmunol\u00f3gico, su naturaleza \u00e1cida puede convertirse en un verdadero desaf\u00edo para est\u00f3magos sensibles. Descubramos c\u00f3mo la vitamina C sin \u00e1cido puede transformar esta experiencia. La revoluci\u00f3n silenciosa &#8230; <a title=\"Vitamina C sin \u00e1cido: as\u00ed recuper\u00e9 mi digesti\u00f3n (y por qu\u00e9 250 mg podr\u00edan cambiar tu inmunidad diaria)\" class=\"read-more\" href=\"https:\/\/www.journee-mondiale.com\/es\/vitamina-c-sin-acido-asi-recupere-mi-digestion-y-por-que-250-mg-podrian-cambiar-tu-inmunidad-diaria\/\" aria-label=\"Leer m\u00e1s sobre Vitamina C sin \u00e1cido: as\u00ed recuper\u00e9 mi digesti\u00f3n (y por qu\u00e9 250 mg podr\u00edan cambiar tu inmunidad diaria)\">Lire plus<\/a><\/p>\n","protected":false},"author":1,"featured_media":12359,"comment_status":"","ping_status":"","sticky":false,"template":"","format":"standard","meta":{"footnotes":""},"categories":[52],"tags":[],"class_list":["post-12360","post","type-post","status-publish","format-standard","has-post-thumbnail","hentry","category-salud"],"acf":[],"_yoast_wpseo_primary_category":null,"_yoast_wpseo_title":null,"_yoast_wpseo_metadesc":null,"_links":{"self":[{"href":"https:\/\/www.journee-mondiale.com\/es\/wp-json\/wp\/v2\/posts\/12360","targetHints":{"allow":["GET"]}}],"collection":[{"href":"https:\/\/www.journee-mondiale.com\/es\/wp-json\/wp\/v2\/posts"}],"about":[{"href":"https:\/\/www.journee-mondiale.com\/es\/wp-json\/wp\/v2\/types\/post"}],"author":[{"embeddable":true,"href":"https:\/\/www.journee-mondiale.com\/es\/wp-json\/wp\/v2\/users\/1"}],"replies":[{"embeddable":true,"href":"https:\/\/www.journee-mondiale.com\/es\/wp-json\/wp\/v2\/comments?post=12360"}],"version-history":[{"count":0,"href":"https:\/\/www.journee-mondiale.com\/es\/wp-json\/wp\/v2\/posts\/12360\/revisions"}],"wp:featuredmedia":[{"embeddable":true,"href":"https:\/\/www.journee-mondiale.com\/es\/wp-json\/wp\/v2\/media\/12359"}],"wp:attachment":[{"href":"https:\/\/www.journee-mondiale.com\/es\/wp-json\/wp\/v2\/media?parent=12360"}],"wp:term":[{"taxonomy":"category","embeddable":true,"href":"https:\/\/www.journee-mondiale.com\/es\/wp-json\/wp\/v2\/categories?post=12360"},{"taxonomy":"post_tag","embeddable":true,"href":"https:\/\/www.journee-mondiale.com\/es\/wp-json\/wp\/v2\/tags?post=12360"}],"curies":[{"name":"wp","href":"https:\/\/api.w.org\/{rel}","templated":true}]}}