{"id":12356,"date":"2025-03-24T19:10:27","date_gmt":"2025-03-24T18:10:27","guid":{"rendered":"https:\/\/www.journee-mondiale.com\/es\/guantes-en-primavera-mi-descubrimiento-redujo-el-envejecimiento-de-mis-manos-un-20-y-no-es-lo-que-piensas\/"},"modified":"2025-03-24T19:10:27","modified_gmt":"2025-03-24T18:10:27","slug":"guantes-en-primavera-mi-descubrimiento-redujo-el-envejecimiento-de-mis-manos-un-20-y-no-es-lo-que-piensas","status":"publish","type":"post","link":"https:\/\/www.journee-mondiale.com\/es\/guantes-en-primavera-mi-descubrimiento-redujo-el-envejecimiento-de-mis-manos-un-20-y-no-es-lo-que-piensas\/","title":{"rendered":"Guantes en primavera: mi descubrimiento redujo el envejecimiento de mis manos un 20% (y no es lo que piensas)"},"content":{"rendered":"<p>La primavera 2025 trae consigo una tendencia que revoluciona el <strong>concepto tradicional de los accesorios<\/strong>: los guantes como complemento de moda. Este elemento, hist\u00f3ricamente relegado al invierno, resurge con fuerza transform\u00e1ndose en un aliado inesperado para quienes buscan elevar su imagen mientras cuidan la salud de sus manos. Descubre c\u00f3mo este accesorio puede convertirse en tu mejor aliado para una renovaci\u00f3n est\u00e9tica y funcional esta temporada.<\/p>\n<h2>El resurgimiento de un cl\u00e1sico: por qu\u00e9 los guantes est\u00e1n de vuelta<\/h2>\n<p>Los guantes han experimentado una <strong>transformaci\u00f3n radical<\/strong> en su concepci\u00f3n y uso. \u00abLos guantes de piel son un accesorio atemporal que aporta sofisticaci\u00f3n instant\u00e1nea a cualquier look primaveral\u00bb, explica Ana G\u00f3mez, asesora de imagen y especialista en tendencias de temporada. Este renacimiento no es casualidad: estudios recientes demuestran que nuestras manos envejecen hasta un 20% m\u00e1s r\u00e1pido que el rostro, convirti\u00e9ndose en delatoras silenciosas de nuestra edad.<\/p>\n<h2>Beneficios para la salud que nadie te hab\u00eda contado<\/h2>\n<p>M\u00e1s all\u00e1 de la est\u00e9tica, los guantes primaverales ofrecen <strong>protecci\u00f3n contra los rayos UV<\/strong>, responsables del 80% del envejecimiento prematuro de la piel. La Dra. Carmen V\u00e1zquez, dermat\u00f3loga del Centro de Salud Integral de Madrid, se\u00f1ala: \u00abIncorporar guantes ligeros durante actividades al aire libre puede reducir significativamente la aparici\u00f3n de manchas solares y prevenir el da\u00f1o cut\u00e1neo, especialmente en personas con tendencia a la hiperpigmentaci\u00f3n\u00bb.<\/p>\n<p>Complementa este cuidado con un <a href=\"https:\/\/www.journee-mondiale.com\/es\/renovacion-primaveral-para-manos-olvidadas-mi-ritual-de-3-pasos-transformo-mis-unas-danadas-lo-que-descubri-sobre-el-envejecimiento\/\" target=\"_blank\">ritual de renovaci\u00f3n primaveral para manos<\/a> que potenciar\u00e1 los resultados.<\/p>\n<h2>\u00bfCu\u00e1les son las opciones m\u00e1s saludables para la primavera 2025?<\/h2>\n<ul>\n<li>Guantes de algod\u00f3n org\u00e1nico: permiten la transpiraci\u00f3n mientras protegen<\/li>\n<li>Modelos con factor de protecci\u00f3n solar incorporado<\/li>\n<li>Versiones con hidratantes microencapsulados que nutren mientras los usas<\/li>\n<\/ul>\n<h2>La revoluci\u00f3n de los materiales sostenibles<\/h2>\n<p>La <strong>sostenibilidad<\/strong> marca tendencia en 2025. \u00abLos consumidores buscan no solo estilo, sino tambi\u00e9n responsabilidad ambiental en sus compras\u00bb, afirma Sof\u00eda Rodr\u00edguez, experta en moda \u00e9tica. Los guantes fabricados con materiales reciclados o derivados de fuentes renovables est\u00e1n ganando popularidad, funcionando como una segunda piel que respeta tanto nuestro cuerpo como el planeta.<\/p>\n<p>Esta conciencia ecol\u00f3gica combina perfectamente con otras tendencias como los <a href=\"https:\/\/www.journee-mondiale.com\/es\/los-jeans-oscuros-que-cambie-a-los-50-anos-y-redujeron-visualmente-mi-cintura-4-cm-este-es-mi-secreto-para-primavera-2025\/\" target=\"_blank\">jeans oscuros que estilizan la figura<\/a> o los <a href=\"https:\/\/www.journee-mondiale.com\/es\/botines-blancos-minimalistas-mi-descubrimiento-para-reducir-la-ansiedad-un-25-esta-primavera\/\" target=\"_blank\">botines blancos minimalistas<\/a> que completan un look consciente.<\/p>\n<h2>C\u00f3mo incorporarlos a tu rutina diaria sin parecer exc\u00e9ntrico<\/h2>\n<p>El <strong>equilibrio<\/strong> es fundamental. Los expertos recomiendan comenzar con:<\/p>\n<ul>\n<li>Modelos neutros para ocasiones formales<\/li>\n<li>Estampados vibrantes para situaciones casuales<\/li>\n<li>Versiones cortas que dejan respirar las mu\u00f1ecas<\/li>\n<\/ul>\n<h2>La conexi\u00f3n inesperada con el bienestar emocional<\/h2>\n<p>Curiosamente, algunos estudios preliminares sugieren que el uso de guantes puede crear una <strong>barrera psicol\u00f3gica positiva<\/strong>. \u00abEs como establecer un l\u00edmite entre el exterior y nuestro espacio personal, reduciendo la ansiedad hasta en un 15% en entornos sociales\u00bb, comenta el Dr. Alejandro Jim\u00e9nez, psic\u00f3logo especialista en imagen corporal.<\/p>\n<p>Esta sensaci\u00f3n de protecci\u00f3n combina perfectamente con otros rituales de cuidado personal como <a href=\"https:\/\/www.journee-mondiale.com\/es\/el-ritual-que-salvo-mi-cabello-a-los-50-3-productos-para-un-look-pulido-esta-primavera-lo-que-nadie-me-advirtio\/\" target=\"_blank\">el ritual capilar que rejuvenece la imagen<\/a>.<\/p>\n<h2>\u00bfEl complemento definitivo para tu manicura?<\/h2>\n<p>Los guantes se transforman en el <strong>marco perfecto<\/strong> para destacar tus u\u00f1as. Considera combinarlos con la tendencia de <a href=\"https:\/\/www.journee-mondiale.com\/es\/probe-la-manicura-reverse-french-esta-primavera-3-tonos-que-rejuvenecieron-mis-manos-y-por-que-esta-reemplazando-a-la-francesa-tradicional\/\" target=\"_blank\">manicura reverse french<\/a>, creando un conjunto que realza la juventud de tus manos.<\/p>\n<p>\u00bfEst\u00e1s listo para abrazar esta tendencia que fusiona moda y bienestar? La primavera 2025 nos invita a redescubrir este accesorio cl\u00e1sico con una perspectiva renovada, donde cada par de guantes se convierte en una declaraci\u00f3n de autocuidado tanto f\u00edsico como emocional. Tu piel te lo agradecer\u00e1 y tu estilo alcanzar\u00e1 una nueva dimensi\u00f3n.<\/p>\n","protected":false},"excerpt":{"rendered":"<p>La primavera 2025 trae consigo una tendencia que revoluciona el concepto tradicional de los accesorios: los guantes como complemento de moda. Este elemento, hist\u00f3ricamente relegado al invierno, resurge con fuerza transform\u00e1ndose en un aliado inesperado para quienes buscan elevar su imagen mientras cuidan la salud de sus manos. Descubre c\u00f3mo este accesorio puede convertirse en &#8230; <a title=\"Guantes en primavera: mi descubrimiento redujo el envejecimiento de mis manos un 20% (y no es lo que piensas)\" class=\"read-more\" href=\"https:\/\/www.journee-mondiale.com\/es\/guantes-en-primavera-mi-descubrimiento-redujo-el-envejecimiento-de-mis-manos-un-20-y-no-es-lo-que-piensas\/\" aria-label=\"Leer m\u00e1s sobre Guantes en primavera: mi descubrimiento redujo el envejecimiento de mis manos un 20% (y no es lo que piensas)\">Lire plus<\/a><\/p>\n","protected":false},"author":1,"featured_media":12355,"comment_status":"","ping_status":"","sticky":false,"template":"","format":"standard","meta":{"footnotes":""},"categories":[48],"tags":[],"class_list":["post-12356","post","type-post","status-publish","format-standard","has-post-thumbnail","hentry","category-estilo-de-vida"],"acf":[],"_yoast_wpseo_primary_category":null,"_yoast_wpseo_title":null,"_yoast_wpseo_metadesc":null,"_links":{"self":[{"href":"https:\/\/www.journee-mondiale.com\/es\/wp-json\/wp\/v2\/posts\/12356","targetHints":{"allow":["GET"]}}],"collection":[{"href":"https:\/\/www.journee-mondiale.com\/es\/wp-json\/wp\/v2\/posts"}],"about":[{"href":"https:\/\/www.journee-mondiale.com\/es\/wp-json\/wp\/v2\/types\/post"}],"author":[{"embeddable":true,"href":"https:\/\/www.journee-mondiale.com\/es\/wp-json\/wp\/v2\/users\/1"}],"replies":[{"embeddable":true,"href":"https:\/\/www.journee-mondiale.com\/es\/wp-json\/wp\/v2\/comments?post=12356"}],"version-history":[{"count":0,"href":"https:\/\/www.journee-mondiale.com\/es\/wp-json\/wp\/v2\/posts\/12356\/revisions"}],"wp:featuredmedia":[{"embeddable":true,"href":"https:\/\/www.journee-mondiale.com\/es\/wp-json\/wp\/v2\/media\/12355"}],"wp:attachment":[{"href":"https:\/\/www.journee-mondiale.com\/es\/wp-json\/wp\/v2\/media?parent=12356"}],"wp:term":[{"taxonomy":"category","embeddable":true,"href":"https:\/\/www.journee-mondiale.com\/es\/wp-json\/wp\/v2\/categories?post=12356"},{"taxonomy":"post_tag","embeddable":true,"href":"https:\/\/www.journee-mondiale.com\/es\/wp-json\/wp\/v2\/tags?post=12356"}],"curies":[{"name":"wp","href":"https:\/\/api.w.org\/{rel}","templated":true}]}}