{"id":12348,"date":"2025-03-24T18:59:53","date_gmt":"2025-03-24T17:59:53","guid":{"rendered":"https:\/\/www.journee-mondiale.com\/es\/transforme-mi-cabello-esta-primavera-con-tintes-temporales-70-menos-dano-y-colores-que-se-van-en-5-lavados\/"},"modified":"2025-03-24T18:59:53","modified_gmt":"2025-03-24T17:59:53","slug":"transforme-mi-cabello-esta-primavera-con-tintes-temporales-70-menos-dano-y-colores-que-se-van-en-5-lavados","status":"publish","type":"post","link":"https:\/\/www.journee-mondiale.com\/es\/transforme-mi-cabello-esta-primavera-con-tintes-temporales-70-menos-dano-y-colores-que-se-van-en-5-lavados\/","title":{"rendered":"Transform\u00e9 mi cabello esta primavera con tintes temporales: 70% menos da\u00f1o y colores que se van en 5 lavados"},"content":{"rendered":"<p>\u00bfAlguna vez so\u00f1aste con cambiar tu look sin comprometerte a largo plazo? La <strong>primavera de 2025<\/strong> trae consigo una explosi\u00f3n de colores y posibilidades con los tintes temporales. Estos productos milagrosos est\u00e1n revolucionando la forma en que experimentamos con nuestro cabello, permiti\u00e9ndonos expresar nuestra creatividad sin da\u00f1ar nuestras melenas.<\/p>\n<h2>La revoluci\u00f3n de los tintes temporales esta primavera<\/h2>\n<p>Los tintes temporales se han convertido en la opci\u00f3n preferida para quienes buscan renovar su imagen sin compromisos. \u00abLa primavera es la estaci\u00f3n perfecta para atreverse con nuevos colores. Los tintes temporales permiten experimentar sin miedo, ya que se eliminan en pocos lavados\u00bb, explica <strong>Mar\u00eda Garc\u00eda<\/strong>, estilista de Dalire y experta en coloraci\u00f3n.<\/p>\n<p>Esta primavera 2025, los tonos pastel y met\u00e1licos lideran las tendencias. El <strong>rosa empolvado<\/strong>, el lavanda y los azules suaves ofrecen opciones rom\u00e1nticas y frescas, perfectas para la temporada del renacimiento natural.<\/p>\n<h2>Beneficios que transformar\u00e1n tu experiencia capilar<\/h2>\n<p>Los tintes temporales ofrecen ventajas significativas frente a los permanentes:<\/p>\n<ul>\n<li>No contienen amoniaco ni oxidantes agresivos<\/li>\n<li>Se eliminan gradualmente con cada lavado<\/li>\n<li>Permiten probar colores atrevidos sin compromisos<\/li>\n<li>Son ideales para eventos especiales o cambios estacionales<\/li>\n<\/ul>\n<p>\u00abLos tintes sin amoniaco son hasta un <strong>70% menos agresivos<\/strong> con la fibra capilar, lo que permite mantener la salud y brillo del cabello incluso despu\u00e9s de la coloraci\u00f3n\u00bb, se\u00f1ala <strong>Jayla Hutchinson<\/strong>, qu\u00edmica especializada en cosm\u00e9tica capilar.<\/p>\n<h2>Opciones sostenibles para un planeta m\u00e1s sano<\/h2>\n<p>La tendencia hacia la <strong>sostenibilidad<\/strong> tambi\u00e9n ha llegado al mundo de la coloraci\u00f3n temporal. \u00abLa vida es para experimentar, pero sin da\u00f1ar ni nuestro cabello ni el medio ambiente\u00bb, afirma el equipo de Pony Crew, marca pionera en tintes veganos y eco-friendly.<\/p>\n<p>Productos como <strong>K\u00fc\u00fcl Tintes Fantas\u00eda<\/strong> y <strong>L&#8217;Oreal Spray &#8216;Colorista&#8217;<\/strong> ofrecen alternativas formuladas con ingredientes naturales que reducen el impacto ambiental sin sacrificar la intensidad del color.<\/p>\n<h2>Consejos profesionales para aplicar tintes temporales<\/h2>\n<p>Para obtener resultados \u00f3ptimos con tus tintes temporales esta primavera, considera estos consejos expertos:<\/p>\n<ul>\n<li>Aplica el producto sobre cabello limpio y seco<\/li>\n<li>Usa guantes para evitar manchas en las manos<\/li>\n<li>Protege la zona del cuello y orejas con vaselina<\/li>\n<\/ul>\n<p>Si buscas aumentar el volumen mientras experimentas con color, el <strong>m\u00e9todo del secado invertido<\/strong> puede ser tu aliado perfecto. <a href=\"https:\/\/www.journee-mondiale.com\/es\/como-transforme-mi-cabello-fino-en-3-semanas-el-metodo-del-secado-invertido-que-triplico-mi-volumen-y-nadie-me-habia-contado\/\" target=\"_blank\">Esta t\u00e9cnica revolucionaria<\/a> puede triplicar el volumen de tu cabello mientras disfrutas de tu nuevo tono.<\/p>\n<h2>Cuidados esenciales despu\u00e9s de la coloraci\u00f3n<\/h2>\n<p>\u00abDespu\u00e9s de aplicar cualquier tipo de tinte, incluso los temporales, es fundamental <strong>nutrir el cabello<\/strong> con tratamientos espec\u00edficos\u00bb, recomienda L&#8217;Or\u00e9al Paris. Para mantener tu melena saludable, <a href=\"https:\/\/www.journee-mondiale.com\/es\/revele-5-vitaminas-que-salvaron-mi-cabello-esta-primavera-lo-que-mi-dermatologa-nunca-me-dijo-sobre-la-caida-estacional\/\" target=\"_blank\">estas 5 vitaminas esenciales<\/a> pueden hacer milagros, especialmente durante la ca\u00edda estacional.<\/p>\n<p>Para cabello fino que necesita un extra de cuidado, <a href=\"https:\/\/www.journee-mondiale.com\/es\/transforme-mi-cabello-fino-esta-primavera-3-tecnicas-que-me-dieron-volumen-real-el-secado-invertido-cambio-todo\/\" target=\"_blank\">estas t\u00e9cnicas transformadoras<\/a> te permitir\u00e1n lucir un color vibrante sin sacrificar el volumen.<\/p>\n<h2>\u00bfC\u00f3mo mantener la intensidad del color?<\/h2>\n<p>Para quienes buscan prolongar la duraci\u00f3n de sus tintes temporales, <a href=\"https:\/\/www.journee-mondiale.com\/es\/el-ritual-que-salvo-mi-cabello-a-los-50-3-productos-para-un-look-pulido-esta-primavera-lo-que-nadie-me-advirtio\/\" target=\"_blank\">este ritual con 3 productos clave<\/a> puede salvar tu coloraci\u00f3n esta primavera. Adem\u00e1s, <a href=\"https:\/\/www.journee-mondiale.com\/es\/el-ritual-matutino-que-transformo-mi-cabello-3-minutos-para-un-liso-imposible-de-alterar-esto-cambio-todo\/\" target=\"_blank\">una rutina matutina de solo 3 minutos<\/a> puede asegurar que tu cabello luzca perfecto mientras disfrutas de tu color temporal.<\/p>\n<p>Esta primavera, los tintes temporales nos invitan a jugar con nuestra imagen como si nuestro cabello fuera un lienzo en blanco. \u00bfTe atrever\u00e1s a experimentar con el color sin compromisos ni da\u00f1os? Tu pr\u00f3xima aventura capilar est\u00e1 esperando, y nunca hab\u00eda sido tan segura y divertida.<\/p>\n","protected":false},"excerpt":{"rendered":"<p>\u00bfAlguna vez so\u00f1aste con cambiar tu look sin comprometerte a largo plazo? La primavera de 2025 trae consigo una explosi\u00f3n de colores y posibilidades con los tintes temporales. Estos productos milagrosos est\u00e1n revolucionando la forma en que experimentamos con nuestro cabello, permiti\u00e9ndonos expresar nuestra creatividad sin da\u00f1ar nuestras melenas. La revoluci\u00f3n de los tintes temporales &#8230; <a title=\"Transform\u00e9 mi cabello esta primavera con tintes temporales: 70% menos da\u00f1o y colores que se van en 5 lavados\" class=\"read-more\" href=\"https:\/\/www.journee-mondiale.com\/es\/transforme-mi-cabello-esta-primavera-con-tintes-temporales-70-menos-dano-y-colores-que-se-van-en-5-lavados\/\" aria-label=\"Leer m\u00e1s sobre Transform\u00e9 mi cabello esta primavera con tintes temporales: 70% menos da\u00f1o y colores que se van en 5 lavados\">Lire plus<\/a><\/p>\n","protected":false},"author":1,"featured_media":12347,"comment_status":"","ping_status":"","sticky":false,"template":"","format":"standard","meta":{"footnotes":""},"categories":[48],"tags":[],"class_list":["post-12348","post","type-post","status-publish","format-standard","has-post-thumbnail","hentry","category-estilo-de-vida"],"acf":[],"_yoast_wpseo_primary_category":null,"_yoast_wpseo_title":null,"_yoast_wpseo_metadesc":null,"_links":{"self":[{"href":"https:\/\/www.journee-mondiale.com\/es\/wp-json\/wp\/v2\/posts\/12348","targetHints":{"allow":["GET"]}}],"collection":[{"href":"https:\/\/www.journee-mondiale.com\/es\/wp-json\/wp\/v2\/posts"}],"about":[{"href":"https:\/\/www.journee-mondiale.com\/es\/wp-json\/wp\/v2\/types\/post"}],"author":[{"embeddable":true,"href":"https:\/\/www.journee-mondiale.com\/es\/wp-json\/wp\/v2\/users\/1"}],"replies":[{"embeddable":true,"href":"https:\/\/www.journee-mondiale.com\/es\/wp-json\/wp\/v2\/comments?post=12348"}],"version-history":[{"count":0,"href":"https:\/\/www.journee-mondiale.com\/es\/wp-json\/wp\/v2\/posts\/12348\/revisions"}],"wp:featuredmedia":[{"embeddable":true,"href":"https:\/\/www.journee-mondiale.com\/es\/wp-json\/wp\/v2\/media\/12347"}],"wp:attachment":[{"href":"https:\/\/www.journee-mondiale.com\/es\/wp-json\/wp\/v2\/media?parent=12348"}],"wp:term":[{"taxonomy":"category","embeddable":true,"href":"https:\/\/www.journee-mondiale.com\/es\/wp-json\/wp\/v2\/categories?post=12348"},{"taxonomy":"post_tag","embeddable":true,"href":"https:\/\/www.journee-mondiale.com\/es\/wp-json\/wp\/v2\/tags?post=12348"}],"curies":[{"name":"wp","href":"https:\/\/api.w.org\/{rel}","templated":true}]}}