{"id":12340,"date":"2025-03-24T18:45:25","date_gmt":"2025-03-24T17:45:25","guid":{"rendered":"https:\/\/www.journee-mondiale.com\/es\/la-vitamina-k2-descubri-por-que-mis-huesos-se-debilitaban-a-pesar-de-tomar-calcio-y-como-lo-solucione-en-18-meses\/"},"modified":"2025-03-24T18:45:25","modified_gmt":"2025-03-24T17:45:25","slug":"la-vitamina-k2-descubri-por-que-mis-huesos-se-debilitaban-a-pesar-de-tomar-calcio-y-como-lo-solucione-en-18-meses","status":"publish","type":"post","link":"https:\/\/www.journee-mondiale.com\/es\/la-vitamina-k2-descubri-por-que-mis-huesos-se-debilitaban-a-pesar-de-tomar-calcio-y-como-lo-solucione-en-18-meses\/","title":{"rendered":"La vitamina K2: Descubr\u00ed por qu\u00e9 mis huesos se debilitaban a pesar de tomar calcio (y c\u00f3mo lo solucion\u00e9 en 18 meses)"},"content":{"rendered":"<p>Descubramos el tesoro nutricional que podr\u00eda estar faltando en tu dieta: la vitamina K2. Mientras muchos conocemos la importancia del calcio para mantener huesos fuertes, pocas personas son conscientes de que, sin suficiente vitamina K2, ese calcio podr\u00eda no llegar a su destino correcto. Es como tener todos los materiales para construir una casa, pero sin los obreros que sepan d\u00f3nde colocarlos.<\/p>\n<h2>El director de tr\u00e1fico mineral que tu cuerpo necesita<\/h2>\n<p>La vitamina K2, tambi\u00e9n conocida como menaquinona, act\u00faa como un verdadero \u00abdirector de tr\u00e1fico\u00bb para el calcio en nuestro organismo. Su funci\u00f3n principal es activar una prote\u00edna llamada <strong>osteocalcina<\/strong>, responsable de fijar el calcio en los huesos y dientes, evitando que se acumule en arterias y tejidos blandos.<\/p>\n<p>\u00abSin suficiente vitamina K2, podemos estar consumiendo todo el calcio del mundo y aun as\u00ed tener huesos d\u00e9biles, mientras nuestras arterias se calcifican progresivamente\u00bb, advierte la <strong>Dra. Carmen Vidal<\/strong>, endocrin\u00f3loga especializada en metabolismo \u00f3seo del Hospital La Paz de Madrid.<\/p>\n<h2>La sinergia perfecta: K2 y D3, un d\u00fao inseparable<\/h2>\n<p>As\u00ed como <a href=\"https:\/\/www.journee-mondiale.com\/es\/como-recupere-la-produccion-de-colageno\/\" target=\"_blank\">necesitamos col\u00e1geno para mantener la estructura de nuestra piel<\/a>, nuestros huesos requieren la acci\u00f3n conjunta de las vitaminas K2 y D3. Mientras la D3 aumenta la absorci\u00f3n de calcio, la K2 asegura que ese calcio llegue a los huesos.<\/p>\n<ul>\n<li>La vitamina D3 absorbe el calcio del intestino<\/li>\n<li>La vitamina K2 dirige el calcio hacia los huesos<\/li>\n<li>Juntas previenen la calcificaci\u00f3n arterial<\/li>\n<\/ul>\n<h2>La historia de Mar\u00eda: cuando el calcio no era suficiente<\/h2>\n<p>Mar\u00eda, de 58 a\u00f1os, tomaba suplementos de calcio religiosamente desde su menopausia. Sin embargo, su densitometr\u00eda \u00f3sea segu\u00eda mostrando p\u00e9rdida de masa \u00f3sea. \u00abAl incorporar vitamina K2 a mi r\u00e9gimen, mis niveles de <strong>densidad mineral \u00f3sea<\/strong> mejoraron significativamente en solo 18 meses\u00bb, comparte.<\/p>\n<p>Este caso no es aislado. Un estudio japon\u00e9s demostr\u00f3 que mujeres posmenop\u00e1usicas que consumieron natto (rica fuente de K2) regularmente durante tres a\u00f1os redujeron su riesgo de fracturas \u00f3seas en un <strong>80%<\/strong>.<\/p>\n<h2>\u00bfD\u00f3nde encontrar este nutriente crucial?<\/h2>\n<p>A diferencia de la <a href=\"https:\/\/www.journee-mondiale.com\/es\/la-vitamina-b7-salvo-mi-cabello-como-91-de-los-pacientes-restauraron-sus-unas-quebradizas-y-yo-tambien-lo-logre\/\" target=\"_blank\">vitamina B7 que fortalece cabello y u\u00f1as<\/a>, la K2 se encuentra en alimentos espec\u00edficos que no siempre est\u00e1n presentes en la dieta occidental moderna:<\/p>\n<ul>\n<li>Natto (soja fermentada japonesa) &#8211; la fuente m\u00e1s rica<\/li>\n<li>Quesos fermentados (especialmente Gouda y Brie)<\/li>\n<li>Yemas de huevo de gallinas alimentadas con pasto<\/li>\n<\/ul>\n<h2>El equilibrio perfecto para prevenir la \u00abparadoja del calcio\u00bb<\/h2>\n<p>El <strong>Dr. Miguel \u00c1ngel L\u00f3pez<\/strong>, especialista en nutrici\u00f3n ortomolecular, explica: \u00abEstamos ante lo que llamamos la &#8216;paradoja del calcio&#8217;: sociedades con alto consumo de l\u00e1cteos pero deficientes en K2 presentan m\u00e1s fracturas \u00f3seas y enfermedades cardiovasculares. La K2 es la pieza faltante en este rompecabezas\u00bb.<\/p>\n<h2>\u00bfC\u00f3mo incorporarla a tu rutina diaria?<\/h2>\n<p>Para mantener una <a href=\"https:\/\/www.journee-mondiale.com\/es\/deshidratacion-cerebral-silenciosa-asi-descubri-por-que-perdia-15-de-concentracion-cada-tarde-y-como-recuperarla-en-minutos\/\" target=\"_blank\">hidrataci\u00f3n cerebral adecuada<\/a> y una salud \u00f3sea \u00f3ptima, es recomendable incorporar alimentos ricos en K2. Para personas con riesgo de osteoporosis, los suplementos (especialmente la forma MK-7) pueden ser beneficiosos, siempre bajo supervisi\u00f3n m\u00e9dica.<\/p>\n<p>Al igual que <a href=\"https:\/\/www.journee-mondiale.com\/es\/el-ritual-del-agua-tibia-con-limon-asi-active-mi-metabolismo-para-quemar-144-calorias-adicionales-mi-sorprendente-experiencia-de-3-meses\/\" target=\"_blank\">el agua tibia con lim\u00f3n activa el metabolismo<\/a>, la K2 activa los procesos de mineralizaci\u00f3n \u00f3sea, siendo particularmente importante despu\u00e9s de los 50 a\u00f1os, cuando la p\u00e9rdida \u00f3sea se acelera.<\/p>\n<h2>\u00bfSufres de insomnio? La K2 tambi\u00e9n podr\u00eda ayudarte<\/h2>\n<p>Curiosamente, estudios recientes vinculan la deficiencia de vitamina K2 con problemas de sue\u00f1o. Si est\u00e1s buscando <a href=\"https:\/\/www.journee-mondiale.com\/es\/insomnio-cronico-como-descubri-el-ritual-de-20-minutos-que-rompio-mi-ciclo-vicioso-del-sueno-y-elimino-mi-fatiga-diurna\/\" target=\"_blank\">remedios para el insomnio cr\u00f3nico<\/a>, optimizar tus niveles de K2 podr\u00eda contribuir a mejorar tu descanso nocturno.<\/p>\n<p>\u00bfPodr\u00edamos estar ignorando una de las vitaminas m\u00e1s cruciales para nuestra salud \u00f3sea y cardiovascular? La evidencia sugiere que s\u00ed. La vitamina K2 representa ese eslab\u00f3n perdido entre la ingesta de calcio y unos huesos verdaderamente fuertes, ofreci\u00e9ndonos una herramienta poderosa para envejecer con vitalidad y movilidad.<\/p>\n","protected":false},"excerpt":{"rendered":"<p>Descubramos el tesoro nutricional que podr\u00eda estar faltando en tu dieta: la vitamina K2. Mientras muchos conocemos la importancia del calcio para mantener huesos fuertes, pocas personas son conscientes de que, sin suficiente vitamina K2, ese calcio podr\u00eda no llegar a su destino correcto. Es como tener todos los materiales para construir una casa, pero &#8230; <a title=\"La vitamina K2: Descubr\u00ed por qu\u00e9 mis huesos se debilitaban a pesar de tomar calcio (y c\u00f3mo lo solucion\u00e9 en 18 meses)\" class=\"read-more\" href=\"https:\/\/www.journee-mondiale.com\/es\/la-vitamina-k2-descubri-por-que-mis-huesos-se-debilitaban-a-pesar-de-tomar-calcio-y-como-lo-solucione-en-18-meses\/\" aria-label=\"Leer m\u00e1s sobre La vitamina K2: Descubr\u00ed por qu\u00e9 mis huesos se debilitaban a pesar de tomar calcio (y c\u00f3mo lo solucion\u00e9 en 18 meses)\">Lire plus<\/a><\/p>\n","protected":false},"author":1,"featured_media":12339,"comment_status":"","ping_status":"","sticky":false,"template":"","format":"standard","meta":{"footnotes":""},"categories":[52],"tags":[],"class_list":["post-12340","post","type-post","status-publish","format-standard","has-post-thumbnail","hentry","category-salud"],"acf":[],"_yoast_wpseo_primary_category":null,"_yoast_wpseo_title":null,"_yoast_wpseo_metadesc":null,"_links":{"self":[{"href":"https:\/\/www.journee-mondiale.com\/es\/wp-json\/wp\/v2\/posts\/12340","targetHints":{"allow":["GET"]}}],"collection":[{"href":"https:\/\/www.journee-mondiale.com\/es\/wp-json\/wp\/v2\/posts"}],"about":[{"href":"https:\/\/www.journee-mondiale.com\/es\/wp-json\/wp\/v2\/types\/post"}],"author":[{"embeddable":true,"href":"https:\/\/www.journee-mondiale.com\/es\/wp-json\/wp\/v2\/users\/1"}],"replies":[{"embeddable":true,"href":"https:\/\/www.journee-mondiale.com\/es\/wp-json\/wp\/v2\/comments?post=12340"}],"version-history":[{"count":0,"href":"https:\/\/www.journee-mondiale.com\/es\/wp-json\/wp\/v2\/posts\/12340\/revisions"}],"wp:featuredmedia":[{"embeddable":true,"href":"https:\/\/www.journee-mondiale.com\/es\/wp-json\/wp\/v2\/media\/12339"}],"wp:attachment":[{"href":"https:\/\/www.journee-mondiale.com\/es\/wp-json\/wp\/v2\/media?parent=12340"}],"wp:term":[{"taxonomy":"category","embeddable":true,"href":"https:\/\/www.journee-mondiale.com\/es\/wp-json\/wp\/v2\/categories?post=12340"},{"taxonomy":"post_tag","embeddable":true,"href":"https:\/\/www.journee-mondiale.com\/es\/wp-json\/wp\/v2\/tags?post=12340"}],"curies":[{"name":"wp","href":"https:\/\/api.w.org\/{rel}","templated":true}]}}