{"id":12336,"date":"2025-03-24T18:40:13","date_gmt":"2025-03-24T17:40:13","guid":{"rendered":"https:\/\/www.journee-mondiale.com\/es\/renovacion-primaveral-para-manos-olvidadas-mi-ritual-de-3-pasos-transformo-mis-unas-danadas-lo-que-descubri-sobre-el-envejecimiento\/"},"modified":"2025-03-24T18:40:13","modified_gmt":"2025-03-24T17:40:13","slug":"renovacion-primaveral-para-manos-olvidadas-mi-ritual-de-3-pasos-transformo-mis-unas-danadas-lo-que-descubri-sobre-el-envejecimiento","status":"publish","type":"post","link":"https:\/\/www.journee-mondiale.com\/es\/renovacion-primaveral-para-manos-olvidadas-mi-ritual-de-3-pasos-transformo-mis-unas-danadas-lo-que-descubri-sobre-el-envejecimiento\/","title":{"rendered":"Renovaci\u00f3n primaveral para manos olvidadas: mi ritual de 3 pasos transform\u00f3 mis u\u00f1as da\u00f1adas (lo que descubr\u00ed sobre el envejecimiento)"},"content":{"rendered":"<p>La primavera invita a renovarnos y, mientras pensamos en nuestro armario o cabello, <strong>nuestras manos<\/strong> suelen quedar relegadas a un segundo plano. Sin embargo, son nuestra carta de presentaci\u00f3n y merecen un ritual de cuidado especial, especialmente tras los estragos del invierno. \u00bfSab\u00edas que la piel de nuestras manos envejece m\u00e1s r\u00e1pido que la del rostro? Descubre c\u00f3mo transformar tus manos y u\u00f1as desde casa con este ritual completo para lucir una manicura impecable esta temporada.<\/p>\n<h2>El resurgir de la manicura natural en primavera 2025<\/h2>\n<p>La tendencia \u00abclean nails\u00bb domina esta primavera, apostando por la salud y el cuidado natural. \u00abLas u\u00f1as bien cuidadas, con un acabado limpio y sin ornamentos excesivos, son el <strong>nuevo s\u00edmbolo de elegancia<\/strong> para 2025&#8243;, afirma Mar\u00eda L\u00f3pez, especialista en est\u00e9tica de manos con 15 a\u00f1os de experiencia.<\/p>\n<p>Mientras algunas optan por <a href=\"https:\/\/www.journee-mondiale.com\/es\/probe-la-manicura-reverse-french-esta-primavera-3-tonos-que-rejuvenecieron-mis-manos-y-por-que-esta-reemplazando-a-la-francesa-tradicional\/\" target=\"_blank\">estilos renovados como la reverse french<\/a>, la prioridad ahora es fortalecer la u\u00f1a natural y cuidar la piel circundante como nunca antes.<\/p>\n<h2>El ritual semanal: tres pasos fundamentales<\/h2>\n<p>Comienza exfoliando tus manos para eliminar <strong>c\u00e9lulas muertas<\/strong> y estimular la renovaci\u00f3n cut\u00e1nea. Mezcla una cucharada de az\u00facar con aceite de oliva y masajea durante dos minutos con movimientos circulares. Enjuaga con agua tibia.<\/p>\n<p>El segundo paso incluye un ba\u00f1o tibio para manos y u\u00f1as. \u00abSumergir las manos en agua tibia con unas gotas de aceite esencial de lim\u00f3n y un chorrito de leche act\u00faa como un <strong>spa instant\u00e1neo<\/strong> que suaviza cut\u00edculas y prepara las u\u00f1as para su cuidado posterior\u00bb, recomienda el Dr. Javier Torres, dermat\u00f3logo especializado en tratamientos rejuvenecedores.<\/p>\n<p>Finaliza con la hidrataci\u00f3n profunda aplicando un aceite nutritivo espec\u00edfico para cut\u00edculas y una crema rica en <strong>manteca de karit\u00e9<\/strong> y vitamina E.<\/p>\n<h2>Los superingredientes de 2025 para u\u00f1as renovadas<\/h2>\n<p>La \u00abskinificaci\u00f3n\u00bb del cuidado de u\u00f1as revoluciona nuestros rituales incorporando ingredientes antes reservados para el rostro. Las formulaciones m\u00e1s eficaces incluyen:<\/p>\n<ul>\n<li>Prote\u00ednas de queratina para fortalecer la estructura ungueal<\/li>\n<li>Aceite de jojoba, que penetra profundamente mimando las cut\u00edculas<\/li>\n<li>Vitamina E, el antioxidante estrella que combate el envejecimiento<\/li>\n<li>Extracto de bamb\u00fa, rico en s\u00edlice natural fortalecedor<\/li>\n<\/ul>\n<h2>El masaje que transforma tus manos en minutos<\/h2>\n<p>Igual que cuidamos nuestro <a href=\"https:\/\/www.journee-mondiale.com\/es\/el-ritual-que-salvo-mi-cabello-a-los-50-3-productos-para-un-look-pulido-esta-primavera-lo-que-nadie-me-advirtio\/\" target=\"_blank\">cabello con rituales espec\u00edficos<\/a>, nuestras manos necesitan atenci\u00f3n especial. \u00abPiensa en tus manos como un jard\u00edn que necesita nutrici\u00f3n regular: el masaje es como el <strong>riego que revitaliza<\/strong> cada cent\u00edmetro\u00bb, explica Ana Mart\u00ednez, terapeuta especializada en reflexolog\u00eda.<\/p>\n<p>Un sencillo automasaje de 5 minutos tres veces por semana mejora significativamente la circulaci\u00f3n, reduciendo manchas y signos de envejecimiento prematuro.<\/p>\n<h2>Vitaminas esenciales para u\u00f1as fuertes esta primavera<\/h2>\n<p>As\u00ed como <a href=\"https:\/\/www.journee-mondiale.com\/es\/revele-5-vitaminas-que-salvaron-mi-cabello-esta-primavera-lo-que-mi-dermatologa-nunca-me-dijo-sobre-la-caida-estacional\/\" target=\"_blank\">ciertas vitaminas pueden transformar nuestro cabello<\/a>, el complejo B y la biotina son cruciales para mantener u\u00f1as saludables. Incorpora estos <strong>nutrientes clave<\/strong> a trav\u00e9s de alimentos como huevos, frutos secos y verduras de hoja verde.<\/p>\n<h2>El toque final: tonos estrella para esta primavera<\/h2>\n<p>Los colores tierra como el <strong>mocha mousse<\/strong> y los efectos perlados sutiles son perfectos para complementar cualquier look primaveral. Las tonalidades suaves rejuvenecen visualmente las manos maduras, mientras que los efectos cromados a\u00f1aden modernidad sin resultar excesivos.<\/p>\n<p>El cuidado de nuestras manos es como cultivar un <strong>jard\u00edn personal<\/strong> que florece con cada atenci\u00f3n dedicada. \u00bfTe animas a convertir este ritual en parte de tu autocuidado semanal? Tus manos te lo agradecer\u00e1n luciendo radiantes, igual que quienes <a href=\"https:\/\/www.journee-mondiale.com\/es\/la-revolucion-plateada-que-rejuvenece-7-anos-el-corte-en-capas-que-9-de-cada-10-mujeres-eligen-para-transformar-sus-canas-esta-primavera\/\" target=\"_blank\">transforman sus canas en s\u00edmbolos de estilo<\/a>. Recuerda que unas manos bien cuidadas son el reflejo de amor propio que perdura en el tiempo.<\/p>\n","protected":false},"excerpt":{"rendered":"<p>La primavera invita a renovarnos y, mientras pensamos en nuestro armario o cabello, nuestras manos suelen quedar relegadas a un segundo plano. Sin embargo, son nuestra carta de presentaci\u00f3n y merecen un ritual de cuidado especial, especialmente tras los estragos del invierno. \u00bfSab\u00edas que la piel de nuestras manos envejece m\u00e1s r\u00e1pido que la del &#8230; <a title=\"Renovaci\u00f3n primaveral para manos olvidadas: mi ritual de 3 pasos transform\u00f3 mis u\u00f1as da\u00f1adas (lo que descubr\u00ed sobre el envejecimiento)\" class=\"read-more\" href=\"https:\/\/www.journee-mondiale.com\/es\/renovacion-primaveral-para-manos-olvidadas-mi-ritual-de-3-pasos-transformo-mis-unas-danadas-lo-que-descubri-sobre-el-envejecimiento\/\" aria-label=\"Leer m\u00e1s sobre Renovaci\u00f3n primaveral para manos olvidadas: mi ritual de 3 pasos transform\u00f3 mis u\u00f1as da\u00f1adas (lo que descubr\u00ed sobre el envejecimiento)\">Lire plus<\/a><\/p>\n","protected":false},"author":1,"featured_media":12335,"comment_status":"","ping_status":"","sticky":false,"template":"","format":"standard","meta":{"footnotes":""},"categories":[48],"tags":[],"class_list":["post-12336","post","type-post","status-publish","format-standard","has-post-thumbnail","hentry","category-estilo-de-vida"],"acf":[],"_yoast_wpseo_primary_category":null,"_yoast_wpseo_title":null,"_yoast_wpseo_metadesc":null,"_links":{"self":[{"href":"https:\/\/www.journee-mondiale.com\/es\/wp-json\/wp\/v2\/posts\/12336","targetHints":{"allow":["GET"]}}],"collection":[{"href":"https:\/\/www.journee-mondiale.com\/es\/wp-json\/wp\/v2\/posts"}],"about":[{"href":"https:\/\/www.journee-mondiale.com\/es\/wp-json\/wp\/v2\/types\/post"}],"author":[{"embeddable":true,"href":"https:\/\/www.journee-mondiale.com\/es\/wp-json\/wp\/v2\/users\/1"}],"replies":[{"embeddable":true,"href":"https:\/\/www.journee-mondiale.com\/es\/wp-json\/wp\/v2\/comments?post=12336"}],"version-history":[{"count":0,"href":"https:\/\/www.journee-mondiale.com\/es\/wp-json\/wp\/v2\/posts\/12336\/revisions"}],"wp:featuredmedia":[{"embeddable":true,"href":"https:\/\/www.journee-mondiale.com\/es\/wp-json\/wp\/v2\/media\/12335"}],"wp:attachment":[{"href":"https:\/\/www.journee-mondiale.com\/es\/wp-json\/wp\/v2\/media?parent=12336"}],"wp:term":[{"taxonomy":"category","embeddable":true,"href":"https:\/\/www.journee-mondiale.com\/es\/wp-json\/wp\/v2\/categories?post=12336"},{"taxonomy":"post_tag","embeddable":true,"href":"https:\/\/www.journee-mondiale.com\/es\/wp-json\/wp\/v2\/tags?post=12336"}],"curies":[{"name":"wp","href":"https:\/\/api.w.org\/{rel}","templated":true}]}}