{"id":12330,"date":"2025-03-24T18:29:45","date_gmt":"2025-03-24T17:29:45","guid":{"rendered":"https:\/\/www.journee-mondiale.com\/es\/probe-la-manicura-reverse-french-esta-primavera-3-tonos-que-rejuvenecieron-mis-manos-y-por-que-esta-reemplazando-a-la-francesa-tradicional\/"},"modified":"2025-03-24T18:29:45","modified_gmt":"2025-03-24T17:29:45","slug":"probe-la-manicura-reverse-french-esta-primavera-3-tonos-que-rejuvenecieron-mis-manos-y-por-que-esta-reemplazando-a-la-francesa-tradicional","status":"publish","type":"post","link":"https:\/\/www.journee-mondiale.com\/es\/probe-la-manicura-reverse-french-esta-primavera-3-tonos-que-rejuvenecieron-mis-manos-y-por-que-esta-reemplazando-a-la-francesa-tradicional\/","title":{"rendered":"Prob\u00e9 la manicura reverse french esta primavera: 3 tonos que rejuvenecieron mis manos (y por qu\u00e9 est\u00e1 reemplazando a la francesa tradicional)"},"content":{"rendered":"<p>La primavera 2025 trae consigo una renovaci\u00f3n no solo en la naturaleza, sino tambi\u00e9n en las tendencias de belleza. Una de las m\u00e1s destacadas este a\u00f1o es la <strong>manicura reverse french<\/strong>, un giro innovador al cl\u00e1sico dise\u00f1o franc\u00e9s que est\u00e1 conquistando las redes sociales y los salones de belleza por igual. \u00bfEn qu\u00e9 consiste exactamente esta t\u00e9cnica que est\u00e1 revolucionando el mundo de las u\u00f1as?<\/p>\n<h2>\u00bfQu\u00e9 es la reverse french y por qu\u00e9 revoluciona la est\u00e9tica primaveral?<\/h2>\n<p>La reverse french o francesa invertida transforma el tradicional dise\u00f1o colocando el color en la base de la u\u00f1a en lugar de en la punta. \u00abEsta inversi\u00f3n del dise\u00f1o ofrece un acabado chic y minimalista que puede variar con colores y texturas, perfecto para la temporada de renovaci\u00f3n\u00bb, explica <strong>Grace Lindsay<\/strong>, editora de belleza especializada en tendencias cosm\u00e9ticas.<\/p>\n<p>Esta t\u00e9cnica representa m\u00e1s que una simple tendencia; simboliza la <strong>evoluci\u00f3n hacia un enfoque minimalista<\/strong> en el cuidado personal que caracteriza esta primavera. La sencillez de l\u00edneas y la elegancia del dise\u00f1o conectan perfectamente con el despertar natural de la estaci\u00f3n.<\/p>\n<h2>La paleta crom\u00e1tica que redefine tus manos esta temporada<\/h2>\n<p>Aunque el blanco sigue siendo un cl\u00e1sico, la primavera 2025 nos invita a experimentar con tonalidades que reflejan la estaci\u00f3n:<\/p>\n<ul>\n<li>Lavanda y lila suave, que conectan con las floraciones primaverales<\/li>\n<li>Verde esmeralda y menta, evocando el renacer de la naturaleza<\/li>\n<li>Acabados metalizados que aportan luminosidad a los d\u00edas m\u00e1s largos<\/li>\n<\/ul>\n<p>\u00abLos toques met\u00e1licos a\u00f1aden un toque moderno mientras mantienen un aire atemporal, ideal para manos maduras que buscan <strong>sofisticaci\u00f3n sin excentricidades<\/strong>\u00ab, afirma la Dra. Lisa Chen, especialista en cromoterapia aplicada a la est\u00e9tica.<\/p>\n<h2>El respaldo cient\u00edfico detr\u00e1s de la est\u00e9tica consciente<\/h2>\n<p>No es casualidad que esta tendencia coincida con un aumento en la preocupaci\u00f3n por el <strong>bienestar integral<\/strong>. La manicura reverse french utiliza productos m\u00e1s sostenibles que tradicionales esmaltes convencionales. Seg\u00fan un estudio reciente, los <a href=\"https:\/\/www.journee-mondiale.com\/es\/revele-5-vitaminas-que-salvaron-mi-cabello-esta-primavera-lo-que-mi-dermatologa-nunca-me-dijo-sobre-la-caida-estacional\/\" target=\"_blank\">complementos vitam\u00ednicos<\/a> que fortalecen u\u00f1as y cabello est\u00e1n ganando popularidad esta primavera.<\/p>\n<p>Amelia Brooks, celebritiy nail artist, comenta: \u00abEl enfoque minimalista de este dise\u00f1o permite una est\u00e9tica m\u00e1s limpia que complementa las tendencias de <strong>bienestar hol\u00edstico<\/strong> de la temporada. Menos es m\u00e1s para quienes buscan equilibrio\u00bb.<\/p>\n<h2>Tres consejos para lucir la reverse french perfecta<\/h2>\n<ul>\n<li>Mant\u00e9n las u\u00f1as en forma redondeada o almendrada para resaltar el efecto<\/li>\n<li>Utiliza una base nutritiva para fortalecer la u\u00f1a natural<\/li>\n<li>Combina con un <a href=\"https:\/\/www.journee-mondiale.com\/es\/probe-5-tipos-de-peinado-universal-y-este-cambio-mi-rostro-en-solo-3-dias-el-resultado-me-sorprendio\/\" target=\"_blank\">peinado universal<\/a> para un look arm\u00f3nico<\/li>\n<\/ul>\n<h2>La t\u00e9cnica paso a paso: simplicidad que transforma<\/h2>\n<p>Esta manicura, a diferencia de <a href=\"https:\/\/www.journee-mondiale.com\/es\/transforme-mi-cabello-fino-esta-primavera-3-tecnicas-que-me-dieron-volumen-real-el-secado-invertido-cambio-todo\/\" target=\"_blank\">otras t\u00e9cnicas de transformaci\u00f3n<\/a>, es sorprendentemente accesible. \u00abLa capacidad del dise\u00f1o French para adaptarse a las tendencias es lo que le da longevidad\u00bb, explica Lindsay Worthen, experta en belleza con 15 a\u00f1os de experiencia en el sector.<\/p>\n<p>La <strong>aplicaci\u00f3n precisa<\/strong> en la base de la u\u00f1a, dejando el resto transparente o con un tono nude, crea una ilusi\u00f3n \u00f3ptica que estiliza los dedos, similar a c\u00f3mo el <a href=\"https:\/\/www.journee-mondiale.com\/es\/cremas-depilatorias-faciales-mi-descubrimiento-que-ahorra-45-minutos-semanales-y-elimina-el-vello-en-solo-5-minutos-esta-primavera\/\" target=\"_blank\">cuidado facial adecuado<\/a> realza nuestras facciones naturales.<\/p>\n<h2>El componente emocional: belleza que transforma desde dentro<\/h2>\n<p>La est\u00e9tica primaveral no es solo cuesti\u00f3n de apariencia. La satisfacci\u00f3n de lucir unas manos cuidadas impacta positivamente en nuestro bienestar emocional, tal como lo hace la <a href=\"https:\/\/www.journee-mondiale.com\/es\/risoterapia-primaveral-como-descubri-que-15-minutos-diarios-liberaron-mi-estres-y-la-ciencia-que-lo-explica\/\" target=\"_blank\">risoterapia primaveral<\/a> para liberar estr\u00e9s.<\/p>\n<p>\u00abLos patrones abstractos proporcionan individualidad y libertad creativa, permitiendo reinterpretar la u\u00f1a como un <strong>lienzo de expresi\u00f3n personal<\/strong>\u00ab, menciona Emma Patterson, t\u00e9cnica especializada en nail art terap\u00e9utico.<\/p>\n<p>Esta primavera, la reverse french no es solo una tendencia est\u00e9tica, sino una declaraci\u00f3n de intenciones: menos es m\u00e1s, la sostenibilidad importa y la belleza aut\u00e9ntica empieza por cuidarnos desde dentro. \u00bfTe atrever\u00e1s a invertir la tradici\u00f3n y darle la vuelta a tu manicura esta temporada?<\/p>\n","protected":false},"excerpt":{"rendered":"<p>La primavera 2025 trae consigo una renovaci\u00f3n no solo en la naturaleza, sino tambi\u00e9n en las tendencias de belleza. Una de las m\u00e1s destacadas este a\u00f1o es la manicura reverse french, un giro innovador al cl\u00e1sico dise\u00f1o franc\u00e9s que est\u00e1 conquistando las redes sociales y los salones de belleza por igual. \u00bfEn qu\u00e9 consiste exactamente &#8230; <a title=\"Prob\u00e9 la manicura reverse french esta primavera: 3 tonos que rejuvenecieron mis manos (y por qu\u00e9 est\u00e1 reemplazando a la francesa tradicional)\" class=\"read-more\" href=\"https:\/\/www.journee-mondiale.com\/es\/probe-la-manicura-reverse-french-esta-primavera-3-tonos-que-rejuvenecieron-mis-manos-y-por-que-esta-reemplazando-a-la-francesa-tradicional\/\" aria-label=\"Leer m\u00e1s sobre Prob\u00e9 la manicura reverse french esta primavera: 3 tonos que rejuvenecieron mis manos (y por qu\u00e9 est\u00e1 reemplazando a la francesa tradicional)\">Lire plus<\/a><\/p>\n","protected":false},"author":1,"featured_media":12329,"comment_status":"","ping_status":"","sticky":false,"template":"","format":"standard","meta":{"footnotes":""},"categories":[48],"tags":[],"class_list":["post-12330","post","type-post","status-publish","format-standard","has-post-thumbnail","hentry","category-estilo-de-vida"],"acf":[],"_yoast_wpseo_primary_category":null,"_yoast_wpseo_title":null,"_yoast_wpseo_metadesc":null,"_links":{"self":[{"href":"https:\/\/www.journee-mondiale.com\/es\/wp-json\/wp\/v2\/posts\/12330","targetHints":{"allow":["GET"]}}],"collection":[{"href":"https:\/\/www.journee-mondiale.com\/es\/wp-json\/wp\/v2\/posts"}],"about":[{"href":"https:\/\/www.journee-mondiale.com\/es\/wp-json\/wp\/v2\/types\/post"}],"author":[{"embeddable":true,"href":"https:\/\/www.journee-mondiale.com\/es\/wp-json\/wp\/v2\/users\/1"}],"replies":[{"embeddable":true,"href":"https:\/\/www.journee-mondiale.com\/es\/wp-json\/wp\/v2\/comments?post=12330"}],"version-history":[{"count":0,"href":"https:\/\/www.journee-mondiale.com\/es\/wp-json\/wp\/v2\/posts\/12330\/revisions"}],"wp:featuredmedia":[{"embeddable":true,"href":"https:\/\/www.journee-mondiale.com\/es\/wp-json\/wp\/v2\/media\/12329"}],"wp:attachment":[{"href":"https:\/\/www.journee-mondiale.com\/es\/wp-json\/wp\/v2\/media?parent=12330"}],"wp:term":[{"taxonomy":"category","embeddable":true,"href":"https:\/\/www.journee-mondiale.com\/es\/wp-json\/wp\/v2\/categories?post=12330"},{"taxonomy":"post_tag","embeddable":true,"href":"https:\/\/www.journee-mondiale.com\/es\/wp-json\/wp\/v2\/tags?post=12330"}],"curies":[{"name":"wp","href":"https:\/\/api.w.org\/{rel}","templated":true}]}}