{"id":12324,"date":"2025-03-24T18:20:55","date_gmt":"2025-03-24T17:20:55","guid":{"rendered":"https:\/\/www.journee-mondiale.com\/es\/transforme-mi-cabello-fino-esta-primavera-3-tecnicas-que-me-dieron-volumen-real-el-secado-invertido-cambio-todo\/"},"modified":"2025-03-24T18:20:55","modified_gmt":"2025-03-24T17:20:55","slug":"transforme-mi-cabello-fino-esta-primavera-3-tecnicas-que-me-dieron-volumen-real-el-secado-invertido-cambio-todo","status":"publish","type":"post","link":"https:\/\/www.journee-mondiale.com\/es\/transforme-mi-cabello-fino-esta-primavera-3-tecnicas-que-me-dieron-volumen-real-el-secado-invertido-cambio-todo\/","title":{"rendered":"Transform\u00e9 mi cabello fino esta primavera: 3 t\u00e9cnicas que me dieron volumen real (el secado invertido cambi\u00f3 todo)"},"content":{"rendered":"<p>La primavera 2025 ha llegado y con ella, el desaf\u00edo de lucir un cabello radiante y con cuerpo. Para quienes tenemos cabello fino, esta estaci\u00f3n puede ser especialmente retadora con la humedad y los cambios de temperatura. Pero no te preocupes, <strong>existen trucos efectivos<\/strong> que pueden transformar tu melena en cuesti\u00f3n de d\u00edas. Descubramos juntos c\u00f3mo enga\u00f1ar al ojo y conseguir ese volumen que siempre has deseado.<\/p>\n<h2>El corte que cambiar\u00e1 tu melena esta primavera<\/h2>\n<p>Un buen corte es la base fundamental para ganar volumen. \u00abLa clave est\u00e1 en las capas estrat\u00e9gicas que distribuyen el peso y crean la ilusi\u00f3n de densidad\u00bb, explica <strong>Carlos Vidal<\/strong>, director de Vidal Hair Studio en Madrid. Para esta primavera 2025, los cortes a la altura de los hombros con capas invisibles son tendencia absoluta, ya que aportan movimiento sin sacrificar longitud.<\/p>\n<p>Si buscas un cambio m\u00e1s radical, considera el <a href=\"https:\/\/www.journee-mondiale.com\/es\/el-bob-rizado-que-cambio-mi-look-3-meses-con-el-peinado-que-domina-la-primavera-2025-y-como-mantener-el-volumen-perfecto\/\" target=\"_blank\">bob rizado, el peinado estrella de esta primavera<\/a>. Este estilo aporta volumen instant\u00e1neo y est\u00e1 arrasando en las pasarelas internacionales.<\/p>\n<h2>La t\u00e9cnica del secado invertido que revoluciona las redes<\/h2>\n<p>La forma en que secas tu cabello puede multiplicar su volumen hasta en tres veces. <strong>El m\u00e9todo del secado invertido<\/strong> consiste en inclinar la cabeza hacia abajo mientras aplicas aire tibio en direcci\u00f3n contraria al crecimiento natural. \u00abEsta t\u00e9cnica levanta las ra\u00edces y crea un efecto de volumen duradero\u00bb, afirma la estilista <strong>Laura M\u00e9ndez<\/strong>.<\/p>\n<p>Complementa esta t\u00e9cnica con un cepillo redondo de cerdas naturales para maximizar resultados. Puedes descubrir m\u00e1s sobre <a href=\"https:\/\/www.journee-mondiale.com\/es\/como-transforme-mi-cabello-fino-en-3-semanas-el-metodo-del-secado-invertido-que-triplico-mi-volumen-y-nadie-me-habia-contado\/\" target=\"_blank\">c\u00f3mo triplicar tu volumen con el secado invertido aqu\u00ed<\/a>.<\/p>\n<h2>Los aliados invisibles: productos que no fallan<\/h2>\n<p>Para el cabello fino, no todos los productos son adecuados. Los <strong>champ\u00fas voluminizadores<\/strong> sin sulfatos y los <strong>acondicionadores ligeros<\/strong> son esenciales. Gui Cassolari, experto de Natura Brasil, recomienda: \u00abPresta especial atenci\u00f3n al sebo para evitar que el cabello fino se vea m\u00e1s aplastado. Un champ\u00fa clarificante usado una vez por semana puede marcar la diferencia\u00bb.<\/p>\n<ul>\n<li>Mousses de volumen aplicadas en ra\u00edz h\u00fameda<\/li>\n<li>Sprays texturizadores para cabello seco<\/li>\n<li>Polvos voluminizadores para retoques durante el d\u00eda<\/li>\n<\/ul>\n<h2>El poder de la nutrici\u00f3n primaveral para tu melena<\/h2>\n<p>Durante esta primavera, fortalecer el cabello desde dentro es crucial. <strong>La ca\u00edda estacional<\/strong> afecta especialmente al cabello fino, pero puede contrarrestarse con la nutrici\u00f3n adecuada. <a href=\"https:\/\/www.journee-mondiale.com\/es\/revele-5-vitaminas-que-salvaron-mi-cabello-esta-primavera-lo-que-mi-dermatologa-nunca-me-dijo-sobre-la-caida-estacional\/\" target=\"_blank\">Estas cinco vitaminas esenciales<\/a> pueden salvar tu cabello durante los cambios estacionales.<\/p>\n<h2>Peinados estrat\u00e9gicos que multiplican el volumen<\/h2>\n<p>La forma en que peinas tu cabello puede crear una <strong>ilusi\u00f3n \u00f3ptica de mayor densidad<\/strong>. Los peinados con textura desenfadada o ligeramente ondulados dan la impresi\u00f3n de m\u00e1s cabello. <a href=\"https:\/\/www.journee-mondiale.com\/es\/probe-5-tipos-de-peinado-universal-y-este-cambio-mi-rostro-en-solo-3-dias-el-resultado-me-sorprendio\/\" target=\"_blank\">Este peinado universal<\/a> puede transformar completamente la apariencia de tu rostro en solo d\u00edas.<\/p>\n<ul>\n<li>Mo\u00f1os altos y despeinados para ocasiones casuales<\/li>\n<li>Ondas suaves creadas con horquillas durante la noche<\/li>\n<li>Peinados medio recogidos con volumen en la corona<\/li>\n<\/ul>\n<h2>El ritual de 3 minutos para cabello voluminoso a cualquier edad<\/h2>\n<p>A medida que envejecemos, el cabello tiende a adelgazarse a\u00fan m\u00e1s. <strong>El masaje del cuero cabelludo<\/strong> durante 3 minutos diarios estimula la circulaci\u00f3n y fortalece los fol\u00edculos. \u00abEste simple ritual puede transformar la salud y apariencia de tu cabello en semanas\u00bb, explica la dermat\u00f3loga <strong>Elena Ruiz<\/strong>.<\/p>\n<p>Para mujeres maduras, <a href=\"https:\/\/www.journee-mondiale.com\/es\/el-ritual-que-salvo-mi-cabello-a-los-50-3-productos-para-un-look-pulido-esta-primavera-lo-que-nadie-me-advirtio\/\" target=\"_blank\">existe un ritual espec\u00edfico con tres productos esenciales<\/a> que garantizan un look pulido y voluminoso esta primavera.<\/p>\n<h2>\u00bfEst\u00e1s listo para transformar tu cabello esta primavera?<\/h2>\n<p>Disimular el cabello fino no requiere tratamientos costosos ni horas interminables frente al espejo. Con estos trucos adaptados a la temporada primaveral de 2025, podr\u00e1s lucir una melena voluminosa y llena de vida. Recuerda que la consistencia es clave: implementa estos consejos en tu rutina diaria y ver\u00e1s c\u00f3mo tu cabello fino se convierte en tu mejor aliado en lugar de tu mayor preocupaci\u00f3n.<\/p>\n","protected":false},"excerpt":{"rendered":"<p>La primavera 2025 ha llegado y con ella, el desaf\u00edo de lucir un cabello radiante y con cuerpo. Para quienes tenemos cabello fino, esta estaci\u00f3n puede ser especialmente retadora con la humedad y los cambios de temperatura. Pero no te preocupes, existen trucos efectivos que pueden transformar tu melena en cuesti\u00f3n de d\u00edas. Descubramos juntos &#8230; <a title=\"Transform\u00e9 mi cabello fino esta primavera: 3 t\u00e9cnicas que me dieron volumen real (el secado invertido cambi\u00f3 todo)\" class=\"read-more\" href=\"https:\/\/www.journee-mondiale.com\/es\/transforme-mi-cabello-fino-esta-primavera-3-tecnicas-que-me-dieron-volumen-real-el-secado-invertido-cambio-todo\/\" aria-label=\"Leer m\u00e1s sobre Transform\u00e9 mi cabello fino esta primavera: 3 t\u00e9cnicas que me dieron volumen real (el secado invertido cambi\u00f3 todo)\">Lire plus<\/a><\/p>\n","protected":false},"author":1,"featured_media":12323,"comment_status":"","ping_status":"","sticky":false,"template":"","format":"standard","meta":{"footnotes":""},"categories":[48],"tags":[],"class_list":["post-12324","post","type-post","status-publish","format-standard","has-post-thumbnail","hentry","category-estilo-de-vida"],"acf":[],"_yoast_wpseo_primary_category":null,"_yoast_wpseo_title":null,"_yoast_wpseo_metadesc":null,"_links":{"self":[{"href":"https:\/\/www.journee-mondiale.com\/es\/wp-json\/wp\/v2\/posts\/12324","targetHints":{"allow":["GET"]}}],"collection":[{"href":"https:\/\/www.journee-mondiale.com\/es\/wp-json\/wp\/v2\/posts"}],"about":[{"href":"https:\/\/www.journee-mondiale.com\/es\/wp-json\/wp\/v2\/types\/post"}],"author":[{"embeddable":true,"href":"https:\/\/www.journee-mondiale.com\/es\/wp-json\/wp\/v2\/users\/1"}],"replies":[{"embeddable":true,"href":"https:\/\/www.journee-mondiale.com\/es\/wp-json\/wp\/v2\/comments?post=12324"}],"version-history":[{"count":0,"href":"https:\/\/www.journee-mondiale.com\/es\/wp-json\/wp\/v2\/posts\/12324\/revisions"}],"wp:featuredmedia":[{"embeddable":true,"href":"https:\/\/www.journee-mondiale.com\/es\/wp-json\/wp\/v2\/media\/12323"}],"wp:attachment":[{"href":"https:\/\/www.journee-mondiale.com\/es\/wp-json\/wp\/v2\/media?parent=12324"}],"wp:term":[{"taxonomy":"category","embeddable":true,"href":"https:\/\/www.journee-mondiale.com\/es\/wp-json\/wp\/v2\/categories?post=12324"},{"taxonomy":"post_tag","embeddable":true,"href":"https:\/\/www.journee-mondiale.com\/es\/wp-json\/wp\/v2\/tags?post=12324"}],"curies":[{"name":"wp","href":"https:\/\/api.w.org\/{rel}","templated":true}]}}