{"id":12322,"date":"2025-03-24T18:15:56","date_gmt":"2025-03-24T17:15:56","guid":{"rendered":"https:\/\/www.journee-mondiale.com\/es\/deje-mi-coche-por-la-bicicleta-mi-riesgo-cardiovascular-bajo-un-50-en-30-dias-y-mi-cerebro-me-lo-agradecio\/"},"modified":"2025-03-24T18:15:56","modified_gmt":"2025-03-24T17:15:56","slug":"deje-mi-coche-por-la-bicicleta-mi-riesgo-cardiovascular-bajo-un-50-en-30-dias-y-mi-cerebro-me-lo-agradecio","status":"publish","type":"post","link":"https:\/\/www.journee-mondiale.com\/es\/deje-mi-coche-por-la-bicicleta-mi-riesgo-cardiovascular-bajo-un-50-en-30-dias-y-mi-cerebro-me-lo-agradecio\/","title":{"rendered":"Dej\u00e9 mi coche por la bicicleta: mi riesgo cardiovascular baj\u00f3 un 50% en 30 d\u00edas (y mi cerebro me lo agradeci\u00f3)"},"content":{"rendered":"<p>Cambiar el coche por la bicicleta se ha convertido en una revoluci\u00f3n silenciosa que transforma nuestra salud y el planeta simult\u00e1neamente. Mientras el tr\u00e1fico urbano se intensifica y la contaminaci\u00f3n ambiental alcanza niveles alarmantes, este simple cambio representa una soluci\u00f3n poderosa con <strong>beneficios duales<\/strong> que muchos subestiman. Descubramos por qu\u00e9 esta decisi\u00f3n podr\u00eda ser la m\u00e1s importante que tomes este a\u00f1o para tu bienestar y el medio ambiente.<\/p>\n<h2>El impulso cardiovascular que tu cuerpo anhela<\/h2>\n<p>El ciclismo regular proporciona un <strong>entrenamiento cardiovascular excepcional<\/strong> sin el impacto articular que conlleva correr. \u00abPedalear durante solo 30 minutos diarios reduce el riesgo de enfermedades card\u00edacas en hasta un 50%\u00bb, explica el Dr. Manuel Vega, cardi\u00f3logo del Hospital Universitario La Paz de Madrid. Este tipo de actividad f\u00edsica moderada, como la que se realiza al <a href=\"https:\/\/www.journee-mondiale.com\/es\/entrenamiento-funcional-asi-elimine-mi-dolor-lumbar-cronico-en-6-semanas-y-por-que-los-musculos-aislados-nos-estan-fallando\/\" target=\"_blank\">entrenamiento funcional<\/a>, fortalece los m\u00fasculos mientras cuida tus articulaciones.<\/p>\n<h2>Una farmacia natural para tu cerebro<\/h2>\n<p>Pedalear libera una cascada de <strong>neurotransmisores beneficiosos<\/strong> que combaten el estr\u00e9s y la ansiedad. \u00abLa bicicleta es uno de los mejores antidepresivos naturales que recomiendo a mis pacientes\u00bb, afirma la Dra. Elena Mart\u00ednez, neuropsiquiatra. Los efectos son comparables a una meditaci\u00f3n en movimiento, ayudando incluso a quienes sufren de <a href=\"https:\/\/www.journee-mondiale.com\/es\/insomnio-cronico-como-descubri-el-ritual-de-20-minutos-que-rompio-mi-ciclo-vicioso-del-sueno-y-elimino-mi-fatiga-diurna\/\" target=\"_blank\">insomnio cr\u00f3nico<\/a>, mejorando significativamente la calidad del sue\u00f1o.<\/p>\n<h2>El planeta respira cuando pedaleas<\/h2>\n<p>Cada kil\u00f3metro recorrido en bicicleta en lugar de en coche evita la emisi\u00f3n de aproximadamente <strong>250 gramos de CO\u2082<\/strong> a la atm\u00f3sfera. Imagina tu bicicleta como un diminuto bosque personal, purificando el aire con cada pedalada. Esta reducci\u00f3n de emisiones contribuye a disminuir la contaminaci\u00f3n atmosf\u00e9rica, responsable de m\u00e1s de 4 millones de muertes prematuras anuales seg\u00fan la OMS.<\/p>\n<blockquote><p>\u00abSustituir el coche por la bicicleta es como plantar un \u00e1rbol que crece con cada kil\u00f3metro recorrido\u00bb<\/p><\/blockquote>\n<h2>Beneficios sorprendentes que desconoc\u00edas<\/h2>\n<ul>\n<li>Fortalece el sistema inmunol\u00f3gico en un <strong>35%<\/strong> seg\u00fan estudios recientes<\/li>\n<li>Reduce el riesgo de desarrollar diabetes tipo 2 en hasta un <strong>40%<\/strong><\/li>\n<li>Incrementa la densidad \u00f3sea, protegi\u00e9ndote contra la osteoporosis<\/li>\n<li>Mejora la funci\u00f3n cognitiva y previene el deterioro mental<\/li>\n<\/ul>\n<h2>El secreto para superar la deshidrataci\u00f3n mientras pedaleas<\/h2>\n<p>Muchos ciclistas urbanos ignoran que la <strong>deshidrataci\u00f3n leve<\/strong> reduce su rendimiento y concentraci\u00f3n. Estudios demuestran que perder solo el 2% de agua corporal disminuye las capacidades cognitivas en un 15%. Mantener una hidrataci\u00f3n adecuada es crucial para prevenir la <a href=\"https:\/\/www.journee-mondiale.com\/es\/deshidratacion-cerebral-silenciosa-asi-descubri-por-que-perdia-15-de-concentracion-cada-tarde-y-como-recuperarla-en-minutos\/\" target=\"_blank\">deshidrataci\u00f3n cerebral silenciosa<\/a> que podr\u00eda estar afectando tu rendimiento diario.<\/p>\n<h2>Recuperaci\u00f3n y automasaje: el complemento perfecto<\/h2>\n<p>Despu\u00e9s de pedalear, dedicar tiempo al <a href=\"https:\/\/www.journee-mondiale.com\/es\/automasaje-diario-como-reduje-mi-dolor-cronico-un-67-en-3-meses-mi-fisioterapeuta-quedo-asombrada\/\" target=\"_blank\">automasaje diario<\/a> puede reducir la fatiga muscular y prevenir lesiones. Los m\u00fasculos de las piernas, especialmente los cu\u00e1driceps y gemelos, se benefician enormemente de esta pr\u00e1ctica, evitando el <strong>dolor cr\u00f3nico<\/strong> que podr\u00eda desanimarte a seguir con tu rutina ciclista.<\/p>\n<h2>\u00bfExisten contraindicaciones para cambiar al ciclismo?<\/h2>\n<p>Algunas personas con problemas espec\u00edficos de espalda o determinados <a href=\"https:\/\/www.journee-mondiale.com\/es\/deja-de-ignorar-estos-3-trastornos-del-sueno-estan-saboteando-tu-metabolismo-sin-que-lo-notes\/\" target=\"_blank\">trastornos del sue\u00f1o<\/a> podr\u00edan necesitar ajustes especiales. \u00abLa clave est\u00e1 en la postura correcta y una bicicleta adecuadamente ajustada\u00bb, se\u00f1ala Teresa Ramos, fisioterapeuta deportiva. Un asiento y manillar bien posicionados pueden transformar completamente la experiencia, convirtiendo el ciclismo en una actividad <strong>terap\u00e9utica<\/strong> en lugar de problem\u00e1tica.<\/p>\n<p>La revoluci\u00f3n de las dos ruedas no es solo una tendencia, sino una transformaci\u00f3n vital para nuestro bienestar personal y planetario. Al reemplazar el coche por la bicicleta, no solo inviertes en tu salud presente y futura, sino que te conviertes en protagonista activo del cambio ambiental que nuestro mundo necesita urgentemente. \u00bfEst\u00e1s listo para dar el primer pedaleo hacia una vida m\u00e1s saludable y sostenible?<\/p>\n","protected":false},"excerpt":{"rendered":"<p>Cambiar el coche por la bicicleta se ha convertido en una revoluci\u00f3n silenciosa que transforma nuestra salud y el planeta simult\u00e1neamente. Mientras el tr\u00e1fico urbano se intensifica y la contaminaci\u00f3n ambiental alcanza niveles alarmantes, este simple cambio representa una soluci\u00f3n poderosa con beneficios duales que muchos subestiman. Descubramos por qu\u00e9 esta decisi\u00f3n podr\u00eda ser la &#8230; <a title=\"Dej\u00e9 mi coche por la bicicleta: mi riesgo cardiovascular baj\u00f3 un 50% en 30 d\u00edas (y mi cerebro me lo agradeci\u00f3)\" class=\"read-more\" href=\"https:\/\/www.journee-mondiale.com\/es\/deje-mi-coche-por-la-bicicleta-mi-riesgo-cardiovascular-bajo-un-50-en-30-dias-y-mi-cerebro-me-lo-agradecio\/\" aria-label=\"Leer m\u00e1s sobre Dej\u00e9 mi coche por la bicicleta: mi riesgo cardiovascular baj\u00f3 un 50% en 30 d\u00edas (y mi cerebro me lo agradeci\u00f3)\">Lire plus<\/a><\/p>\n","protected":false},"author":1,"featured_media":12321,"comment_status":"","ping_status":"","sticky":false,"template":"","format":"standard","meta":{"footnotes":""},"categories":[52],"tags":[],"class_list":["post-12322","post","type-post","status-publish","format-standard","has-post-thumbnail","hentry","category-salud"],"acf":[],"_yoast_wpseo_primary_category":null,"_yoast_wpseo_title":null,"_yoast_wpseo_metadesc":null,"_links":{"self":[{"href":"https:\/\/www.journee-mondiale.com\/es\/wp-json\/wp\/v2\/posts\/12322","targetHints":{"allow":["GET"]}}],"collection":[{"href":"https:\/\/www.journee-mondiale.com\/es\/wp-json\/wp\/v2\/posts"}],"about":[{"href":"https:\/\/www.journee-mondiale.com\/es\/wp-json\/wp\/v2\/types\/post"}],"author":[{"embeddable":true,"href":"https:\/\/www.journee-mondiale.com\/es\/wp-json\/wp\/v2\/users\/1"}],"replies":[{"embeddable":true,"href":"https:\/\/www.journee-mondiale.com\/es\/wp-json\/wp\/v2\/comments?post=12322"}],"version-history":[{"count":0,"href":"https:\/\/www.journee-mondiale.com\/es\/wp-json\/wp\/v2\/posts\/12322\/revisions"}],"wp:featuredmedia":[{"embeddable":true,"href":"https:\/\/www.journee-mondiale.com\/es\/wp-json\/wp\/v2\/media\/12321"}],"wp:attachment":[{"href":"https:\/\/www.journee-mondiale.com\/es\/wp-json\/wp\/v2\/media?parent=12322"}],"wp:term":[{"taxonomy":"category","embeddable":true,"href":"https:\/\/www.journee-mondiale.com\/es\/wp-json\/wp\/v2\/categories?post=12322"},{"taxonomy":"post_tag","embeddable":true,"href":"https:\/\/www.journee-mondiale.com\/es\/wp-json\/wp\/v2\/tags?post=12322"}],"curies":[{"name":"wp","href":"https:\/\/api.w.org\/{rel}","templated":true}]}}