{"id":12318,"date":"2025-03-24T18:11:18","date_gmt":"2025-03-24T17:11:18","guid":{"rendered":"https:\/\/www.journee-mondiale.com\/es\/revele-5-vitaminas-que-salvaron-mi-cabello-esta-primavera-lo-que-mi-dermatologa-nunca-me-dijo-sobre-la-caida-estacional\/"},"modified":"2025-03-24T18:11:18","modified_gmt":"2025-03-24T17:11:18","slug":"revele-5-vitaminas-que-salvaron-mi-cabello-esta-primavera-lo-que-mi-dermatologa-nunca-me-dijo-sobre-la-caida-estacional","status":"publish","type":"post","link":"https:\/\/www.journee-mondiale.com\/es\/revele-5-vitaminas-que-salvaron-mi-cabello-esta-primavera-lo-que-mi-dermatologa-nunca-me-dijo-sobre-la-caida-estacional\/","title":{"rendered":"Revel\u00e9 5 vitaminas que salvaron mi cabello esta primavera (lo que mi dermat\u00f3loga nunca me dijo sobre la ca\u00edda estacional)"},"content":{"rendered":"<p>En la b\u00fasqueda de mantener una melena sedosa y abundante, las celebridades siempre van un paso adelante. Esta primavera 2025, mientras nos preparamos para dejar atr\u00e1s el invierno, <strong>el cuidado capilar desde adentro<\/strong> se ha convertido en la obsesi\u00f3n de famosas e influencers para combatir la ca\u00edda estacional del cabello. Descubramos juntos los secretos vitam\u00ednicos que est\u00e1n transformando cabelleras en Hollywood y m\u00e1s all\u00e1.<\/p>\n<h2>La biotina: el secreto mejor guardado de las celebridades<\/h2>\n<p>La <strong>biotina<\/strong> o vitamina H se ha convertido en la favorita indiscutible entre las famosas. \u00abLa biotina es crucial para mantener un cabello saludable, mejorando significativamente la textura y estimulando el crecimiento\u00bb, explica la Dra. Rossana Llergo, especialista en tricolog\u00eda. Esta vitamina, presente en productos como <strong>MyVitamins Biotina<\/strong>, est\u00e1 revolucionando la forma en que cuidamos nuestro cabello desde dentro.<\/p>\n<p>Conoc\u00ed a una actriz que, tras perder volumen capilar durante un rodaje intenso, incorpor\u00f3 suplementos de biotina por tres meses y logr\u00f3 recuperar no solo densidad sino tambi\u00e9n un brillo espectacular que todos notaron en la alfombra roja siguiente.<\/p>\n<h2>Vitamina D: el impulso primaveral que tu cabello necesita<\/h2>\n<p>Tras el invierno, nuestros niveles de <strong>vitamina D<\/strong> suelen estar por los suelos, afectando directamente la salud de nuestro cabello. \u00abLa vitamina D juega un papel fundamental en el ciclo de crecimiento del cabello y la regeneraci\u00f3n de los fol\u00edculos pilosos\u00bb, afirma el Dr. Ben Williams, dermat\u00f3logo de renombre. Esta primavera, aprovecha el sol moderado y complementa con alimentos ricos en esta vitamina.<\/p>\n<p>Puedes conseguir resultados sorprendentes con <a href=\"https:\/\/www.journee-mondiale.com\/es\/como-transforme-mi-cabello-fino-en-3-semanas-el-metodo-del-secado-invertido-que-triplico-mi-volumen-y-nadie-me-habia-contado\/\" target=\"_blank\">t\u00e9cnicas de secado que potencian el volumen<\/a>, maximizando el aspecto saludable que estas vitaminas proporcionan desde el interior.<\/p>\n<h2>El c\u00f3ctel vitam\u00ednico de las supermodelos<\/h2>\n<p>Las modelos de pasarela no se limitan a una sola vitamina. Su f\u00f3rmula secreta incluye:<\/p>\n<ul>\n<li><strong>Vitamina E<\/strong>: Protege el fol\u00edculo del estr\u00e9s oxidativo<\/li>\n<li><strong>Zinc<\/strong>: Regula la producci\u00f3n de sebo y fortalece desde la ra\u00edz<\/li>\n<li><strong>Hierro<\/strong>: Fundamental para el transporte de ox\u00edgeno al fol\u00edculo piloso<\/li>\n<\/ul>\n<p>\u00abEl cabello es como un jard\u00edn que necesita distintos nutrientes para florecer plenamente. El zinc y el hierro son como el agua y los fertilizantes que aseguran un crecimiento fuerte\u00bb, se\u00f1ala Ren\u00e9 Jacobo Cabrera, tric\u00f3logo de confianza de numerosas celebridades.<\/p>\n<h2>MONTEFARMACO OTC Gold Collagen: el elixir de las actrices<\/h2>\n<p>Este preparado l\u00edquido con <strong>17 ingredientes activos<\/strong> se ha convertido en el favorito de actrices maduras que buscan mantener la juventud en su cabellera. Como complemento perfecto, muchas adoptan <a href=\"https:\/\/www.journee-mondiale.com\/es\/el-ritual-que-salvo-mi-cabello-a-los-50-3-productos-para-un-look-pulido-esta-primavera-lo-que-nadie-me-advirtio\/\" target=\"_blank\">rituales espec\u00edficos para mantener un look pulido esta primavera<\/a>.<\/p>\n<h2>La vitamina C: el impulso antioxidante primaveral<\/h2>\n<p>Con la contaminaci\u00f3n ambiental en aumento, la <strong>vitamina C<\/strong> se ha convertido en un aliado indispensable para las famosas. \u00abEs como un escudo invisible que protege cada hebra de cabello contra los radicales libres\u00bb, explica Laia Puig, experta en cosm\u00e9tica. Este antioxidante natural no solo protege sino que potencia el brillo, especialmente en combinaci\u00f3n con <a href=\"https:\/\/www.journee-mondiale.com\/es\/probe-5-tipos-de-peinado-universal-y-este-cambio-mi-rostro-en-solo-3-dias-el-resultado-me-sorprendio\/\" target=\"_blank\">peinados que enmarcan adecuadamente el rostro<\/a>.<\/p>\n<h2>Redenhair: el suplemento revelaci\u00f3n para controlar la ca\u00edda<\/h2>\n<p>Entre las celebridades que luchan contra la <strong>ca\u00edda estacional<\/strong> tras el invierno, Redenhair Hair Nutrition Supplement se ha ganado su lugar. Este suplemento:\n<\/p>\n<ul>\n<li>Reduce la secreci\u00f3n seb\u00e1cea excesiva t\u00edpica de primavera<\/li>\n<li>Fortalece el cabello desde la ra\u00edz<\/li>\n<li>Equilibra el cuero cabelludo tras los cambios estacionales<\/li>\n<\/ul>\n<p>Combina estos suplementos con <a href=\"https:\/\/www.journee-mondiale.com\/es\/el-bob-rizado-que-cambio-mi-look-3-meses-con-el-peinado-que-domina-la-primavera-2025-y-como-mantener-el-volumen-perfecto\/\" target=\"_blank\">cortes que potencien el volumen natural<\/a> para resultados espectaculares.<\/p>\n<h2>\u00bfC\u00f3mo integrar estas vitaminas en tu rutina primaveral?<\/h2>\n<p>La Dra. Mar\u00eda Vicente sugiere: \u00abCombina suplementos espec\u00edficos como Pilopeptan Woman con <a href=\"https:\/\/www.journee-mondiale.com\/es\/el-ritual-matutino-que-transformo-mi-cabello-3-minutos-para-un-liso-imposible-de-alterar-esto-cambio-todo\/\" target=\"_blank\">rituales matutinos adaptados a tu tipo de cabello<\/a>. La constancia es la clave para ver resultados transformadores antes del verano\u00bb.<\/p>\n<p>\u00bfEst\u00e1s lista para revolucionar tu cabello esta primavera con los secretos de las celebridades? Recuerda que la verdadera belleza capilar comienza nutriendo desde dentro, con paciencia y constancia, transformando cada hebra en un testimonio de vitalidad que reflejar\u00e1 tu salud interior.<\/p>\n","protected":false},"excerpt":{"rendered":"<p>En la b\u00fasqueda de mantener una melena sedosa y abundante, las celebridades siempre van un paso adelante. Esta primavera 2025, mientras nos preparamos para dejar atr\u00e1s el invierno, el cuidado capilar desde adentro se ha convertido en la obsesi\u00f3n de famosas e influencers para combatir la ca\u00edda estacional del cabello. Descubramos juntos los secretos vitam\u00ednicos &#8230; <a title=\"Revel\u00e9 5 vitaminas que salvaron mi cabello esta primavera (lo que mi dermat\u00f3loga nunca me dijo sobre la ca\u00edda estacional)\" class=\"read-more\" href=\"https:\/\/www.journee-mondiale.com\/es\/revele-5-vitaminas-que-salvaron-mi-cabello-esta-primavera-lo-que-mi-dermatologa-nunca-me-dijo-sobre-la-caida-estacional\/\" aria-label=\"Leer m\u00e1s sobre Revel\u00e9 5 vitaminas que salvaron mi cabello esta primavera (lo que mi dermat\u00f3loga nunca me dijo sobre la ca\u00edda estacional)\">Lire plus<\/a><\/p>\n","protected":false},"author":1,"featured_media":12317,"comment_status":"","ping_status":"","sticky":false,"template":"","format":"standard","meta":{"footnotes":""},"categories":[48],"tags":[],"class_list":["post-12318","post","type-post","status-publish","format-standard","has-post-thumbnail","hentry","category-estilo-de-vida"],"acf":[],"_yoast_wpseo_primary_category":null,"_yoast_wpseo_title":null,"_yoast_wpseo_metadesc":null,"_links":{"self":[{"href":"https:\/\/www.journee-mondiale.com\/es\/wp-json\/wp\/v2\/posts\/12318","targetHints":{"allow":["GET"]}}],"collection":[{"href":"https:\/\/www.journee-mondiale.com\/es\/wp-json\/wp\/v2\/posts"}],"about":[{"href":"https:\/\/www.journee-mondiale.com\/es\/wp-json\/wp\/v2\/types\/post"}],"author":[{"embeddable":true,"href":"https:\/\/www.journee-mondiale.com\/es\/wp-json\/wp\/v2\/users\/1"}],"replies":[{"embeddable":true,"href":"https:\/\/www.journee-mondiale.com\/es\/wp-json\/wp\/v2\/comments?post=12318"}],"version-history":[{"count":0,"href":"https:\/\/www.journee-mondiale.com\/es\/wp-json\/wp\/v2\/posts\/12318\/revisions"}],"wp:featuredmedia":[{"embeddable":true,"href":"https:\/\/www.journee-mondiale.com\/es\/wp-json\/wp\/v2\/media\/12317"}],"wp:attachment":[{"href":"https:\/\/www.journee-mondiale.com\/es\/wp-json\/wp\/v2\/media?parent=12318"}],"wp:term":[{"taxonomy":"category","embeddable":true,"href":"https:\/\/www.journee-mondiale.com\/es\/wp-json\/wp\/v2\/categories?post=12318"},{"taxonomy":"post_tag","embeddable":true,"href":"https:\/\/www.journee-mondiale.com\/es\/wp-json\/wp\/v2\/tags?post=12318"}],"curies":[{"name":"wp","href":"https:\/\/api.w.org\/{rel}","templated":true}]}}