{"id":12310,"date":"2025-03-24T17:59:48","date_gmt":"2025-03-24T16:59:48","guid":{"rendered":"https:\/\/www.journee-mondiale.com\/es\/risoterapia-primaveral-como-descubri-que-15-minutos-diarios-liberaron-mi-estres-y-la-ciencia-que-lo-explica\/"},"modified":"2025-03-24T17:59:48","modified_gmt":"2025-03-24T16:59:48","slug":"risoterapia-primaveral-como-descubri-que-15-minutos-diarios-liberaron-mi-estres-y-la-ciencia-que-lo-explica","status":"publish","type":"post","link":"https:\/\/www.journee-mondiale.com\/es\/risoterapia-primaveral-como-descubri-que-15-minutos-diarios-liberaron-mi-estres-y-la-ciencia-que-lo-explica\/","title":{"rendered":"Risoterapia primaveral: c\u00f3mo descubr\u00ed que 15 minutos diarios liberaron mi estr\u00e9s (y la ciencia que lo explica)"},"content":{"rendered":"<p>Con la llegada de la <strong>primavera de 2025<\/strong>, los niveles de estr\u00e9s tienden a aumentar mientras nos adaptamos a los cambios estacionales. \u00bfY si la soluci\u00f3n a nuestras tensiones estuviera en algo tan simple como una buena carcajada? La risoterapia podr\u00eda ser ese remedio natural que todos necesitamos en esta \u00e9poca del a\u00f1o.<\/p>\n<h2>La ciencia detr\u00e1s de la carcajada: m\u00e1s que un simple gesto<\/h2>\n<p>La <strong>risoterapia<\/strong> no es solo diversi\u00f3n; es una t\u00e9cnica terap\u00e9utica que utiliza el humor para mejorar nuestro bienestar f\u00edsico y mental. Cuando re\u00edmos, nuestro cerebro libera endorfinas, los llamados \u00abqu\u00edmicos de la felicidad\u00bb, que act\u00faan como analg\u00e9sicos naturales en nuestro organismo.<\/p>\n<p>\u00abEn las sesiones de risoterapia, conectamos con ese ni\u00f1o interior que hemos ido olvidando con los a\u00f1os. Es precisamente esa reconexi\u00f3n la que nos ayuda a liberar tensiones acumuladas\u00bb, explica <strong>Pilar Puyal<\/strong>, risoterapeuta con m\u00e1s de 15 a\u00f1os de experiencia.<\/p>\n<h2>Transformando el estr\u00e9s primaveral en energ\u00eda positiva<\/h2>\n<p>La primavera trae consigo cambios hormonales y ambientales que pueden intensificar nuestro estr\u00e9s. La <strong>terapia de la risa<\/strong> ofrece un ant\u00eddoto perfecto, actuando como una v\u00e1lvula de escape natural para las presiones cotidianas que se acumulan durante esta estaci\u00f3n.<\/p>\n<p>Seg\u00fan la Dra. Irene Megina, Directora de la Escuela de Risoterapia de Madrid: \u00abLa risoterapia tiene efectos positivos an\u00edmicos especialmente notables en primavera; las personas recuperan la motivaci\u00f3n y duermen mejor justo cuando el cuerpo est\u00e1 adapt\u00e1ndose a m\u00e1s horas de luz\u00bb.<\/p>\n<blockquote><p>Es como si cada carcajada fuera una peque\u00f1a escoba que barre el estr\u00e9s acumulado en cada rinc\u00f3n de nuestro cuerpo.<\/p><\/blockquote>\n<h2>Beneficios cient\u00edficamente respaldados que transformar\u00e1n tu primavera<\/h2>\n<p>Los estudios confirman que la <strong>risoterapia<\/strong> puede convertirse en tu aliada esta primavera gracias a:<\/p>\n<ul>\n<li>Reducci\u00f3n del <strong>cortisol<\/strong>, la hormona del estr\u00e9s<\/li>\n<li>Mejora de la circulaci\u00f3n sangu\u00ednea<\/li>\n<li>Fortalecimiento del sistema inmunol\u00f3gico<\/li>\n<li>Liberaci\u00f3n de tensi\u00f3n muscular<\/li>\n<\/ul>\n<p>\u00abMi experiencia demostr\u00f3 que re\u00edr puede reducir el dolor y mejorar el bienestar general, especialmente en \u00e9pocas de transici\u00f3n como la primavera\u00bb, compart\u00eda el reconocido <strong>Norman Cousins<\/strong>, pionero en documentar los efectos terap\u00e9uticos de la risa.<\/p>\n<h2>Incorpora la risoterapia a tu rutina primaveral: t\u00e9cnicas sencillas<\/h2>\n<p>Implementar la risoterapia en tu d\u00eda a d\u00eda es m\u00e1s f\u00e1cil de lo que imaginas, similar a <a href=\"https:\/\/www.journee-mondiale.com\/es\/como-transforme-mi-cabello-fino-en-3-semanas-el-metodo-del-secado-invertido-que-triplico-mi-volumen-y-nadie-me-habia-contado\/\" target=\"_blank\">c\u00f3mo transformar algo sencillo en extraordinario<\/a>. Comienza con estos ejercicios:<\/p>\n<ul>\n<li>Dedicar 5 minutos cada ma\u00f1ana a la <strong>\u00abrisa sin motivo\u00bb<\/strong><\/li>\n<li>Ver videos c\u00f3micos durante los descansos laborales<\/li>\n<li>Practicar la \u00abrisa espejo\u00bb frente al espejo, similar a la <a href=\"https:\/\/www.journee-mondiale.com\/es\/tecnica-del-espejo-mi-transformacion-de-5-minutos-que-cambio-mi-relacion-con-el-reflejo-esto-podria-cambiar-tu-primavera\/\" target=\"_blank\">t\u00e9cnica del espejo que transforma en 5 minutos<\/a><\/li>\n<\/ul>\n<h2>El efecto rejuvenecedor de la risoterapia: belleza desde dentro<\/h2>\n<p>La risa no solo mejora nuestro interior sino tambi\u00e9n nuestra apariencia, actuando como un <strong>ritual de belleza natural<\/strong>. As\u00ed como existen <a href=\"https:\/\/www.journee-mondiale.com\/es\/el-ritual-que-salvo-mi-cabello-a-los-50-3-productos-para-un-look-pulido-esta-primavera-lo-que-nadie-me-advirtio\/\" target=\"_blank\">rituales que salvan nuestro cabello<\/a>, la risoterapia puede salvar nuestra piel y expresi\u00f3n facial.<\/p>\n<p>Rosa, participante habitual en sesiones de risoterapia, comparte: \u00abDesde que practiqu\u00e9 la risoterapia, he notado que mi rostro luce m\u00e1s relajado, como si hubiera encontrado un <a href=\"https:\/\/www.journee-mondiale.com\/es\/maquillaje-para-eventos-al-aire-libre-despues-de-los-50-mi-tecnica-del-efecto-desenfocado-que-rejuvenecio-mi-rostro-5-anos-esta-primavera\/\" target=\"_blank\">efecto rejuvenecedor natural<\/a>\u00ab.<\/p>\n<h2>La risa como conexi\u00f3n social en la nueva estaci\u00f3n<\/h2>\n<p>La primavera es el momento ideal para renovar nuestras <strong>conexiones sociales<\/strong>. La risoterapia grupal ofrece una oportunidad \u00fanica para fortalecer lazos mientras mejoramos nuestra salud, similar a c\u00f3mo un <a href=\"https:\/\/www.journee-mondiale.com\/es\/los-3-cortes-a-media-melena-que-probe-esta-primavera-y-por-que-el-corte-mariposa-rejuvenecio-mi-rostro\/\" target=\"_blank\">buen corte de pelo puede transformar nuestra imagen<\/a>.<\/p>\n<p>\u00bfEst\u00e1s listo para transformar tu estr\u00e9s primaveral en bienestar a trav\u00e9s del poder de la risa? Recuerda que una buena carcajada es como un mini masaje interno que relaja todo tu ser, prepar\u00e1ndote para disfrutar plenamente de la nueva estaci\u00f3n con energ\u00eda renovada y optimismo contagioso.<\/p>\n","protected":false},"excerpt":{"rendered":"<p>Con la llegada de la primavera de 2025, los niveles de estr\u00e9s tienden a aumentar mientras nos adaptamos a los cambios estacionales. \u00bfY si la soluci\u00f3n a nuestras tensiones estuviera en algo tan simple como una buena carcajada? La risoterapia podr\u00eda ser ese remedio natural que todos necesitamos en esta \u00e9poca del a\u00f1o. La ciencia &#8230; <a title=\"Risoterapia primaveral: c\u00f3mo descubr\u00ed que 15 minutos diarios liberaron mi estr\u00e9s (y la ciencia que lo explica)\" class=\"read-more\" href=\"https:\/\/www.journee-mondiale.com\/es\/risoterapia-primaveral-como-descubri-que-15-minutos-diarios-liberaron-mi-estres-y-la-ciencia-que-lo-explica\/\" aria-label=\"Leer m\u00e1s sobre Risoterapia primaveral: c\u00f3mo descubr\u00ed que 15 minutos diarios liberaron mi estr\u00e9s (y la ciencia que lo explica)\">Lire plus<\/a><\/p>\n","protected":false},"author":1,"featured_media":12309,"comment_status":"","ping_status":"","sticky":false,"template":"","format":"standard","meta":{"footnotes":""},"categories":[48],"tags":[],"class_list":["post-12310","post","type-post","status-publish","format-standard","has-post-thumbnail","hentry","category-estilo-de-vida"],"acf":[],"_yoast_wpseo_primary_category":null,"_yoast_wpseo_title":null,"_yoast_wpseo_metadesc":null,"_links":{"self":[{"href":"https:\/\/www.journee-mondiale.com\/es\/wp-json\/wp\/v2\/posts\/12310","targetHints":{"allow":["GET"]}}],"collection":[{"href":"https:\/\/www.journee-mondiale.com\/es\/wp-json\/wp\/v2\/posts"}],"about":[{"href":"https:\/\/www.journee-mondiale.com\/es\/wp-json\/wp\/v2\/types\/post"}],"author":[{"embeddable":true,"href":"https:\/\/www.journee-mondiale.com\/es\/wp-json\/wp\/v2\/users\/1"}],"replies":[{"embeddable":true,"href":"https:\/\/www.journee-mondiale.com\/es\/wp-json\/wp\/v2\/comments?post=12310"}],"version-history":[{"count":0,"href":"https:\/\/www.journee-mondiale.com\/es\/wp-json\/wp\/v2\/posts\/12310\/revisions"}],"wp:featuredmedia":[{"embeddable":true,"href":"https:\/\/www.journee-mondiale.com\/es\/wp-json\/wp\/v2\/media\/12309"}],"wp:attachment":[{"href":"https:\/\/www.journee-mondiale.com\/es\/wp-json\/wp\/v2\/media?parent=12310"}],"wp:term":[{"taxonomy":"category","embeddable":true,"href":"https:\/\/www.journee-mondiale.com\/es\/wp-json\/wp\/v2\/categories?post=12310"},{"taxonomy":"post_tag","embeddable":true,"href":"https:\/\/www.journee-mondiale.com\/es\/wp-json\/wp\/v2\/tags?post=12310"}],"curies":[{"name":"wp","href":"https:\/\/api.w.org\/{rel}","templated":true}]}}