{"id":12304,"date":"2025-03-24T17:50:31","date_gmt":"2025-03-24T16:50:31","guid":{"rendered":"https:\/\/www.journee-mondiale.com\/es\/cremas-depilatorias-faciales-mi-descubrimiento-que-ahorra-45-minutos-semanales-y-elimina-el-vello-en-solo-5-minutos-esta-primavera\/"},"modified":"2025-03-24T17:50:31","modified_gmt":"2025-03-24T16:50:31","slug":"cremas-depilatorias-faciales-mi-descubrimiento-que-ahorra-45-minutos-semanales-y-elimina-el-vello-en-solo-5-minutos-esta-primavera","status":"publish","type":"post","link":"https:\/\/www.journee-mondiale.com\/es\/cremas-depilatorias-faciales-mi-descubrimiento-que-ahorra-45-minutos-semanales-y-elimina-el-vello-en-solo-5-minutos-esta-primavera\/","title":{"rendered":"Cremas depilatorias faciales: mi descubrimiento que ahorra 45 minutos semanales (y elimina el vello en solo 5 minutos esta primavera)"},"content":{"rendered":"<p>Con la llegada de la primavera 2025, muchas nos preguntamos c\u00f3mo preparar nuestra piel para los d\u00edas m\u00e1s c\u00e1lidos que se avecinan. Entre las diversas opciones para eliminar el vello facial, las <strong>cremas depilatorias<\/strong> se han posicionado como un m\u00e9todo preferido por su rapidez y comodidad. Desvelamos todo lo que necesitas saber sobre esta alternativa indolora que est\u00e1 transformando las rutinas de belleza esta temporada.<\/p>\n<h2>\u00bfPor qu\u00e9 las cremas depilatorias faciales est\u00e1n conquistando la primavera?<\/h2>\n<p>Las cremas depilatorias faciales han evolucionado significativamente en los \u00faltimos a\u00f1os. Seg\u00fan la <strong>Dra. Carmen V\u00e1zquez<\/strong>, dermat\u00f3loga del Instituto de Belleza de Madrid: \u00abLas nuevas formulaciones respetan mucho m\u00e1s la barrera cut\u00e1nea, especialmente en zonas sensibles como el rostro, donde la piel es hasta un 40% m\u00e1s fina que en otras partes del cuerpo\u00bb.<\/p>\n<p>Esta primavera 2025, estos productos se presentan como la alternativa perfecta para quienes buscan <strong>m\u00e9todos r\u00e1pidos<\/strong> que se adapten a los ritmos acelerados de la vida moderna, similar a c\u00f3mo <a href=\"https:\/\/www.journee-mondiale.com\/es\/probe-5-tipos-de-peinado-universal-y-este-cambio-mi-rostro-en-solo-3-dias-el-resultado-me-sorprendio\/\" target=\"_blank\">ciertos peinados universales pueden transformar nuestro rostro en pocos d\u00edas<\/a>.<\/p>\n<h2>Beneficios primaverales de la crema depilatoria facial<\/h2>\n<p>La primavera nos invita a mostrar m\u00e1s piel y el <strong>vello facial indeseado<\/strong> puede convertirse en una preocupaci\u00f3n. Las cremas depilatorias ofrecen ventajas significativas:<\/p>\n<ul>\n<li>Resultados visibles entre 5-10 minutos<\/li>\n<li>Efecto que dura hasta 7 d\u00edas<\/li>\n<li>Vello que crece m\u00e1s fino y suave con el uso regular<\/li>\n<li>Evita la irritaci\u00f3n que provocan otros m\u00e9todos<\/li>\n<\/ul>\n<h2>La ciencia detr\u00e1s de la magia primaveral<\/h2>\n<p>Estas cremas funcionan mediante <strong>compuestos qu\u00edmicos<\/strong> que disuelven la queratina del pelo, permitiendo eliminarlo sin dolor. \u00abEs como si crearas un peque\u00f1o &#8216;terremoto molecular&#8217; que sacude solo el vello sin afectar la piel circundante\u00bb, explica el <strong>Dr. Miguel Fern\u00e1ndez<\/strong>, especialista en cosm\u00e9tica dermatol\u00f3gica.<\/p>\n<p>Esta transformaci\u00f3n indolora recuerda a c\u00f3mo <a href=\"https:\/\/www.journee-mondiale.com\/es\/tecnica-del-espejo-mi-transformacion-de-5-minutos-que-cambio-mi-relacion-con-el-reflejo-esto-podria-cambiar-tu-primavera\/\" target=\"_blank\">la t\u00e9cnica del espejo puede cambiar nuestra relaci\u00f3n con el reflejo en solo 5 minutos<\/a>, ofreci\u00e9ndonos una nueva perspectiva visual.<\/p>\n<h2>Elegir la crema perfecta para tu tipo de piel primaveral<\/h2>\n<p>La <strong>hidrataci\u00f3n adicional<\/strong> es fundamental en esta \u00e9poca del a\u00f1o. Las mejores opciones para la primavera 2025 incluyen:<\/p>\n<ul>\n<li>F\u00f3rmulas con aloe vera para pieles reactivas<\/li>\n<li>Opciones con aceite de almendras para nutrir en profundidad<\/li>\n<li>Versiones enriquecidas con vitamina E para combatir los radicales libres<\/li>\n<\/ul>\n<h2>La experiencia transformadora: m\u00e1s all\u00e1 de la depilaci\u00f3n<\/h2>\n<p>Ana Torres, esteticista con 15 a\u00f1os de experiencia, cuenta: \u00abMuchas clientas me confiesan que cambiar a la crema depilatoria facial les ha permitido <strong>ahorrar hasta 45 minutos semanales<\/strong> en su rutina de belleza\u00bb. Este ahorro de tiempo puede ser tan transformador como <a href=\"https:\/\/www.journee-mondiale.com\/es\/los-vestidos-de-hm-que-redujeron-mi-ansiedad-un-15-esta-primavera-y-mejoraron-mi-postura-desde-el-primer-dia\/\" target=\"_blank\">encontrar los vestidos perfectos que reducen nuestra ansiedad esta primavera<\/a>.<\/p>\n<h2>Mitos primaverales sobre las cremas depilatorias<\/h2>\n<p>Contrario a lo que muchas creen, las cremas modernas no oscurecen la piel ni hacen que el <strong>vello crezca m\u00e1s grueso<\/strong>. Al igual que <a href=\"https:\/\/www.journee-mondiale.com\/es\/la-revolucion-plateada-que-rejuvenece-7-anos-el-corte-en-capas-que-9-de-cada-10-mujeres-eligen-para-transformar-sus-canas-esta-primavera\/\" target=\"_blank\">el corte en capas puede transformar el aspecto de las canas<\/a>, estas cremas pueden cambiar completamente nuestra relaci\u00f3n con la depilaci\u00f3n facial.<\/p>\n<h2>El ritual primaveral de cuidado posterior<\/h2>\n<p>Tras usar la crema, es vital aplicar <strong>productos calmantes<\/strong>. Este paso es similar a <a href=\"https:\/\/www.journee-mondiale.com\/es\/el-ritual-que-salvo-mi-cabello-a-los-50-3-productos-para-un-look-pulido-esta-primavera-lo-que-nadie-me-advirtio\/\" target=\"_blank\">los rituales capilares que salvan nuestro pelo con pocos productos<\/a>. Un simple hidratante sin alcohol puede marcar la diferencia entre una piel irritada y una radiante.<\/p>\n<p>\u00bfLista para descubrir la libertad que ofrecen las cremas depilatorias faciales esta primavera? Este m\u00e9todo r\u00e1pido y sin dolor podr\u00eda ser exactamente lo que necesitas para brillar con confianza en los d\u00edas soleados que se avecinan, permiti\u00e9ndote disfrutar de cada momento sin preocupaciones est\u00e9ticas.<\/p>\n","protected":false},"excerpt":{"rendered":"<p>Con la llegada de la primavera 2025, muchas nos preguntamos c\u00f3mo preparar nuestra piel para los d\u00edas m\u00e1s c\u00e1lidos que se avecinan. Entre las diversas opciones para eliminar el vello facial, las cremas depilatorias se han posicionado como un m\u00e9todo preferido por su rapidez y comodidad. Desvelamos todo lo que necesitas saber sobre esta alternativa &#8230; <a title=\"Cremas depilatorias faciales: mi descubrimiento que ahorra 45 minutos semanales (y elimina el vello en solo 5 minutos esta primavera)\" class=\"read-more\" href=\"https:\/\/www.journee-mondiale.com\/es\/cremas-depilatorias-faciales-mi-descubrimiento-que-ahorra-45-minutos-semanales-y-elimina-el-vello-en-solo-5-minutos-esta-primavera\/\" aria-label=\"Leer m\u00e1s sobre Cremas depilatorias faciales: mi descubrimiento que ahorra 45 minutos semanales (y elimina el vello en solo 5 minutos esta primavera)\">Lire plus<\/a><\/p>\n","protected":false},"author":1,"featured_media":12303,"comment_status":"","ping_status":"","sticky":false,"template":"","format":"standard","meta":{"footnotes":""},"categories":[48],"tags":[],"class_list":["post-12304","post","type-post","status-publish","format-standard","has-post-thumbnail","hentry","category-estilo-de-vida"],"acf":[],"_yoast_wpseo_primary_category":null,"_yoast_wpseo_title":null,"_yoast_wpseo_metadesc":null,"_links":{"self":[{"href":"https:\/\/www.journee-mondiale.com\/es\/wp-json\/wp\/v2\/posts\/12304","targetHints":{"allow":["GET"]}}],"collection":[{"href":"https:\/\/www.journee-mondiale.com\/es\/wp-json\/wp\/v2\/posts"}],"about":[{"href":"https:\/\/www.journee-mondiale.com\/es\/wp-json\/wp\/v2\/types\/post"}],"author":[{"embeddable":true,"href":"https:\/\/www.journee-mondiale.com\/es\/wp-json\/wp\/v2\/users\/1"}],"replies":[{"embeddable":true,"href":"https:\/\/www.journee-mondiale.com\/es\/wp-json\/wp\/v2\/comments?post=12304"}],"version-history":[{"count":0,"href":"https:\/\/www.journee-mondiale.com\/es\/wp-json\/wp\/v2\/posts\/12304\/revisions"}],"wp:featuredmedia":[{"embeddable":true,"href":"https:\/\/www.journee-mondiale.com\/es\/wp-json\/wp\/v2\/media\/12303"}],"wp:attachment":[{"href":"https:\/\/www.journee-mondiale.com\/es\/wp-json\/wp\/v2\/media?parent=12304"}],"wp:term":[{"taxonomy":"category","embeddable":true,"href":"https:\/\/www.journee-mondiale.com\/es\/wp-json\/wp\/v2\/categories?post=12304"},{"taxonomy":"post_tag","embeddable":true,"href":"https:\/\/www.journee-mondiale.com\/es\/wp-json\/wp\/v2\/tags?post=12304"}],"curies":[{"name":"wp","href":"https:\/\/api.w.org\/{rel}","templated":true}]}}