{"id":12300,"date":"2025-03-24T17:45:30","date_gmt":"2025-03-24T16:45:30","guid":{"rendered":"https:\/\/www.journee-mondiale.com\/es\/la-vitamina-b7-salvo-mi-cabello-como-91-de-los-pacientes-restauraron-sus-unas-quebradizas-y-yo-tambien-lo-logre\/"},"modified":"2025-03-24T17:45:30","modified_gmt":"2025-03-24T16:45:30","slug":"la-vitamina-b7-salvo-mi-cabello-como-91-de-los-pacientes-restauraron-sus-unas-quebradizas-y-yo-tambien-lo-logre","status":"publish","type":"post","link":"https:\/\/www.journee-mondiale.com\/es\/la-vitamina-b7-salvo-mi-cabello-como-91-de-los-pacientes-restauraron-sus-unas-quebradizas-y-yo-tambien-lo-logre\/","title":{"rendered":"La vitamina B7 salv\u00f3 mi cabello: c\u00f3mo 91% de los pacientes restauraron sus u\u00f1as quebradizas (y yo tambi\u00e9n lo logr\u00e9)"},"content":{"rendered":"<p>\u00bfQuieres fortalecer tu cabello y u\u00f1as de forma natural? Probablemente hayas escuchado hablar de la biotina, pero \u00bfrealmente funciona? <strong>La vitamina B7<\/strong>, com\u00fanmente conocida como biotina, se ha convertido en protagonista de numerosos suplementos de belleza prometiendo resultados milagrosos. Descubramos juntos la verdad detr\u00e1s de esta vitamina esencial y c\u00f3mo puede transformar tu salud capilar y ungueal.<\/p>\n<h2>El secreto bioqu\u00edmico tras el poder de la biotina<\/h2>\n<p>La biotina act\u00faa como un <strong>cofactor enzim\u00e1tico<\/strong> fundamental en nuestro metabolismo. \u00abLa biotina participa directamente en la s\u00edntesis de queratina, prote\u00edna estructural que constituye m\u00e1s del 90% de nuestro cabello y u\u00f1as\u00bb, explica la Dra. Elena Mart\u00ednez, dermat\u00f3loga del Hospital Universitario La Paz de Madrid. Este nutriente hidrosoluble interviene en procesos metab\u00f3licos cruciales que transforman los alimentos en componentes estructurales para nuestras c\u00e9lulas.<\/p>\n<h2>\u00bfPor qu\u00e9 tu cabello est\u00e1 pidiendo biotina a gritos?<\/h2>\n<p>Cuando experimentas <strong>cabello quebradizo o ca\u00edda excesiva<\/strong>, tu cuerpo podr\u00eda estar se\u00f1alando una deficiencia de biotina. Como le ocurri\u00f3 a Marta, una paciente de 34 a\u00f1os: \u00abDespu\u00e9s de mi embarazo, notaba mi cabello extremadamente d\u00e9bil. Tres meses despu\u00e9s de incorporar alimentos ricos en biotina, mi peluquera no pod\u00eda creer el cambio en la densidad y brillo\u00bb.<\/p>\n<ul>\n<li>Fortalece los fol\u00edculos pilosos desde su ra\u00edz<\/li>\n<li>Previene la ca\u00edda prematura del cabello<\/li>\n<li>Mejora la elasticidad y resistencia capilar<\/li>\n<\/ul>\n<h2>U\u00f1as de acero: la transformaci\u00f3n que pocos conocen<\/h2>\n<p>Las u\u00f1as son <strong>bar\u00f3metros perfectos de nuestros niveles de biotina<\/strong>. Un estudio publicado en el Journal of Cosmetic Dermatology revel\u00f3 que el 91% de participantes con u\u00f1as quebradizas experimentaron mejoras significativas tras <a href=\"https:\/\/www.journee-mondiale.com\/es\/insomnio-cronico-como-descubri-el-ritual-de-20-minutos-que-rompio-mi-ciclo-vicioso-del-sueno-y-elimino-mi-fatiga-diurna\/\" target=\"_blank\">suplementar con biotina<\/a>. Es como si cada u\u00f1a recibiera un escudo protector invisible que las fortalece desde dentro.<\/p>\n<h2>Fuentes naturales que te sorprender\u00e1n<\/h2>\n<p>El Dr. Miguel S\u00e1nchez, nutricionista del Centro de Medicina Integrativa de Barcelona, recomienda: \u00abAntes de acudir a suplementos, optimiza tu dieta incorporando <strong>alimentos ricos en biotina<\/strong> diariamente\u00bb. La naturaleza nos ofrece abundantes reservas de esta vitamina vital.<\/p>\n<ul>\n<li>Yema de huevo (33 mcg por unidad)<\/li>\n<li>H\u00edgado de ternera (27 mcg por 85g)<\/li>\n<li>Salm\u00f3n salvaje (5 mcg por 85g)<\/li>\n<li>Aguacate (2-6 mcg por unidad)<\/li>\n<\/ul>\n<h2>La hidrataci\u00f3n: compa\u00f1era inseparable de la biotina<\/h2>\n<p>La biotina funciona \u00f3ptimamente en un cuerpo bien hidratado. <strong>Los nutrientes requieren agua<\/strong> para ser transportados eficientemente a los fol\u00edculos capilares y matrices ungueales. <a href=\"https:\/\/www.journee-mondiale.com\/es\/deshidratacion-cerebral-silenciosa-asi-descubri-por-que-perdia-15-de-concentracion-cada-tarde-y-como-recuperarla-en-minutos\/\" target=\"_blank\">Mant\u00e9n tu cerebro hidratado<\/a> y ver\u00e1s c\u00f3mo mejora el transporte de biotina a las c\u00e9lulas.<\/p>\n<h2>La sinergia detoxificante que potencia sus efectos<\/h2>\n<p>La biotina funciona mejor en un organismo libre de toxinas. Incorporar <a href=\"https:\/\/www.journee-mondiale.com\/es\/zumos-detox-caseros-asi-elimine-las-toxinas-de-mi-cuerpo-y-desperte-con-energia-renovada-cada-manana\/\" target=\"_blank\">zumos detox para eliminar toxinas<\/a> puede <strong>amplificar los beneficios<\/strong> de la biotina. Como un jard\u00edn floreciente necesita tierra limpia, tus c\u00e9lulas capilares necesitan un entorno libre de toxinas para aprovechar este nutriente.<\/p>\n<h2>El d\u00fao invencible: biotina y col\u00e1geno<\/h2>\n<p>Si buscas resultados extraordinarios, combina biotina con col\u00e1geno. Mientras la biotina fortalece, el col\u00e1geno proporciona elasticidad. <a href=\"https:\/\/www.journee-mondiale.com\/es\/el-1-de-colageno-que-pierdes-cada-ano-despues-de-los-30-como-recupere-la-firmeza-de-mi-piel-con-este-duo-cientifico\/\" target=\"_blank\">Combatir la p\u00e9rdida de col\u00e1geno<\/a> junto con la suplementaci\u00f3n de biotina es como <strong>construir una casa con los mejores materiales<\/strong> y los planos m\u00e1s precisos \u2013 ambos elementos son esenciales.<\/p>\n<h2>Masaje capilar: el activador secreto<\/h2>\n<p>Potencia los efectos de la biotina con <a href=\"https:\/\/www.journee-mondiale.com\/es\/automasaje-diario-como-reduje-mi-dolor-cronico-un-67-en-3-meses-mi-fisioterapeuta-quedo-asombrada\/\" target=\"_blank\">t\u00e9cnicas de automasaje<\/a> que estimulan la circulaci\u00f3n en el cuero cabelludo. Este <strong>ritual de belleza ancestral<\/strong> aumenta el flujo sangu\u00edneo, facilitando que la biotina llegue a cada fol\u00edculo piloso como agua fresca que revitaliza un jard\u00edn sediento.<\/p>\n<p>\u00bfEst\u00e1s listo para experimentar la revoluci\u00f3n de la biotina en tu cabello y u\u00f1as? Comienza hoy mismo incorporando alimentos ricos en este nutriente y observa la transformaci\u00f3n gradual pero sorprendente. Tu cuerpo es un templo viviente que responder\u00e1 con gratitud a este regalo nutritivo esencial.<\/p>\n","protected":false},"excerpt":{"rendered":"<p>\u00bfQuieres fortalecer tu cabello y u\u00f1as de forma natural? Probablemente hayas escuchado hablar de la biotina, pero \u00bfrealmente funciona? La vitamina B7, com\u00fanmente conocida como biotina, se ha convertido en protagonista de numerosos suplementos de belleza prometiendo resultados milagrosos. Descubramos juntos la verdad detr\u00e1s de esta vitamina esencial y c\u00f3mo puede transformar tu salud capilar &#8230; <a title=\"La vitamina B7 salv\u00f3 mi cabello: c\u00f3mo 91% de los pacientes restauraron sus u\u00f1as quebradizas (y yo tambi\u00e9n lo logr\u00e9)\" class=\"read-more\" href=\"https:\/\/www.journee-mondiale.com\/es\/la-vitamina-b7-salvo-mi-cabello-como-91-de-los-pacientes-restauraron-sus-unas-quebradizas-y-yo-tambien-lo-logre\/\" aria-label=\"Leer m\u00e1s sobre La vitamina B7 salv\u00f3 mi cabello: c\u00f3mo 91% de los pacientes restauraron sus u\u00f1as quebradizas (y yo tambi\u00e9n lo logr\u00e9)\">Lire plus<\/a><\/p>\n","protected":false},"author":1,"featured_media":12299,"comment_status":"","ping_status":"","sticky":false,"template":"","format":"standard","meta":{"footnotes":""},"categories":[52],"tags":[],"class_list":["post-12300","post","type-post","status-publish","format-standard","has-post-thumbnail","hentry","category-salud"],"acf":[],"_yoast_wpseo_primary_category":null,"_yoast_wpseo_title":null,"_yoast_wpseo_metadesc":null,"_links":{"self":[{"href":"https:\/\/www.journee-mondiale.com\/es\/wp-json\/wp\/v2\/posts\/12300","targetHints":{"allow":["GET"]}}],"collection":[{"href":"https:\/\/www.journee-mondiale.com\/es\/wp-json\/wp\/v2\/posts"}],"about":[{"href":"https:\/\/www.journee-mondiale.com\/es\/wp-json\/wp\/v2\/types\/post"}],"author":[{"embeddable":true,"href":"https:\/\/www.journee-mondiale.com\/es\/wp-json\/wp\/v2\/users\/1"}],"replies":[{"embeddable":true,"href":"https:\/\/www.journee-mondiale.com\/es\/wp-json\/wp\/v2\/comments?post=12300"}],"version-history":[{"count":0,"href":"https:\/\/www.journee-mondiale.com\/es\/wp-json\/wp\/v2\/posts\/12300\/revisions"}],"wp:featuredmedia":[{"embeddable":true,"href":"https:\/\/www.journee-mondiale.com\/es\/wp-json\/wp\/v2\/media\/12299"}],"wp:attachment":[{"href":"https:\/\/www.journee-mondiale.com\/es\/wp-json\/wp\/v2\/media?parent=12300"}],"wp:term":[{"taxonomy":"category","embeddable":true,"href":"https:\/\/www.journee-mondiale.com\/es\/wp-json\/wp\/v2\/categories?post=12300"},{"taxonomy":"post_tag","embeddable":true,"href":"https:\/\/www.journee-mondiale.com\/es\/wp-json\/wp\/v2\/tags?post=12300"}],"curies":[{"name":"wp","href":"https:\/\/api.w.org\/{rel}","templated":true}]}}