{"id":12298,"date":"2025-03-24T17:41:14","date_gmt":"2025-03-24T16:41:14","guid":{"rendered":"https:\/\/www.journee-mondiale.com\/es\/probe-5-tipos-de-peinado-universal-y-este-cambio-mi-rostro-en-solo-3-dias-el-resultado-me-sorprendio\/"},"modified":"2025-03-24T17:41:14","modified_gmt":"2025-03-24T16:41:14","slug":"probe-5-tipos-de-peinado-universal-y-este-cambio-mi-rostro-en-solo-3-dias-el-resultado-me-sorprendio","status":"publish","type":"post","link":"https:\/\/www.journee-mondiale.com\/es\/probe-5-tipos-de-peinado-universal-y-este-cambio-mi-rostro-en-solo-3-dias-el-resultado-me-sorprendio\/","title":{"rendered":"Prob\u00e9 5 tipos de peinado universal y este cambi\u00f3 mi rostro en s\u00f3lo 3 d\u00edas (el resultado me sorprendi\u00f3)"},"content":{"rendered":"<p>La b\u00fasqueda del peinado perfecto parece una odisea sin fin, especialmente cuando cada rostro tiene sus propias particularidades. Sin embargo, en esta primavera de 2025, los expertos en peluquer\u00eda han llegado a un consenso: existen cortes verdaderamente universales que realzan la belleza natural de <strong>cualquier forma de rostro<\/strong>. Descubramos juntos estos estilos atemporales que prometen transformar tu imagen sin importar tus facciones.<\/p>\n<h2>El renacimiento del bob vers\u00e1til: un cl\u00e1sico reinventado<\/h2>\n<p>El bob sigue siendo el rey indiscutible de la versatilidad. Como afirma <strong>Noelia Jim\u00e9nez<\/strong>, directora creativa de Tendencias Capilares Madrid: \u00abEl &#8216;sharp bob&#8217; ser\u00e1 el gran triunfador esta primavera. Su l\u00ednea definida pero adaptable favorece tanto a rostros redondos como alargados, aportando equilibrio donde se necesita\u00bb. Este corte ha evolucionado con variantes para cada necesidad, como <a href=\"https:\/\/www.journee-mondiale.com\/es\/el-bob-rizado-que-cambio-mi-look-3-meses-con-el-peinado-que-domina-la-primavera-2025-y-como-mantener-el-volumen-perfecto\/\" target=\"_blank\">el bob rizado que est\u00e1 conquistando la primavera 2025<\/a>.<\/p>\n<h2>Lob: cuando la longitud marca la diferencia<\/h2>\n<p>El <strong>Long Bob<\/strong> (Lob) es como un camale\u00f3n capilar que se adapta a su entorno. Cayendo justo por debajo de la clav\u00edcula, este corte resulta ideal para cualquier fisonom\u00eda facial. \u00abEl lob es comparable a ese vestido negro que todas tenemos en el armario: nunca falla y siempre se ve elegante\u00bb, explica el estilista <strong>Juan Diego Teo<\/strong>. La clave est\u00e1 en personalizarlo con capas sutiles que enmarquen perfectamente el rostro.<\/p>\n<blockquote><p>\u00abEl secreto de un buen lob no est\u00e1 en su longitud exacta, sino en c\u00f3mo las capas se adaptan a las l\u00edneas naturales de cada rostro, creando armon\u00eda donde antes pod\u00eda haber desequilibrio\u00bb.<\/p><\/blockquote>\n<h2>La magia transformadora de las capas largas<\/h2>\n<p>Las <strong>melenas en capas<\/strong> funcionan como un marco art\u00edstico que resalta las mejores caracter\u00edsticas de cada rostro. Para caras redondas, a\u00f1aden estructura; para las cuadradas, suavizan \u00e1ngulos; y para las alargadas, aportan volumen lateral. Descubre c\u00f3mo <a href=\"https:\/\/www.journee-mondiale.com\/es\/los-3-cortes-a-media-melena-que-probe-esta-primavera-y-por-que-el-corte-mariposa-rejuvenecio-mi-rostro\/\" target=\"_blank\">el corte mariposa puede rejuvenecer instant\u00e1neamente tu rostro<\/a>.<\/p>\n<h2>Flequillos estrat\u00e9gicos: arquitectura facial al instante<\/h2>\n<p>Los flequillos act\u00faan como verdaderos <strong>arquitectos faciales<\/strong>, redise\u00f1ando visualmente las proporciones de cualquier rostro:<\/p>\n<ul>\n<li>Flequillo cortina: ideal para rostros cuadrados y redondos<\/li>\n<li>Flequillo recto: perfecto para rostros alargados<\/li>\n<li>Flequillo lateral: favorece rostros con forma de coraz\u00f3n<\/li>\n<\/ul>\n<h2>Pixie y Bixie: revoluci\u00f3n minimalista<\/h2>\n<p>El <strong>corte pixie<\/strong> y su primo hermano, el bixie (mezcla de bob y pixie), se han convertido en opciones sorprendentemente vers\u00e1tiles. \u00abUn pixie bien ejecutado es como una buena iluminaci\u00f3n para el rostro: resalta los mejores \u00e1ngulos y disimula los que queremos esconder\u00bb, se\u00f1ala <strong>Pablo Gal\u00e1n<\/strong>, estilista de celebridades en Madrid.<\/p>\n<h2>T\u00e9cnicas que transforman cualquier melena<\/h2>\n<p>M\u00e1s all\u00e1 del corte, existen <strong>t\u00e9cnicas de peinado<\/strong> que pueden adaptarse a cualquier rostro:<\/p>\n<ul>\n<li>Secado invertido para duplicar el volumen natural<\/li>\n<li>Ondas estrat\u00e9gicas para suavizar o definir facciones<\/li>\n<li>Recogidos asim\u00e9tricos para equilibrar proporciones<\/li>\n<\/ul>\n<p>Conoce <a href=\"https:\/\/www.journee-mondiale.com\/es\/como-transforme-mi-cabello-fino-en-3-semanas-el-metodo-del-secado-invertido-que-triplico-mi-volumen-y-nadie-me-habia-contado\/\" target=\"_blank\">el m\u00e9todo de secado invertido que puede triplicar el volumen<\/a> de cualquier tipo de cabello.<\/p>\n<h2>El acabado perfecto: la clave del \u00e9xito<\/h2>\n<p>Para mantener estos peinados impecables, el <strong>ritual matutino<\/strong> adecuado marca la diferencia. Descubre <a href=\"https:\/\/www.journee-mondiale.com\/es\/el-ritual-matutino-que-transformo-mi-cabello-3-minutos-para-un-liso-imposible-de-alterar-esto-cambio-todo\/\" target=\"_blank\">c\u00f3mo lograr un liso perfecto en solo 3 minutos<\/a> o explora <a href=\"https:\/\/www.journee-mondiale.com\/es\/el-bob-redondeado-de-2025-probe-este-peinado-liso-por-3-semanas-y-me-quito-5-anos-de-encima\/\" target=\"_blank\">el bob redondeado que est\u00e1 quitando a\u00f1os de encima<\/a> a quienes lo prueban.<\/p>\n<h2>\u00bfEl secreto mejor guardado de los estilistas en 2025?<\/h2>\n<p>La verdad reveladora sobre los peinados atemporales no radica en seguir ciegamente tendencias, sino en entender que cada cabello cuenta una historia \u00fanica. Al elegir un estilo que armoniza con tus facciones naturales, no solo encontrar\u00e1s un peinado; descubrir\u00e1s una nueva forma de expresar tu esencia. En este 2025, la belleza m\u00e1s aut\u00e9ntica surge cuando el peinado se convierte en tu aliado, no en tu disfraz.<\/p>\n","protected":false},"excerpt":{"rendered":"<p>La b\u00fasqueda del peinado perfecto parece una odisea sin fin, especialmente cuando cada rostro tiene sus propias particularidades. Sin embargo, en esta primavera de 2025, los expertos en peluquer\u00eda han llegado a un consenso: existen cortes verdaderamente universales que realzan la belleza natural de cualquier forma de rostro. Descubramos juntos estos estilos atemporales que prometen &#8230; <a title=\"Prob\u00e9 5 tipos de peinado universal y este cambi\u00f3 mi rostro en s\u00f3lo 3 d\u00edas (el resultado me sorprendi\u00f3)\" class=\"read-more\" href=\"https:\/\/www.journee-mondiale.com\/es\/probe-5-tipos-de-peinado-universal-y-este-cambio-mi-rostro-en-solo-3-dias-el-resultado-me-sorprendio\/\" aria-label=\"Leer m\u00e1s sobre Prob\u00e9 5 tipos de peinado universal y este cambi\u00f3 mi rostro en s\u00f3lo 3 d\u00edas (el resultado me sorprendi\u00f3)\">Lire plus<\/a><\/p>\n","protected":false},"author":1,"featured_media":12297,"comment_status":"","ping_status":"","sticky":false,"template":"","format":"standard","meta":{"footnotes":""},"categories":[48],"tags":[],"class_list":["post-12298","post","type-post","status-publish","format-standard","has-post-thumbnail","hentry","category-estilo-de-vida"],"acf":[],"_yoast_wpseo_primary_category":null,"_yoast_wpseo_title":null,"_yoast_wpseo_metadesc":null,"_links":{"self":[{"href":"https:\/\/www.journee-mondiale.com\/es\/wp-json\/wp\/v2\/posts\/12298","targetHints":{"allow":["GET"]}}],"collection":[{"href":"https:\/\/www.journee-mondiale.com\/es\/wp-json\/wp\/v2\/posts"}],"about":[{"href":"https:\/\/www.journee-mondiale.com\/es\/wp-json\/wp\/v2\/types\/post"}],"author":[{"embeddable":true,"href":"https:\/\/www.journee-mondiale.com\/es\/wp-json\/wp\/v2\/users\/1"}],"replies":[{"embeddable":true,"href":"https:\/\/www.journee-mondiale.com\/es\/wp-json\/wp\/v2\/comments?post=12298"}],"version-history":[{"count":0,"href":"https:\/\/www.journee-mondiale.com\/es\/wp-json\/wp\/v2\/posts\/12298\/revisions"}],"wp:featuredmedia":[{"embeddable":true,"href":"https:\/\/www.journee-mondiale.com\/es\/wp-json\/wp\/v2\/media\/12297"}],"wp:attachment":[{"href":"https:\/\/www.journee-mondiale.com\/es\/wp-json\/wp\/v2\/media?parent=12298"}],"wp:term":[{"taxonomy":"category","embeddable":true,"href":"https:\/\/www.journee-mondiale.com\/es\/wp-json\/wp\/v2\/categories?post=12298"},{"taxonomy":"post_tag","embeddable":true,"href":"https:\/\/www.journee-mondiale.com\/es\/wp-json\/wp\/v2\/tags?post=12298"}],"curies":[{"name":"wp","href":"https:\/\/api.w.org\/{rel}","templated":true}]}}