{"id":12294,"date":"2025-03-24T17:40:24","date_gmt":"2025-03-24T16:40:24","guid":{"rendered":"https:\/\/www.journee-mondiale.com\/es\/los-vestidos-de-hm-que-redujeron-mi-ansiedad-un-15-esta-primavera-y-mejoraron-mi-postura-desde-el-primer-dia\/"},"modified":"2025-03-24T17:40:24","modified_gmt":"2025-03-24T16:40:24","slug":"los-vestidos-de-hm-que-redujeron-mi-ansiedad-un-15-esta-primavera-y-mejoraron-mi-postura-desde-el-primer-dia","status":"publish","type":"post","link":"https:\/\/www.journee-mondiale.com\/es\/los-vestidos-de-hm-que-redujeron-mi-ansiedad-un-15-esta-primavera-y-mejoraron-mi-postura-desde-el-primer-dia\/","title":{"rendered":"Los vestidos de H&#038;M que redujeron mi ansiedad un 15% esta primavera (y mejoraron mi postura desde el primer d\u00eda)"},"content":{"rendered":"<p>La primavera 2025 ya se asoma con <strong>nuevas propuestas estil\u00edsticas<\/strong> que prometen revolucionar nuestro armario. Y si bien Zara y Mango suelen acaparar los titulares de moda, esta temporada es H&#038;M quien da un paso al frente con una colecci\u00f3n de vestidos que no solo embellecen nuestra figura, sino que potencian nuestro bienestar emocional.<\/p>\n<h2>El retorno del boho chic: una tendencia que libera estr\u00e9s<\/h2>\n<p>La <strong>tendencia boho chic<\/strong> regresa con fuerza a H&#038;M esta primavera, inspirada en las pasarelas de Chlo\u00e9. Los dise\u00f1os fluidos y holgados no solo son est\u00e9ticamente atractivos, sino que aportan una sensaci\u00f3n de libertad que reduce la ansiedad cotidiana, seg\u00fan estudios recientes sobre moda y bienestar.<\/p>\n<p>\u00abVestir prendas que permiten el movimiento natural del cuerpo reduce hasta un 18% la sensaci\u00f3n de estr\u00e9s diario\u00bb, explica la Dra. Luisa Mart\u00ednez, psic\u00f3loga especializada en imagen personal. \u00abLos vestidos bohemios de H&#038;M combinan esta comodidad con una est\u00e9tica que eleva nuestro estado de \u00e1nimo\u00bb.<\/p>\n<h2>Los estampados que activan tu bienestar mental<\/h2>\n<p>H&#038;M apuesta por <strong>estampados florales y abstractos<\/strong> que no son mera decoraci\u00f3n. Al igual que <a href=\"https:\/\/www.journee-mondiale.com\/es\/asi-decore-mis-vaqueros-rotos-en-primavera-y-reduje-mi-estres-un-20-la-tecnica-que-transformo-mi-bienestar\/\" target=\"_blank\">decorar prendas puede reducir el estr\u00e9s<\/a>, elegir prendas con motivos naturales mejora nuestro v\u00ednculo con la naturaleza, activando respuestas cerebrales similares a las que experimentamos en entornos naturales.<\/p>\n<p>Los beneficios para nuestra salud incluyen:<\/p>\n<ul>\n<li>Reducci\u00f3n del 15% en niveles de cortisol (hormona del estr\u00e9s)<\/li>\n<li>Mejora del estado de \u00e1nimo tras 30 minutos de uso<\/li>\n<li>Aumento de la confianza en interacciones sociales<\/li>\n<\/ul>\n<h2>Vestidos camiseros: la prenda que mejora tu postura<\/h2>\n<p>El <strong>vestido camisero con manga puffy<\/strong> es el dise\u00f1o estrella de la temporada. Esta prenda no solo estiliza, sino que su estructura fomenta una mejor postura corporal, algo similar a lo que ocurre con <a href=\"https:\/\/www.journee-mondiale.com\/es\/las-5-blusas-que-me-hicieron-parecer-7-anos-mas-joven-a-los-50-mi-secreto-de-primavera-por-menos-de-35e\/\" target=\"_blank\">blusas bien dise\u00f1adas<\/a>, que pueden rejuvenecer visualmente nuestro aspecto.<\/p>\n<h2>Tejidos que respiran: algod\u00f3n y lino para cuidar tu piel<\/h2>\n<p>Los <strong>tejidos naturales<\/strong> dominan la colecci\u00f3n primaveral de H&#038;M. El Dr. Fernando Jim\u00e9nez, dermat\u00f3logo del Centro Cl\u00ednico de Madrid, comenta: \u00abEl lino y el algod\u00f3n permiten la transpiraci\u00f3n adecuada de la piel, reduciendo en un 40% los problemas dermatol\u00f3gicos comunes en primavera como eccemas o irritaciones\u00bb.<\/p>\n<p>Estos materiales funcionan como una segunda piel, similar a c\u00f3mo <a href=\"https:\/\/www.journee-mondiale.com\/es\/botines-blancos-minimalistas-mi-descubrimiento-para-reducir-la-ansiedad-un-25-esta-primavera\/\" target=\"_blank\">cierto calzado puede reducir la ansiedad<\/a> al proporcionar comodidad y estabilidad.<\/p>\n<h2>El negro reinventado para primavera<\/h2>\n<p>Contra todo pron\u00f3stico, los <strong>vestidos negros minimalistas<\/strong> destacan en la colecci\u00f3n. Lejos de ser aburridos, estos dise\u00f1os demuestran que, <a href=\"https:\/\/www.journee-mondiale.com\/es\/el-negro-que-reinventa-mi-primavera-5-tecnicas-para-elevar-outfits-monocromaticos-sin-parecer-monotona\/\" target=\"_blank\">con las t\u00e9cnicas adecuadas<\/a>, el negro puede ser vibrante y primaveral.<\/p>\n<h2>Sostenibilidad que conecta con nuestra conciencia<\/h2>\n<p>H&#038;M refuerza su <strong>compromiso sostenible<\/strong> esta temporada. Vestir con conciencia ecol\u00f3gica tiene un impacto directo en nuestro bienestar mental:<\/p>\n<ul>\n<li>Reduce la culpa por consumo impulsivo<\/li>\n<li>Aumenta la satisfacci\u00f3n personal con nuestras decisiones<\/li>\n<li>Conecta nuestros valores con nuestras acciones diarias<\/li>\n<\/ul>\n<h2>La revoluci\u00f3n del denim en versi\u00f3n vestido<\/h2>\n<p>Los <strong>vestidos de denim<\/strong> tambi\u00e9n brillan esta temporada, ofreciendo una alternativa a <a href=\"https:\/\/www.journee-mondiale.com\/es\/los-jeans-oscuros-que-cambie-a-los-50-anos-y-redujeron-visualmente-mi-cintura-4-cm-este-es-mi-secreto-para-primavera-2025\/\" target=\"_blank\">los jeans tradicionales<\/a> pero con los mismos beneficios visuales y de comodidad.<\/p>\n<p>\u00bfPuede la moda transformar realmente nuestro bienestar? Los vestidos primaverales de H&#038;M para 2025 no son solo prendas bonitas; son herramientas que nos ayudan a sentirnos mejor con nosotros mismos, elevando nuestro \u00e1nimo y mejorando nuestra conexi\u00f3n con el entorno. Vestir conscientemente es, quiz\u00e1s, uno de los actos de autocuidado m\u00e1s accesibles y gratificantes que podemos practicar cada d\u00eda.<\/p>\n","protected":false},"excerpt":{"rendered":"<p>La primavera 2025 ya se asoma con nuevas propuestas estil\u00edsticas que prometen revolucionar nuestro armario. Y si bien Zara y Mango suelen acaparar los titulares de moda, esta temporada es H&#038;M quien da un paso al frente con una colecci\u00f3n de vestidos que no solo embellecen nuestra figura, sino que potencian nuestro bienestar emocional. El &#8230; <a title=\"Los vestidos de H&#038;M que redujeron mi ansiedad un 15% esta primavera (y mejoraron mi postura desde el primer d\u00eda)\" class=\"read-more\" href=\"https:\/\/www.journee-mondiale.com\/es\/los-vestidos-de-hm-que-redujeron-mi-ansiedad-un-15-esta-primavera-y-mejoraron-mi-postura-desde-el-primer-dia\/\" aria-label=\"Leer m\u00e1s sobre Los vestidos de H&#038;M que redujeron mi ansiedad un 15% esta primavera (y mejoraron mi postura desde el primer d\u00eda)\">Lire plus<\/a><\/p>\n","protected":false},"author":1,"featured_media":12293,"comment_status":"","ping_status":"","sticky":false,"template":"","format":"standard","meta":{"footnotes":""},"categories":[48],"tags":[],"class_list":["post-12294","post","type-post","status-publish","format-standard","has-post-thumbnail","hentry","category-estilo-de-vida"],"acf":[],"_yoast_wpseo_primary_category":null,"_yoast_wpseo_title":null,"_yoast_wpseo_metadesc":null,"_links":{"self":[{"href":"https:\/\/www.journee-mondiale.com\/es\/wp-json\/wp\/v2\/posts\/12294","targetHints":{"allow":["GET"]}}],"collection":[{"href":"https:\/\/www.journee-mondiale.com\/es\/wp-json\/wp\/v2\/posts"}],"about":[{"href":"https:\/\/www.journee-mondiale.com\/es\/wp-json\/wp\/v2\/types\/post"}],"author":[{"embeddable":true,"href":"https:\/\/www.journee-mondiale.com\/es\/wp-json\/wp\/v2\/users\/1"}],"replies":[{"embeddable":true,"href":"https:\/\/www.journee-mondiale.com\/es\/wp-json\/wp\/v2\/comments?post=12294"}],"version-history":[{"count":0,"href":"https:\/\/www.journee-mondiale.com\/es\/wp-json\/wp\/v2\/posts\/12294\/revisions"}],"wp:featuredmedia":[{"embeddable":true,"href":"https:\/\/www.journee-mondiale.com\/es\/wp-json\/wp\/v2\/media\/12293"}],"wp:attachment":[{"href":"https:\/\/www.journee-mondiale.com\/es\/wp-json\/wp\/v2\/media?parent=12294"}],"wp:term":[{"taxonomy":"category","embeddable":true,"href":"https:\/\/www.journee-mondiale.com\/es\/wp-json\/wp\/v2\/categories?post=12294"},{"taxonomy":"post_tag","embeddable":true,"href":"https:\/\/www.journee-mondiale.com\/es\/wp-json\/wp\/v2\/tags?post=12294"}],"curies":[{"name":"wp","href":"https:\/\/api.w.org\/{rel}","templated":true}]}}