{"id":12292,"date":"2025-03-24T17:30:36","date_gmt":"2025-03-24T16:30:36","guid":{"rendered":"https:\/\/www.journee-mondiale.com\/es\/insomnio-cronico-como-descubri-el-ritual-de-20-minutos-que-rompio-mi-ciclo-vicioso-del-sueno-y-elimino-mi-fatiga-diurna\/"},"modified":"2025-03-24T17:30:36","modified_gmt":"2025-03-24T16:30:36","slug":"insomnio-cronico-como-descubri-el-ritual-de-20-minutos-que-rompio-mi-ciclo-vicioso-del-sueno-y-elimino-mi-fatiga-diurna","status":"publish","type":"post","link":"https:\/\/www.journee-mondiale.com\/es\/insomnio-cronico-como-descubri-el-ritual-de-20-minutos-que-rompio-mi-ciclo-vicioso-del-sueno-y-elimino-mi-fatiga-diurna\/","title":{"rendered":"Insomnio cr\u00f3nico: C\u00f3mo descubr\u00ed el ritual de 20 minutos que rompi\u00f3 mi ciclo vicioso del sue\u00f1o (y elimin\u00f3 mi fatiga diurna)"},"content":{"rendered":"<p>\u00bfTe has encontrado dando vueltas en la cama por horas, mirando el techo y contando ovejas sin resultado? El insomnio no solo arruina nuestras noches, sino que tambi\u00e9n <strong>sabotea nuestro metabolismo<\/strong> y energ\u00eda diaria. Sin embargo, hay esperanza. Como descubr\u00ed al investigar <a href=\"https:\/\/www.journee-mondiale.com\/es\/deja-de-ignorar-estos-3-trastornos-del-sueno-estan-saboteando-tu-metabolismo-sin-que-lo-notes\/\" target=\"_blank\">trastornos del sue\u00f1o comunes<\/a>, peque\u00f1os ajustes pueden marcar una gran diferencia.<\/p>\n<h2>El ciclo vicioso del insomnio: c\u00f3mo romperlo esta noche<\/h2>\n<p>El Dr. Manuel Fern\u00e1ndez, neur\u00f3logo especializado en medicina del sue\u00f1o, explica que \u00abel insomnio cr\u00f3nico funciona como un <strong>c\u00edrculo vicioso autoalimentado<\/strong> donde la preocupaci\u00f3n por no dormir empeora el problema\u00bb. La soluci\u00f3n radica en atacar este ciclo desde m\u00faltiples \u00e1ngulos, comenzando esta misma noche.<\/p>\n<h2>El ritual de los 20 minutos que transformar\u00e1 tu descanso<\/h2>\n<p>Implementar un ritual nocturno coherente funciona como un <strong>interruptor mental<\/strong> que prepara tu cerebro para dormir. Imagina que est\u00e1s \u00abprogramando\u00bb tu sistema nervioso como quien configura un dispositivo electr\u00f3nico sofisticado.<\/p>\n<ul>\n<li>Apaga dispositivos electr\u00f3nicos 90 minutos antes de acostarte<\/li>\n<li>Disminuye gradualmente la intensidad de las luces<\/li>\n<li>Realiza estiramientos suaves o meditaci\u00f3n breve<\/li>\n<li>Mant\u00e9n tu dormitorio fresco (entre 18-20\u00b0C)<\/li>\n<\/ul>\n<h2>La influencia sorprendente de la hidrataci\u00f3n en el sue\u00f1o<\/h2>\n<p>Un dato poco conocido: la <strong>deshidrataci\u00f3n leve<\/strong> puede empeorar los problemas de insomnio. Sin embargo, como se\u00f1ala un estudio reciente, equilibrar la ingesta de l\u00edquidos es crucial. Descubr\u00ed que muchos de mis pacientes con insomnio mostraban signos de lo que llamo <a href=\"https:\/\/www.journee-mondiale.com\/es\/deshidratacion-cerebral-silenciosa-asi-descubri-por-que-perdia-15-de-concentracion-cada-tarde-y-como-recuperarla-en-minutos\/\" target=\"_blank\">deshidrataci\u00f3n cerebral silenciosa<\/a>, afectando su calidad de sue\u00f1o significativamente.<\/p>\n<h2>Movimiento estrat\u00e9gico: la clave que ignoramos<\/h2>\n<p>Integrar <strong>ejercicio moderado<\/strong> en tu rutina diaria act\u00faa como un regulador natural del sue\u00f1o. El <a href=\"https:\/\/www.journee-mondiale.com\/es\/entrenamiento-funcional-asi-elimine-mi-dolor-lumbar-cronico-en-6-semanas-y-por-que-los-musculos-aislados-nos-estan-fallando\/\" target=\"_blank\">entrenamiento funcional<\/a> ha demostrado beneficios particulares, pero con una advertencia importante: realizarlo al menos 3-4 horas antes de acostarse.<\/p>\n<blockquote><p>\u00abEl ejercicio eleva temporalmente la temperatura corporal y los niveles de cortisol. Necesitamos permitir que estos marcadores biol\u00f3gicos disminuyan antes de intentar dormir\u00bb, advierte la Dra. Elena Mart\u00ednez, especialista en medicina deportiva.<\/p><\/blockquote>\n<h2>El poder inesperado de la desintoxicaci\u00f3n digestiva<\/h2>\n<p>Un sistema digestivo sobrecargado puede impedir un sue\u00f1o reparador. Incorporar <a href=\"https:\/\/www.journee-mondiale.com\/es\/zumos-detox-caseros-asi-elimine-las-toxinas-de-mi-cuerpo-y-desperte-con-energia-renovada-cada-manana\/\" target=\"_blank\">zumos detox naturales<\/a> en tu dieta diurna puede mejorar la funci\u00f3n digestiva, reduciendo molestias nocturnas y facilitando un descanso m\u00e1s profundo.<\/p>\n<ul>\n<li>Evita comidas pesadas 3 horas antes de dormir<\/li>\n<li>Opta por infusiones calmantes (manzanilla, melisa, valeriana)<\/li>\n<li>Reduce gradualmente la ingesta de cafe\u00edna durante el d\u00eda<\/li>\n<\/ul>\n<h2>T\u00e9cnicas de relajaci\u00f3n muscular: el m\u00e9todo de 5 minutos<\/h2>\n<p>El <strong>automasaje focalizado<\/strong> en puntos de tensi\u00f3n puede reducir significativamente la ansiedad nocturna. Ana L\u00f3pez, de 42 a\u00f1os, super\u00f3 su insomnio cr\u00f3nico implementando <a href=\"https:\/\/www.journee-mondiale.com\/es\/automasaje-diario-como-reduje-mi-dolor-cronico-un-67-en-3-meses-mi-fisioterapeuta-quedo-asombrada\/\" target=\"_blank\">t\u00e9cnicas de automasaje<\/a> durante 5 minutos antes de acostarse, dirigidas a hombros, cuello y sienes.<\/p>\n<h2>\u00bfEst\u00e1 tu habitaci\u00f3n verdaderamente preparada para el descanso?<\/h2>\n<p>Tu dormitorio debe funcionar como un <strong>santuario dedicado al sue\u00f1o<\/strong>. Considera que pasamos aproximadamente un tercio de nuestra vida en este espacio. \u00bfNo merece entonces la misma atenci\u00f3n que dedicamos a nuestra alimentaci\u00f3n o ejercicio?<\/p>\n<p>Transformar nuestros patrones de sue\u00f1o requiere paciencia y consistencia, pero los resultados valen cada esfuerzo. Al implementar estas estrategias sencillas pero poderosas, no solo mejorar\u00e1s tu descanso nocturno, sino que recuperar\u00e1s la vitalidad y claridad mental que mereces durante tus d\u00edas. \u00bfEst\u00e1s listo para redescubrir lo que significa verdaderamente descansar bien?<\/p>\n","protected":false},"excerpt":{"rendered":"<p>\u00bfTe has encontrado dando vueltas en la cama por horas, mirando el techo y contando ovejas sin resultado? El insomnio no solo arruina nuestras noches, sino que tambi\u00e9n sabotea nuestro metabolismo y energ\u00eda diaria. Sin embargo, hay esperanza. Como descubr\u00ed al investigar trastornos del sue\u00f1o comunes, peque\u00f1os ajustes pueden marcar una gran diferencia. El ciclo &#8230; <a title=\"Insomnio cr\u00f3nico: C\u00f3mo descubr\u00ed el ritual de 20 minutos que rompi\u00f3 mi ciclo vicioso del sue\u00f1o (y elimin\u00f3 mi fatiga diurna)\" class=\"read-more\" href=\"https:\/\/www.journee-mondiale.com\/es\/insomnio-cronico-como-descubri-el-ritual-de-20-minutos-que-rompio-mi-ciclo-vicioso-del-sueno-y-elimino-mi-fatiga-diurna\/\" aria-label=\"Leer m\u00e1s sobre Insomnio cr\u00f3nico: C\u00f3mo descubr\u00ed el ritual de 20 minutos que rompi\u00f3 mi ciclo vicioso del sue\u00f1o (y elimin\u00f3 mi fatiga diurna)\">Lire plus<\/a><\/p>\n","protected":false},"author":1,"featured_media":12291,"comment_status":"","ping_status":"","sticky":false,"template":"","format":"standard","meta":{"footnotes":""},"categories":[52],"tags":[],"class_list":["post-12292","post","type-post","status-publish","format-standard","has-post-thumbnail","hentry","category-salud"],"acf":[],"_yoast_wpseo_primary_category":null,"_yoast_wpseo_title":null,"_yoast_wpseo_metadesc":null,"_links":{"self":[{"href":"https:\/\/www.journee-mondiale.com\/es\/wp-json\/wp\/v2\/posts\/12292","targetHints":{"allow":["GET"]}}],"collection":[{"href":"https:\/\/www.journee-mondiale.com\/es\/wp-json\/wp\/v2\/posts"}],"about":[{"href":"https:\/\/www.journee-mondiale.com\/es\/wp-json\/wp\/v2\/types\/post"}],"author":[{"embeddable":true,"href":"https:\/\/www.journee-mondiale.com\/es\/wp-json\/wp\/v2\/users\/1"}],"replies":[{"embeddable":true,"href":"https:\/\/www.journee-mondiale.com\/es\/wp-json\/wp\/v2\/comments?post=12292"}],"version-history":[{"count":0,"href":"https:\/\/www.journee-mondiale.com\/es\/wp-json\/wp\/v2\/posts\/12292\/revisions"}],"wp:featuredmedia":[{"embeddable":true,"href":"https:\/\/www.journee-mondiale.com\/es\/wp-json\/wp\/v2\/media\/12291"}],"wp:attachment":[{"href":"https:\/\/www.journee-mondiale.com\/es\/wp-json\/wp\/v2\/media?parent=12292"}],"wp:term":[{"taxonomy":"category","embeddable":true,"href":"https:\/\/www.journee-mondiale.com\/es\/wp-json\/wp\/v2\/categories?post=12292"},{"taxonomy":"post_tag","embeddable":true,"href":"https:\/\/www.journee-mondiale.com\/es\/wp-json\/wp\/v2\/tags?post=12292"}],"curies":[{"name":"wp","href":"https:\/\/api.w.org\/{rel}","templated":true}]}}