{"id":12288,"date":"2025-03-24T17:30:04","date_gmt":"2025-03-24T16:30:04","guid":{"rendered":"https:\/\/www.journee-mondiale.com\/es\/la-revolucion-plateada-que-rejuvenece-7-anos-el-corte-en-capas-que-9-de-cada-10-mujeres-eligen-para-transformar-sus-canas-esta-primavera\/"},"modified":"2025-03-24T17:30:04","modified_gmt":"2025-03-24T16:30:04","slug":"la-revolucion-plateada-que-rejuvenece-7-anos-el-corte-en-capas-que-9-de-cada-10-mujeres-eligen-para-transformar-sus-canas-esta-primavera","status":"publish","type":"post","link":"https:\/\/www.journee-mondiale.com\/es\/la-revolucion-plateada-que-rejuvenece-7-anos-el-corte-en-capas-que-9-de-cada-10-mujeres-eligen-para-transformar-sus-canas-esta-primavera\/","title":{"rendered":"La revoluci\u00f3n plateada que rejuvenece 7 a\u00f1os: el corte en capas que 9 de cada 10 mujeres eligen para transformar sus canas esta primavera"},"content":{"rendered":"<p>La <strong>transformaci\u00f3n plateada<\/strong> ya no es tab\u00fa. Cada vez m\u00e1s mujeres abrazan con orgullo sus canas, convirtiendo el cabello gris cenizo en una declaraci\u00f3n de estilo sofisticada y moderna. Esta primavera 2025, los <strong>cortes a capas suaves<\/strong> emergen como la opci\u00f3n perfecta para darle vida y movimiento a estas melenas plateadas que cautivan miradas por su elegancia natural.<\/p>\n<h2>El renacimiento plateado: m\u00e1s all\u00e1 de cubrir las canas<\/h2>\n<p>\u00abLas melenas grises naturales tienen una textura \u00fanica que merece ser realzada, no escondida\u00bb, afirma <strong>Elena Rodr\u00edguez<\/strong>, directora creativa del prestigioso sal\u00f3n Gris Plata en Madrid. \u00abLas capas suaves son como una brisa que despierta cada hebra plateada, otorg\u00e1ndole dinamismo y juventud al rostro\u00bb.<\/p>\n<p>El <strong>cabello gris cenizo<\/strong> a menudo puede parecer plano si se mantiene en un solo largo. Las capas act\u00faan como arquitectas invisibles, creando dimensi\u00f3n donde antes hab\u00eda monoton\u00eda. Es como si cada mech\u00f3n despertara de un largo letargo, cobrando vida propia.<\/p>\n<h2>El corte mariposa: la revoluci\u00f3n plateada de esta primavera<\/h2>\n<p>Entre las opciones m\u00e1s favorecedoras destaca el <a href=\"https:\/\/www.journee-mondiale.com\/es\/los-3-cortes-a-media-melena-que-probe-esta-primavera-y-por-que-el-corte-mariposa-rejuvenecio-mi-rostro\/\" target=\"_blank\">corte mariposa<\/a>, que aporta ligereza y marcos perfectos para el rostro. Sus <strong>capas estrat\u00e9gicamente dispuestas<\/strong> crean volumen en la corona mientras las puntas mantienen un movimiento fluido, como alas delicadas que enmarcan las facciones.<\/p>\n<blockquote><p>\u00abUn buen corte en capas para cabellos grises es como un buen vino: revela sus matices con el movimiento\u00bb, explica Carlos Mart\u00edn, estilista especializado en cabellos maduros.<\/p><\/blockquote>\n<h2>La metamorfosis del cabello fino gracias a las capas<\/h2>\n<p>Para quienes tienen <strong>cabello fino<\/strong> \u2014situaci\u00f3n com\u00fan al envejecer\u2014, las capas ofrecen un alivio instant\u00e1neo. Aplicando <a href=\"https:\/\/www.journee-mondiale.com\/es\/como-transforme-mi-cabello-fino-en-3-semanas-el-metodo-del-secado-invertido-que-triplico-mi-volumen-y-nadie-me-habia-contado\/\" target=\"_blank\">t\u00e9cnicas especiales de secado<\/a> junto con el corte adecuado, se consigue un efecto de densidad sorprendente.<\/p>\n<p>Para potenciar el volumen en cabellos gris cenizo con capas, considera:<\/p>\n<ul>\n<li>Productos <strong>espec\u00edficos para cabellos grises<\/strong> que eliminen tonos amarillentos<\/li>\n<li>Sprays de ra\u00edz que aporten volumen sin apelmazar<\/li>\n<li>Aceites ligeros para definir las puntas y a\u00f1adir brillo natural<\/li>\n<\/ul>\n<h2>El shaggy moderno: rebeli\u00f3n plateada con estilo<\/h2>\n<p>El <a href=\"https:\/\/www.journee-mondiale.com\/es\/el-corte-shaggy-que-esta-transformando-las-canas-en-declaracion-de-estilo-rejuvenece-7-anos-en-solo-20-minutos\/\" target=\"_blank\">corte shaggy<\/a> se ha reinventado para favorecer especialmente a las melenas plateadas. Sus <strong>capas desfiladas<\/strong> crean un efecto despeinado pero elegante, ideal para quienes buscan un aire juvenil sin perder sofisticaci\u00f3n.<\/p>\n<p>Mar\u00eda L\u00f3pez, de 58 a\u00f1os, comparte su experiencia: \u00abDespu\u00e9s de a\u00f1os ocultando mis canas, las abrac\u00e9 con un corte en capas. Ahora recibo m\u00e1s cumplidos que cuando ten\u00eda 40, \u00a1la gente no deja de preguntar qui\u00e9n es mi estilista!\u00bb<\/p>\n<h2>El secreto de las capas para domar cabellos rebeldes<\/h2>\n<p>Si tu cabello gris tiene <strong>ondas indomables<\/strong> o has optado por una permanente, las capas son tus aliadas perfectas. <a href=\"https:\/\/www.journee-mondiale.com\/es\/como-domine-el-volumen-indomable-de-mi-cabello-permanentado-la-tecnica-de-capas-que-salvo-mis-rizos-esta-primavera\/\" target=\"_blank\">La t\u00e9cnica adecuada<\/a> puede transformar un volumen rebelde en ondas definidas y llenas de vida.<\/p>\n<h2>Ritual de mantenimiento: c\u00f3mo preservar la belleza plateada<\/h2>\n<p>Para mantener tu corte en capas impecable, estos <a href=\"https:\/\/www.journee-mondiale.com\/es\/el-ritual-que-salvo-mi-cabello-a-los-50-3-productos-para-un-look-pulido-esta-primavera-lo-que-nadie-me-advirtio\/\" target=\"_blank\">productos esenciales<\/a> marcar\u00e1n la diferencia:<\/p>\n<ul>\n<li><strong>Champ\u00fa violeta<\/strong> una vez por semana para mantener el tono cenizo<\/li>\n<li>Mascarilla hidratante quincenal para nutrir sin apelmazar<\/li>\n<li>Protector t\u00e9rmico espec\u00edfico para cabellos maduros<\/li>\n<\/ul>\n<p>El cabello gris es como un lienzo plateado en blanco: las capas son las pinceladas que crean una obra maestra en movimiento. Esta primavera, atr\u00e9vete a reinventar tu imagen con un corte que celebre, no esconda, la belleza natural de tu plateada melena. \u00bfTe animas a descubrir c\u00f3mo las capas pueden transformar tu imagen mientras honras la sabidur\u00eda que tus canas representan?<\/p>\n","protected":false},"excerpt":{"rendered":"<p>La transformaci\u00f3n plateada ya no es tab\u00fa. Cada vez m\u00e1s mujeres abrazan con orgullo sus canas, convirtiendo el cabello gris cenizo en una declaraci\u00f3n de estilo sofisticada y moderna. Esta primavera 2025, los cortes a capas suaves emergen como la opci\u00f3n perfecta para darle vida y movimiento a estas melenas plateadas que cautivan miradas por &#8230; <a title=\"La revoluci\u00f3n plateada que rejuvenece 7 a\u00f1os: el corte en capas que 9 de cada 10 mujeres eligen para transformar sus canas esta primavera\" class=\"read-more\" href=\"https:\/\/www.journee-mondiale.com\/es\/la-revolucion-plateada-que-rejuvenece-7-anos-el-corte-en-capas-que-9-de-cada-10-mujeres-eligen-para-transformar-sus-canas-esta-primavera\/\" aria-label=\"Leer m\u00e1s sobre La revoluci\u00f3n plateada que rejuvenece 7 a\u00f1os: el corte en capas que 9 de cada 10 mujeres eligen para transformar sus canas esta primavera\">Lire plus<\/a><\/p>\n","protected":false},"author":1,"featured_media":12287,"comment_status":"","ping_status":"","sticky":false,"template":"","format":"standard","meta":{"footnotes":""},"categories":[48],"tags":[],"class_list":["post-12288","post","type-post","status-publish","format-standard","has-post-thumbnail","hentry","category-estilo-de-vida"],"acf":[],"_yoast_wpseo_primary_category":null,"_yoast_wpseo_title":null,"_yoast_wpseo_metadesc":null,"_links":{"self":[{"href":"https:\/\/www.journee-mondiale.com\/es\/wp-json\/wp\/v2\/posts\/12288","targetHints":{"allow":["GET"]}}],"collection":[{"href":"https:\/\/www.journee-mondiale.com\/es\/wp-json\/wp\/v2\/posts"}],"about":[{"href":"https:\/\/www.journee-mondiale.com\/es\/wp-json\/wp\/v2\/types\/post"}],"author":[{"embeddable":true,"href":"https:\/\/www.journee-mondiale.com\/es\/wp-json\/wp\/v2\/users\/1"}],"replies":[{"embeddable":true,"href":"https:\/\/www.journee-mondiale.com\/es\/wp-json\/wp\/v2\/comments?post=12288"}],"version-history":[{"count":0,"href":"https:\/\/www.journee-mondiale.com\/es\/wp-json\/wp\/v2\/posts\/12288\/revisions"}],"wp:featuredmedia":[{"embeddable":true,"href":"https:\/\/www.journee-mondiale.com\/es\/wp-json\/wp\/v2\/media\/12287"}],"wp:attachment":[{"href":"https:\/\/www.journee-mondiale.com\/es\/wp-json\/wp\/v2\/media?parent=12288"}],"wp:term":[{"taxonomy":"category","embeddable":true,"href":"https:\/\/www.journee-mondiale.com\/es\/wp-json\/wp\/v2\/categories?post=12288"},{"taxonomy":"post_tag","embeddable":true,"href":"https:\/\/www.journee-mondiale.com\/es\/wp-json\/wp\/v2\/tags?post=12288"}],"curies":[{"name":"wp","href":"https:\/\/api.w.org\/{rel}","templated":true}]}}