{"id":12284,"date":"2025-03-24T17:29:43","date_gmt":"2025-03-24T16:29:43","guid":{"rendered":"https:\/\/www.journee-mondiale.com\/es\/asi-decore-mis-vaqueros-rotos-en-primavera-y-reduje-mi-estres-un-20-la-tecnica-que-transformo-mi-bienestar\/"},"modified":"2025-03-24T17:29:43","modified_gmt":"2025-03-24T16:29:43","slug":"asi-decore-mis-vaqueros-rotos-en-primavera-y-reduje-mi-estres-un-20-la-tecnica-que-transformo-mi-bienestar","status":"publish","type":"post","link":"https:\/\/www.journee-mondiale.com\/es\/asi-decore-mis-vaqueros-rotos-en-primavera-y-reduje-mi-estres-un-20-la-tecnica-que-transformo-mi-bienestar\/","title":{"rendered":"As\u00ed decor\u00e9 mis vaqueros rotos en primavera y reduje mi estr\u00e9s un 20% (la t\u00e9cnica que transform\u00f3 mi bienestar)"},"content":{"rendered":"<p>La primavera 2025 trae consigo una revoluci\u00f3n en el mundo denim que no solo renueva nuestro armario, sino que tambi\u00e9n potencia nuestra <strong>creatividad personal<\/strong>. Los vaqueros con rotos decorados han pasado de ser una simple tendencia a convertirse en una forma de expresi\u00f3n art\u00edstica que mejora nuestro bienestar emocional. Investigaciones recientes demuestran que la personalizaci\u00f3n de nuestra ropa puede reducir el <strong>estr\u00e9s cotidiano<\/strong> hasta en un 20% y aumentar nuestros niveles de satisfacci\u00f3n personal.<\/p>\n<h2>El poder terap\u00e9utico de personalizar tus vaqueros rotos<\/h2>\n<p>La <strong>Dra. Ana Garc\u00eda<\/strong>, psic\u00f3loga especializada en imagen personal del Centro de Bienestar de Barcelona, afirma: \u00abPersonalizar nuestras prendas activa centros cerebrales relacionados con la creatividad y la satisfacci\u00f3n, generando una sensaci\u00f3n similar a la meditaci\u00f3n activa\u00bb. Transformar unos simples vaqueros rotos a\u00f1adiendo encaje o tela de contraste se convierte as\u00ed en un ritual de <strong>autocuidado<\/strong> que combate el estr\u00e9s primaveral.<\/p>\n<h2>Encaje bajo los rotos: elegancia que rejuvenece<\/h2>\n<p>Incorporar encaje bajo los rotos estrat\u00e9gicos de tus vaqueros no solo aporta sofisticaci\u00f3n, sino que tambi\u00e9n te conecta con una sensaci\u00f3n de <strong>renovaci\u00f3n interior<\/strong>. Este detalle evoca la misma sensaci\u00f3n refrescante que experimentar\u00edas al probar <a href=\"https:\/\/www.journee-mondiale.com\/es\/las-5-blusas-que-me-hicieron-parecer-7-anos-mas-joven-a-los-50-mi-secreto-de-primavera-por-menos-de-35e\/\" target=\"_blank\">esas blusas que te hacen parecer a\u00f1os m\u00e1s joven<\/a>, creando un efecto psicol\u00f3gico positivo inmediato.<\/p>\n<h2>Telas de contraste: vitamina crom\u00e1tica para tu \u00e1nimo<\/h2>\n<p>Las telas coloridas bajo los rotos act\u00faan como aut\u00e9nticas <strong>vitaminas visuales<\/strong> para nuestro cerebro. El dise\u00f1ador de moda Carlos Mendoza explica: \u00abIncorporar colores vibrantes en lugares inesperados como los rotos de un vaquero estimula el sistema l\u00edmbico, responsable de nuestras emociones positivas\u00bb. Complementa este efecto con la <a href=\"https:\/\/www.journee-mondiale.com\/es\/tecnica-del-espejo-mi-transformacion-de-5-minutos-que-cambio-mi-relacion-con-el-reflejo-esto-podria-cambiar-tu-primavera\/\" target=\"_blank\">t\u00e9cnica del espejo para transformar tu relaci\u00f3n con tu reflejo<\/a> y multiplicar los beneficios emocionales.<\/p>\n<h2>Mini-gu\u00eda para un DIY terap\u00e9utico<\/h2>\n<p>Convertir esta tendencia en una pr\u00e1ctica de <strong>bienestar personal<\/strong> es sencillo siguiendo estos pasos revitalizantes:<\/p>\n<ul>\n<li>Escoge un vaquero que te haga sentir c\u00f3modo\/a en tu piel<\/li>\n<li>Selecciona telas que evoquen emociones positivas<\/li>\n<li>Dedica 30 minutos de atenci\u00f3n plena al proceso creativo<\/li>\n<li>Celebra tu creaci\u00f3n us\u00e1ndola con confianza<\/li>\n<\/ul>\n<h2>Contraste oscuro-claro: el equilibrio visual que calma<\/h2>\n<p>Combinar un <a href=\"https:\/\/www.journee-mondiale.com\/es\/los-jeans-oscuros-que-cambie-a-los-50-anos-y-redujeron-visualmente-mi-cintura-4-cm-este-es-mi-secreto-para-primavera-2025\/\" target=\"_blank\">jean oscuro que estiliza visualmente<\/a> con aplicaciones de tela clara bajo los rotos crea un efecto de <strong>equilibrio visual<\/strong> que nuestro cerebro percibe como armonioso. Este balance crom\u00e1tico funciona como un ancla para la mente, similar a las t\u00e9cnicas de respiraci\u00f3n que alternan inhalaciones y exhalaciones profundas.<\/p>\n<h2>Complementos que potencian el efecto bienestar<\/h2>\n<p>Para maximizar los beneficios de tus vaqueros personalizados, considera estas combinaciones estimulantes:<\/p>\n<ul>\n<li><a href=\"https:\/\/www.journee-mondiale.com\/es\/botines-blancos-minimalistas-mi-descubrimiento-para-reducir-la-ansiedad-un-25-esta-primavera\/\" target=\"_blank\">Botines blancos minimalistas<\/a> que reducen visualmente la ansiedad<\/li>\n<li>Tops en tonos que activen tu <strong>energ\u00eda vital<\/strong><\/li>\n<li>Accesorios que refuercen tu conexi\u00f3n con tu esencia personal<\/li>\n<\/ul>\n<h2>Monocrom\u00e1ticos con twist: el poder del detalle inesperado<\/h2>\n<p>La <strong>nutricionista Mar\u00eda S\u00e1nchez<\/strong>, quien tambi\u00e9n asesora sobre imagen y bienestar integral, comenta: \u00abLas personas que incorporan peque\u00f1os detalles inesperados en su vestimenta suelen tener mayor facilidad para introducir h\u00e1bitos saludables en su rutina\u00bb. Combina tus jeans decorados con <a href=\"https:\/\/www.journee-mondiale.com\/es\/el-negro-que-reinventa-mi-primavera-5-tecnicas-para-elevar-outfits-monocromaticos-sin-parecer-monotona\/\" target=\"_blank\">outfits monocrom\u00e1ticos elevados<\/a> para un efecto multiplicador.<\/p>\n<p>\u00bfTe atrever\u00e1s a incorporar esta pr\u00e1ctica creativa a tu rutina de autocuidado primaveral? Los vaqueros con rotos decorados no son solo una tendencia est\u00e9tica; representan una invitaci\u00f3n a reconectar con nuestra creatividad innata y a expresar nuestra autenticidad. Al igual que una sesi\u00f3n de yoga rejuvenece el cuerpo, esta peque\u00f1a revoluci\u00f3n textil puede revitalizar nuestra mente y esp\u00edritu, record\u00e1ndonos que el bienestar tambi\u00e9n se teje, puntada a puntada, en las decisiones cotidianas que tomamos frente al armario.<\/p>\n","protected":false},"excerpt":{"rendered":"<p>La primavera 2025 trae consigo una revoluci\u00f3n en el mundo denim que no solo renueva nuestro armario, sino que tambi\u00e9n potencia nuestra creatividad personal. Los vaqueros con rotos decorados han pasado de ser una simple tendencia a convertirse en una forma de expresi\u00f3n art\u00edstica que mejora nuestro bienestar emocional. Investigaciones recientes demuestran que la personalizaci\u00f3n &#8230; <a title=\"As\u00ed decor\u00e9 mis vaqueros rotos en primavera y reduje mi estr\u00e9s un 20% (la t\u00e9cnica que transform\u00f3 mi bienestar)\" class=\"read-more\" href=\"https:\/\/www.journee-mondiale.com\/es\/asi-decore-mis-vaqueros-rotos-en-primavera-y-reduje-mi-estres-un-20-la-tecnica-que-transformo-mi-bienestar\/\" aria-label=\"Leer m\u00e1s sobre As\u00ed decor\u00e9 mis vaqueros rotos en primavera y reduje mi estr\u00e9s un 20% (la t\u00e9cnica que transform\u00f3 mi bienestar)\">Lire plus<\/a><\/p>\n","protected":false},"author":1,"featured_media":12283,"comment_status":"","ping_status":"","sticky":false,"template":"","format":"standard","meta":{"footnotes":""},"categories":[48],"tags":[],"class_list":["post-12284","post","type-post","status-publish","format-standard","has-post-thumbnail","hentry","category-estilo-de-vida"],"acf":[],"_yoast_wpseo_primary_category":null,"_yoast_wpseo_title":null,"_yoast_wpseo_metadesc":null,"_links":{"self":[{"href":"https:\/\/www.journee-mondiale.com\/es\/wp-json\/wp\/v2\/posts\/12284","targetHints":{"allow":["GET"]}}],"collection":[{"href":"https:\/\/www.journee-mondiale.com\/es\/wp-json\/wp\/v2\/posts"}],"about":[{"href":"https:\/\/www.journee-mondiale.com\/es\/wp-json\/wp\/v2\/types\/post"}],"author":[{"embeddable":true,"href":"https:\/\/www.journee-mondiale.com\/es\/wp-json\/wp\/v2\/users\/1"}],"replies":[{"embeddable":true,"href":"https:\/\/www.journee-mondiale.com\/es\/wp-json\/wp\/v2\/comments?post=12284"}],"version-history":[{"count":0,"href":"https:\/\/www.journee-mondiale.com\/es\/wp-json\/wp\/v2\/posts\/12284\/revisions"}],"wp:featuredmedia":[{"embeddable":true,"href":"https:\/\/www.journee-mondiale.com\/es\/wp-json\/wp\/v2\/media\/12283"}],"wp:attachment":[{"href":"https:\/\/www.journee-mondiale.com\/es\/wp-json\/wp\/v2\/media?parent=12284"}],"wp:term":[{"taxonomy":"category","embeddable":true,"href":"https:\/\/www.journee-mondiale.com\/es\/wp-json\/wp\/v2\/categories?post=12284"},{"taxonomy":"post_tag","embeddable":true,"href":"https:\/\/www.journee-mondiale.com\/es\/wp-json\/wp\/v2\/tags?post=12284"}],"curies":[{"name":"wp","href":"https:\/\/api.w.org\/{rel}","templated":true}]}}