{"id":12282,"date":"2025-03-24T17:29:27","date_gmt":"2025-03-24T16:29:27","guid":{"rendered":"https:\/\/www.journee-mondiale.com\/es\/el-bob-rizado-que-cambio-mi-look-3-meses-con-el-peinado-que-domina-la-primavera-2025-y-como-mantener-el-volumen-perfecto\/"},"modified":"2025-03-24T17:29:27","modified_gmt":"2025-03-24T16:29:27","slug":"el-bob-rizado-que-cambio-mi-look-3-meses-con-el-peinado-que-domina-la-primavera-2025-y-como-mantener-el-volumen-perfecto","status":"publish","type":"post","link":"https:\/\/www.journee-mondiale.com\/es\/el-bob-rizado-que-cambio-mi-look-3-meses-con-el-peinado-que-domina-la-primavera-2025-y-como-mantener-el-volumen-perfecto\/","title":{"rendered":"El bob rizado que cambi\u00f3 mi look: 3 meses con el peinado que domina la primavera 2025 (y c\u00f3mo mantener el volumen perfecto)"},"content":{"rendered":"<p>\u00bfTe has planteado cambiar de look esta primavera? El <strong>bob a la altura de la barbilla con rizos<\/strong> se ha convertido en el corte revelaci\u00f3n de la temporada, ofreciendo ese equilibrio perfecto entre volumen y elegancia que muchas buscamos. Mientras las flores comienzan a brotar, es el momento ideal para renovar nuestra imagen con un estilo que aporta frescura sin sacrificar sofisticaci\u00f3n.<\/p>\n<h2>El renacimiento primaveral del bob rizado<\/h2>\n<p>Con la llegada de la primavera 2025, los <strong>cortes de media melena<\/strong> est\u00e1n viviendo un aut\u00e9ntico resurgimiento. \u00abEl bob rizado a la altura de la barbilla es el corte perfecto para esta temporada porque aporta ligereza y movimiento, dos elementos que conectan perfectamente con la energ\u00eda renovadora de la primavera\u00bb, explica Carlos M\u00e9ndez, director creativo de Rizos Academy Madrid.<\/p>\n<p>Este estilo vers\u00e1til ha conquistado las pasarelas europeas precisamente porque consigue ese dif\u00edcil equilibrio: <strong>volumen controlado<\/strong> que enmarca el rostro sin resultar abrumador. Una opci\u00f3n refrescante frente a <a href=\"https:\/\/www.journee-mondiale.com\/es\/los-3-cortes-a-media-melena-que-probe-esta-primavera-y-por-que-el-corte-mariposa-rejuvenecio-mi-rostro\/\" target=\"_blank\">otros cortes a media melena<\/a> que pueden resultar m\u00e1s planos o excesivamente voluminosos.<\/p>\n<h2>Secretos para dominar el volumen perfecto<\/h2>\n<p>El desaf\u00edo de este corte reside en encontrar el equilibrio. Como un jardinero que sabe exactamente cu\u00e1nto podar para conseguir la forma perfecta, tu estilista debe trabajar con precisi\u00f3n. \u00abLas <strong>capas estrat\u00e9gicas<\/strong> son el secreto para distribuir el peso del cabello y controlar el volumen de los rizos\u00bb, se\u00f1ala Elena Fuentes, especialista en cabellos texturizados.<\/p>\n<p>Si tienes rizos demasiado rebeldes, considera aplicar las t\u00e9cnicas que revolucionaron el tratamiento de <a href=\"https:\/\/www.journee-mondiale.com\/es\/como-domine-el-volumen-indomable-de-mi-cabello-permanentado-la-tecnica-de-capas-que-salvo-mis-rizos-esta-primavera\/\" target=\"_blank\">cabellos permanentados con volumen indomable<\/a>. La clave est\u00e1 en adaptar esas estrategias a tus rizos naturales.<\/p>\n<h2>Tres formas de personalizar tu bob rizado<\/h2>\n<ul>\n<li>Con <strong>flequillo largo<\/strong>: suaviza facciones y a\u00f1ade un toque juvenil instant\u00e1neo.<\/li>\n<li>Estilo <strong>asim\u00e9trico<\/strong>: ligeramente m\u00e1s largo por delante para estilizar el rostro.<\/li>\n<li>Acabado <strong>redondeado<\/strong>: ideal para crear una silueta armoniosa y elegante.<\/li>\n<\/ul>\n<p>El <a href=\"https:\/\/www.journee-mondiale.com\/es\/el-bob-con-flequillo-largo-ha-conquistado-la-primavera-2025-el-corte-minimalista-que-rejuvenece-5-anos-los-estilistas-confirman-su-efecto-lifting\/\" target=\"_blank\">bob con flequillo largo<\/a> est\u00e1 arrasando esta primavera precisamente por su efecto rejuvenecedor, mientras que la versi\u00f3n redondeada se ha convertido en la favorita de quienes buscan un <a href=\"https:\/\/www.journee-mondiale.com\/es\/el-bob-redondeado-de-2025-probe-este-peinado-liso-por-3-semanas-y-me-quito-5-anos-de-encima\/\" target=\"_blank\">efecto lifting instant\u00e1neo<\/a>.<\/p>\n<h2>La magia est\u00e1 en el secado: t\u00e9cnicas que transforman<\/h2>\n<p>La diferencia entre un bob rizado espectacular y uno mediocre radica en la t\u00e9cnica de secado. Como una alquimista moderna, debes dominar el arte de transformar tu melena h\u00fameda en una corona de rizos definidos.<\/p>\n<blockquote><p>\u00abEl secado es el momento decisivo para los rizos. Un difusor bien utilizado es como un pincel en manos de un artista: define, da forma y crea dimensi\u00f3n\u00bb, afirma Luc\u00eda Moreno, educadora de t\u00e9cnicas de styling para cabello rizado.<\/p><\/blockquote>\n<p>Prueba el <strong>m\u00e9todo del secado invertido<\/strong> que ha revolucionado el tratamiento de <a href=\"https:\/\/www.journee-mondiale.com\/es\/como-transforme-mi-cabello-fino-en-3-semanas-el-metodo-del-secado-invertido-que-triplico-mi-volumen-y-nadie-me-habia-contado\/\" target=\"_blank\">cabellos finos con poco volumen<\/a>. Sus principios pueden adaptarse perfectamente a tus rizos, aportando volumen justo donde lo necesitas.<\/p>\n<h2>Productos esenciales para mantener el equilibrio<\/h2>\n<ul>\n<li><strong>Crema definidora<\/strong> ligera: define sin apelmazar<\/li>\n<li>Espray de <strong>agua de mar<\/strong>: aporta textura natural<\/li>\n<li><strong>Aceite de acabado<\/strong>: sella las puntas y controla el frizz<\/li>\n<\/ul>\n<p>Como un jardinero que sabe exactamente qu\u00e9 nutrientes necesita cada planta, debes elegir productos que alimenten tus rizos sin sobrecargarlos. La regla de oro: menos es m\u00e1s cuando buscamos volumen controlado.<\/p>\n<h2>\u00bfLista para transformar tu melena esta primavera?<\/h2>\n<p>Este corte es como un vestido a medida: requiere personalizaci\u00f3n. No existe un bob rizado universal, sino el bob perfecto para tu rostro, estilo de vida y tipo de rizo. La magia ocurre cuando encuentras esa versi\u00f3n \u00fanica que parece haber sido creada exclusivamente para ti, aportando el volumen justo que realza tu belleza natural sin robar protagonismo a tu rostro.<\/p>\n","protected":false},"excerpt":{"rendered":"<p>\u00bfTe has planteado cambiar de look esta primavera? El bob a la altura de la barbilla con rizos se ha convertido en el corte revelaci\u00f3n de la temporada, ofreciendo ese equilibrio perfecto entre volumen y elegancia que muchas buscamos. Mientras las flores comienzan a brotar, es el momento ideal para renovar nuestra imagen con un &#8230; <a title=\"El bob rizado que cambi\u00f3 mi look: 3 meses con el peinado que domina la primavera 2025 (y c\u00f3mo mantener el volumen perfecto)\" class=\"read-more\" href=\"https:\/\/www.journee-mondiale.com\/es\/el-bob-rizado-que-cambio-mi-look-3-meses-con-el-peinado-que-domina-la-primavera-2025-y-como-mantener-el-volumen-perfecto\/\" aria-label=\"Leer m\u00e1s sobre El bob rizado que cambi\u00f3 mi look: 3 meses con el peinado que domina la primavera 2025 (y c\u00f3mo mantener el volumen perfecto)\">Lire plus<\/a><\/p>\n","protected":false},"author":1,"featured_media":12281,"comment_status":"","ping_status":"","sticky":false,"template":"","format":"standard","meta":{"footnotes":""},"categories":[48],"tags":[],"class_list":["post-12282","post","type-post","status-publish","format-standard","has-post-thumbnail","hentry","category-estilo-de-vida"],"acf":[],"_yoast_wpseo_primary_category":null,"_yoast_wpseo_title":null,"_yoast_wpseo_metadesc":null,"_links":{"self":[{"href":"https:\/\/www.journee-mondiale.com\/es\/wp-json\/wp\/v2\/posts\/12282","targetHints":{"allow":["GET"]}}],"collection":[{"href":"https:\/\/www.journee-mondiale.com\/es\/wp-json\/wp\/v2\/posts"}],"about":[{"href":"https:\/\/www.journee-mondiale.com\/es\/wp-json\/wp\/v2\/types\/post"}],"author":[{"embeddable":true,"href":"https:\/\/www.journee-mondiale.com\/es\/wp-json\/wp\/v2\/users\/1"}],"replies":[{"embeddable":true,"href":"https:\/\/www.journee-mondiale.com\/es\/wp-json\/wp\/v2\/comments?post=12282"}],"version-history":[{"count":0,"href":"https:\/\/www.journee-mondiale.com\/es\/wp-json\/wp\/v2\/posts\/12282\/revisions"}],"wp:featuredmedia":[{"embeddable":true,"href":"https:\/\/www.journee-mondiale.com\/es\/wp-json\/wp\/v2\/media\/12281"}],"wp:attachment":[{"href":"https:\/\/www.journee-mondiale.com\/es\/wp-json\/wp\/v2\/media?parent=12282"}],"wp:term":[{"taxonomy":"category","embeddable":true,"href":"https:\/\/www.journee-mondiale.com\/es\/wp-json\/wp\/v2\/categories?post=12282"},{"taxonomy":"post_tag","embeddable":true,"href":"https:\/\/www.journee-mondiale.com\/es\/wp-json\/wp\/v2\/tags?post=12282"}],"curies":[{"name":"wp","href":"https:\/\/api.w.org\/{rel}","templated":true}]}}