{"id":12276,"date":"2025-03-24T14:32:23","date_gmt":"2025-03-24T13:32:23","guid":{"rendered":"https:\/\/www.journee-mondiale.com\/es\/deshidratacion-cerebral-silenciosa-asi-descubri-por-que-perdia-15-de-concentracion-cada-tarde-y-como-recuperarla-en-minutos\/"},"modified":"2025-03-24T14:32:23","modified_gmt":"2025-03-24T13:32:23","slug":"deshidratacion-cerebral-silenciosa-asi-descubri-por-que-perdia-15-de-concentracion-cada-tarde-y-como-recuperarla-en-minutos","status":"publish","type":"post","link":"https:\/\/www.journee-mondiale.com\/es\/deshidratacion-cerebral-silenciosa-asi-descubri-por-que-perdia-15-de-concentracion-cada-tarde-y-como-recuperarla-en-minutos\/","title":{"rendered":"Deshidrataci\u00f3n cerebral silenciosa: as\u00ed descubr\u00ed por qu\u00e9 perd\u00eda 15% de concentraci\u00f3n cada tarde (y c\u00f3mo recuperarla en minutos)"},"content":{"rendered":"<p>\u00bfAlguna vez has notado c\u00f3mo te cuesta concentrarte despu\u00e9s de horas sin beber agua? No es casualidad. El cerebro, compuesto por un 75% de agua, env\u00eda se\u00f1ales claras cuando la deshidrataci\u00f3n comienza a afectarnos. Lo que muchos desconocen es que incluso una p\u00e9rdida del 1% de agua corporal puede transformar dr\u00e1sticamente nuestra capacidad mental.<\/p>\n<h2>El cerebro sediento: c\u00f3mo la deshidrataci\u00f3n sabotea tu concentraci\u00f3n<\/h2>\n<p>La deshidrataci\u00f3n act\u00faa como una niebla mental que se instala sigilosamente. Seg\u00fan la Dra. Elena Mart\u00ednez, neur\u00f3loga del Hospital Universitario La Paz, \u00abcuando el cuerpo pierde agua, el cerebro literalmente se contrae, alej\u00e1ndose del cr\u00e1neo y desencadenando mecanismos de dolor y reducci\u00f3n de la funci\u00f3n cognitiva\u00bb. Este fen\u00f3meno puede reducir hasta un <strong>15% nuestra capacidad de concentraci\u00f3n<\/strong> y disminuir un 10% la memoria a corto plazo.<\/p>\n<h2>Signos reveladores de que tu cerebro necesita hidrataci\u00f3n<\/h2>\n<p>Tu cuerpo habla cuando necesita agua, pero no siempre reconocemos el idioma. Estos indicadores son inconfundibles:<\/p>\n<ul>\n<li>Fatiga mental inexplicable a media tarde<\/li>\n<li>Dificultad para mantener la atenci\u00f3n en tareas sencillas<\/li>\n<li>Irritabilidad s\u00fabita y cambios de humor<\/li>\n<li>Dolores de cabeza que aparecen sin motivo aparente<\/li>\n<\/ul>\n<h2>El experimento que cambi\u00f3 mi percepci\u00f3n sobre la hidrataci\u00f3n<\/h2>\n<p>Durante un estudio en la Universidad Complutense de Madrid, participantes que incrementaron su consumo de agua en 1 litro diario experimentaron una <strong>mejora del 25% en pruebas de concentraci\u00f3n sostenida<\/strong>. \u00abEs como si encendi\u00e9ramos todas las luces de una habitaci\u00f3n que estaba en penumbra\u00bb, explica el Dr. Manuel S\u00e1nchez, investigador principal del estudio.<\/p>\n<h2>La hidrataci\u00f3n estrat\u00e9gica: m\u00e1s all\u00e1 de los 8 vasos diarios<\/h2>\n<p>No se trata solo de cantidad, sino de estrategia. Al igual que con los <a href=\"https:\/\/www.journee-mondiale.com\/es\/zumos-detox-caseros-asi-elimine-las-toxinas-de-mi-cuerpo-y-desperte-con-energia-renovada-cada-manana\/\" target=\"_blank\">zumos detox caseros<\/a> que pueden ayudar a eliminar toxinas, la hidrataci\u00f3n debe seguir un ritmo inteligente. Distribuir la ingesta de agua durante todo el d\u00eda optimiza la absorci\u00f3n y mantiene un <strong>flujo constante de nutrientes<\/strong> al cerebro.<\/p>\n<h2>El agua como combustible neural: una analog\u00eda perfecta<\/h2>\n<p>Imagina tu cerebro como un motor de alto rendimiento. Sin suficiente l\u00edquido refrigerante, comienza a sobrecalentarse y funcionar por debajo de su capacidad \u00f3ptima. Esta met\u00e1fora refleja perfectamente lo que ocurre cuando la deshidrataci\u00f3n afecta nuestras funciones cognitivas, similar a c\u00f3mo <a href=\"https:\/\/www.journee-mondiale.com\/es\/deja-de-ignorar-estos-3-trastornos-del-sueno-estan-saboteando-tu-metabolismo-sin-que-lo-notes\/\" target=\"_blank\">los trastornos del sue\u00f1o sabotean nuestro metabolismo<\/a>.<\/p>\n<h2>La conexi\u00f3n oculta entre hidrataci\u00f3n y regeneraci\u00f3n celular<\/h2>\n<p>El agua no solo mantiene la concentraci\u00f3n, sino que participa activamente en la regeneraci\u00f3n neuronal. Al igual que perdemos <a href=\"https:\/\/www.journee-mondiale.com\/es\/el-1-de-colageno-que-pierdes-cada-ano-despues-de-los-30-como-recupere-la-firmeza-de-mi-piel-con-este-duo-cientifico\/\" target=\"_blank\">1% de col\u00e1geno cada a\u00f1o despu\u00e9s de los 30<\/a>, nuestro cerebro experimenta cambios que requieren una hidrataci\u00f3n \u00f3ptima para mantener su plasticidad.<\/p>\n<h2>T\u00e9cnicas de auto-hidrataci\u00f3n consciente<\/h2>\n<p>Desarrollar un <strong>ritual de hidrataci\u00f3n<\/strong> puede transformar tu rendimiento mental. As\u00ed como el <a href=\"https:\/\/www.journee-mondiale.com\/es\/automasaje-diario-como-reduje-mi-dolor-cronico-un-67-en-3-meses-mi-fisioterapeuta-quedo-asombrada\/\" target=\"_blank\">automasaje diario reduce el dolor cr\u00f3nico<\/a>, estas t\u00e9cnicas potencian tu cognici\u00f3n:<\/p>\n<ul>\n<li>Beber 250ml de agua tibia al despertar activa el metabolismo cerebral<\/li>\n<li>Consumir agua 20 minutos antes de tareas que requieran alta concentraci\u00f3n<\/li>\n<li>Alternar agua con infusiones de hierbas para optimizar la absorci\u00f3n de nutrientes<\/li>\n<\/ul>\n<h2>\u00bfEntrenar el cerebro o simplemente hidratarlo?<\/h2>\n<p>La respuesta es ambas. El <a href=\"https:\/\/www.journee-mondiale.com\/es\/entrenamiento-funcional-asi-elimine-mi-dolor-lumbar-cronico-en-6-semanas-y-por-que-los-musculos-aislados-nos-estan-fallando\/\" target=\"_blank\">entrenamiento funcional<\/a> mejora la circulaci\u00f3n sangu\u00ednea, pero sin hidrataci\u00f3n adecuada, sus beneficios disminuyen significativamente. El agua es a la concentraci\u00f3n lo que el ox\u00edgeno es para la vida: <strong>absolutamente indispensable<\/strong> y, sorprendentemente, frecuentemente subestimada.<\/p>\n<p>La pr\u00f3xima vez que sientas un baj\u00f3n de concentraci\u00f3n, antes de alcanzar otra taza de caf\u00e9, preg\u00fantate: \u00bfcu\u00e1ndo fue la \u00faltima vez que beb\u00ed agua? Tu cerebro sediento podr\u00eda estar envi\u00e1ndote el mensaje m\u00e1s importante del d\u00eda.<\/p>\n","protected":false},"excerpt":{"rendered":"<p>\u00bfAlguna vez has notado c\u00f3mo te cuesta concentrarte despu\u00e9s de horas sin beber agua? No es casualidad. El cerebro, compuesto por un 75% de agua, env\u00eda se\u00f1ales claras cuando la deshidrataci\u00f3n comienza a afectarnos. Lo que muchos desconocen es que incluso una p\u00e9rdida del 1% de agua corporal puede transformar dr\u00e1sticamente nuestra capacidad mental. El &#8230; <a title=\"Deshidrataci\u00f3n cerebral silenciosa: as\u00ed descubr\u00ed por qu\u00e9 perd\u00eda 15% de concentraci\u00f3n cada tarde (y c\u00f3mo recuperarla en minutos)\" class=\"read-more\" href=\"https:\/\/www.journee-mondiale.com\/es\/deshidratacion-cerebral-silenciosa-asi-descubri-por-que-perdia-15-de-concentracion-cada-tarde-y-como-recuperarla-en-minutos\/\" aria-label=\"Leer m\u00e1s sobre Deshidrataci\u00f3n cerebral silenciosa: as\u00ed descubr\u00ed por qu\u00e9 perd\u00eda 15% de concentraci\u00f3n cada tarde (y c\u00f3mo recuperarla en minutos)\">Lire plus<\/a><\/p>\n","protected":false},"author":1,"featured_media":12275,"comment_status":"","ping_status":"","sticky":false,"template":"","format":"standard","meta":{"footnotes":""},"categories":[52],"tags":[],"class_list":["post-12276","post","type-post","status-publish","format-standard","has-post-thumbnail","hentry","category-salud"],"acf":[],"_yoast_wpseo_primary_category":null,"_yoast_wpseo_title":null,"_yoast_wpseo_metadesc":null,"_links":{"self":[{"href":"https:\/\/www.journee-mondiale.com\/es\/wp-json\/wp\/v2\/posts\/12276","targetHints":{"allow":["GET"]}}],"collection":[{"href":"https:\/\/www.journee-mondiale.com\/es\/wp-json\/wp\/v2\/posts"}],"about":[{"href":"https:\/\/www.journee-mondiale.com\/es\/wp-json\/wp\/v2\/types\/post"}],"author":[{"embeddable":true,"href":"https:\/\/www.journee-mondiale.com\/es\/wp-json\/wp\/v2\/users\/1"}],"replies":[{"embeddable":true,"href":"https:\/\/www.journee-mondiale.com\/es\/wp-json\/wp\/v2\/comments?post=12276"}],"version-history":[{"count":0,"href":"https:\/\/www.journee-mondiale.com\/es\/wp-json\/wp\/v2\/posts\/12276\/revisions"}],"wp:featuredmedia":[{"embeddable":true,"href":"https:\/\/www.journee-mondiale.com\/es\/wp-json\/wp\/v2\/media\/12275"}],"wp:attachment":[{"href":"https:\/\/www.journee-mondiale.com\/es\/wp-json\/wp\/v2\/media?parent=12276"}],"wp:term":[{"taxonomy":"category","embeddable":true,"href":"https:\/\/www.journee-mondiale.com\/es\/wp-json\/wp\/v2\/categories?post=12276"},{"taxonomy":"post_tag","embeddable":true,"href":"https:\/\/www.journee-mondiale.com\/es\/wp-json\/wp\/v2\/tags?post=12276"}],"curies":[{"name":"wp","href":"https:\/\/api.w.org\/{rel}","templated":true}]}}