{"id":12266,"date":"2025-03-24T14:02:12","date_gmt":"2025-03-24T13:02:12","guid":{"rendered":"https:\/\/www.journee-mondiale.com\/es\/el-1-de-colageno-que-pierdes-cada-ano-despues-de-los-30-como-recupere-la-firmeza-de-mi-piel-con-este-duo-cientifico\/"},"modified":"2025-03-24T14:02:12","modified_gmt":"2025-03-24T13:02:12","slug":"el-1-de-colageno-que-pierdes-cada-ano-despues-de-los-30-como-recupere-la-firmeza-de-mi-piel-con-este-duo-cientifico","status":"publish","type":"post","link":"https:\/\/www.journee-mondiale.com\/es\/el-1-de-colageno-que-pierdes-cada-ano-despues-de-los-30-como-recupere-la-firmeza-de-mi-piel-con-este-duo-cientifico\/","title":{"rendered":"El 1% de col\u00e1geno que pierdes cada a\u00f1o despu\u00e9s de los 30: c\u00f3mo recuper\u00e9 la firmeza de mi piel con este d\u00fao cient\u00edfico"},"content":{"rendered":"<p>\u00bfSab\u00edas que despu\u00e9s de los 30 a\u00f1os, la piel pierde aproximadamente un 1% de col\u00e1geno anualmente? Este silencioso proceso natural nos invita a descubrir soluciones efectivas para <strong>regenerar nuestra piel madura<\/strong>. La combinaci\u00f3n de vitamina A y \u00e1cido hialur\u00f3nico emerge como una de las alianzas m\u00e1s prometedoras en dermatolog\u00eda moderna.<\/p>\n<h2>La piel madura: un lienzo que pide renovaci\u00f3n<\/h2>\n<p>La piel es como un diario que registra nuestras experiencias vitales. Con el paso del tiempo, este \u00f3rgano \u2014el m\u00e1s extenso del cuerpo\u2014 comienza a mostrar signos de fatiga: <strong>p\u00e9rdida de elasticidad<\/strong>, aparici\u00f3n de l\u00edneas de expresi\u00f3n y disminuci\u00f3n de la luminosidad natural.<\/p>\n<p>\u00abLa piel madura sufre principalmente de deshidrataci\u00f3n y ralentizaci\u00f3n en la renovaci\u00f3n celular, dos problemas que pueden abordarse simult\u00e1neamente con la combinaci\u00f3n adecuada de activos\u00bb, explica la Dra. Carmen Vidal, dermat\u00f3loga del Centro Dermatol\u00f3gico Internacional de Madrid.<\/p>\n<h2>Vitamina A: el director de orquesta de la regeneraci\u00f3n celular<\/h2>\n<p>La <strong>vitamina A<\/strong> (en su forma de retinol) revoluciona la dermatolog\u00eda desde que se descubrieron sus propiedades regenerativas. Act\u00faa como un director que coordina m\u00faltiples procesos celulares:<\/p>\n<ul>\n<li>Acelera la renovaci\u00f3n celular cut\u00e1nea<\/li>\n<li>Estimula la producci\u00f3n de col\u00e1geno y elastina<\/li>\n<li>Reduce la hiperpigmentaci\u00f3n y unifica el tono<\/li>\n<li>Minimiza la apariencia de poros dilatados<\/li>\n<\/ul>\n<p>Una paciente de 54 a\u00f1os relat\u00f3: \u00abDespu\u00e9s de usar retinol durante tres meses, mis amigas comenzaron a preguntarme si me hab\u00eda hecho alg\u00fan &#8216;retoque&#8217;. La <strong>transformaci\u00f3n<\/strong> fue gradual pero sorprendente\u00bb.<\/p>\n<h2>\u00c1cido hialur\u00f3nico: el hidratante por excelencia<\/h2>\n<p>Si la vitamina A es el director, el <strong>\u00e1cido hialur\u00f3nico<\/strong> es como una esponja microsc\u00f3pica capaz de retener hasta 1.000 veces su peso en agua. Esta mol\u00e9cula, presente naturalmente en nuestra piel, disminuye con la edad.<\/p>\n<p>\u00abEl \u00e1cido hialur\u00f3nico funciona como un reservorio de hidrataci\u00f3n que mantiene la estructura y volumen de la piel\u00bb, se\u00f1ala el Dr. Miguel S\u00e1nchez, especialista en medicina est\u00e9tica. \u00abEs como regar un jard\u00edn marchito por la sequ\u00eda: la vida vuelve a florecer\u00bb.<\/p>\n<h2>La sinergia perfecta: cuando 1+1 son m\u00e1s que 2<\/h2>\n<ul>\n<li>El retinol regenera mientras el \u00e1cido hialur\u00f3nico hidrata<\/li>\n<li>La hidrataci\u00f3n potencia la acci\u00f3n regeneradora<\/li>\n<li>Juntos combaten l\u00edneas finas y flacidez<\/li>\n<\/ul>\n<p>Esta combinaci\u00f3n es como un equipo de restauraci\u00f3n para una obra de arte antigua: mientras un componente refuerza la estructura, el otro devuelve el brillo y la textura originales. Los <strong>resultados visibles<\/strong> suelen aparecer tras 4-8 semanas de uso constante.<\/p>\n<h2>C\u00f3mo incorporarlos a tu rutina diaria<\/h2>\n<p>Para obtener m\u00e1ximos beneficios, los expertos recomiendan usar \u00e1cido hialur\u00f3nico por la ma\u00f1ana bajo tu protector solar, y reservar la <strong>vitamina A<\/strong> para la noche cuando la piel entra en modo reparaci\u00f3n. Si eres principiante con el retinol, comienza una vez por semana e incrementa gradualmente.<\/p>\n<p>Para profundizar m\u00e1s sobre c\u00f3mo estos activos pueden transformar tu piel, visita nuestra gu\u00eda completa sobre la <a href=\"https:\/\/www.journee-mondiale.com\/es\/category\/salud\/\" target=\"_blank\">regeneraci\u00f3n de la piel con vitamina A y \u00e1cido hialur\u00f3nico<\/a>. Tambi\u00e9n puedes explorar c\u00f3mo <a href=\"https:\/\/www.journee-mondiale.com\/es\/deja-de-ignorar-estos-3-trastornos-del-sueno-estan-saboteando-tu-metabolismo-sin-que-lo-notes\/\" target=\"_blank\">los trastornos del sue\u00f1o impactan en el metabolismo<\/a>, afectando indirectamente la salud cut\u00e1nea.<\/p>\n<p>\u00bfSer\u00e1 esta combinaci\u00f3n el d\u00fao definitivo para nuestra piel madura? La ciencia parece indicar que estamos ante una de las estrategias m\u00e1s eficaces para escribir un nuevo cap\u00edtulo en la historia de nuestra piel, devolvi\u00e9ndole la vitalidad que el tiempo le ha ido restando.<\/p>\n","protected":false},"excerpt":{"rendered":"<p>\u00bfSab\u00edas que despu\u00e9s de los 30 a\u00f1os, la piel pierde aproximadamente un 1% de col\u00e1geno anualmente? Este silencioso proceso natural nos invita a descubrir soluciones efectivas para regenerar nuestra piel madura. La combinaci\u00f3n de vitamina A y \u00e1cido hialur\u00f3nico emerge como una de las alianzas m\u00e1s prometedoras en dermatolog\u00eda moderna. La piel madura: un lienzo &#8230; <a title=\"El 1% de col\u00e1geno que pierdes cada a\u00f1o despu\u00e9s de los 30: c\u00f3mo recuper\u00e9 la firmeza de mi piel con este d\u00fao cient\u00edfico\" class=\"read-more\" href=\"https:\/\/www.journee-mondiale.com\/es\/el-1-de-colageno-que-pierdes-cada-ano-despues-de-los-30-como-recupere-la-firmeza-de-mi-piel-con-este-duo-cientifico\/\" aria-label=\"Leer m\u00e1s sobre El 1% de col\u00e1geno que pierdes cada a\u00f1o despu\u00e9s de los 30: c\u00f3mo recuper\u00e9 la firmeza de mi piel con este d\u00fao cient\u00edfico\">Lire plus<\/a><\/p>\n","protected":false},"author":1,"featured_media":12265,"comment_status":"","ping_status":"","sticky":false,"template":"","format":"standard","meta":{"footnotes":""},"categories":[52],"tags":[],"class_list":["post-12266","post","type-post","status-publish","format-standard","has-post-thumbnail","hentry","category-salud"],"acf":[],"_yoast_wpseo_primary_category":null,"_yoast_wpseo_title":null,"_yoast_wpseo_metadesc":null,"_links":{"self":[{"href":"https:\/\/www.journee-mondiale.com\/es\/wp-json\/wp\/v2\/posts\/12266","targetHints":{"allow":["GET"]}}],"collection":[{"href":"https:\/\/www.journee-mondiale.com\/es\/wp-json\/wp\/v2\/posts"}],"about":[{"href":"https:\/\/www.journee-mondiale.com\/es\/wp-json\/wp\/v2\/types\/post"}],"author":[{"embeddable":true,"href":"https:\/\/www.journee-mondiale.com\/es\/wp-json\/wp\/v2\/users\/1"}],"replies":[{"embeddable":true,"href":"https:\/\/www.journee-mondiale.com\/es\/wp-json\/wp\/v2\/comments?post=12266"}],"version-history":[{"count":0,"href":"https:\/\/www.journee-mondiale.com\/es\/wp-json\/wp\/v2\/posts\/12266\/revisions"}],"wp:featuredmedia":[{"embeddable":true,"href":"https:\/\/www.journee-mondiale.com\/es\/wp-json\/wp\/v2\/media\/12265"}],"wp:attachment":[{"href":"https:\/\/www.journee-mondiale.com\/es\/wp-json\/wp\/v2\/media?parent=12266"}],"wp:term":[{"taxonomy":"category","embeddable":true,"href":"https:\/\/www.journee-mondiale.com\/es\/wp-json\/wp\/v2\/categories?post=12266"},{"taxonomy":"post_tag","embeddable":true,"href":"https:\/\/www.journee-mondiale.com\/es\/wp-json\/wp\/v2\/tags?post=12266"}],"curies":[{"name":"wp","href":"https:\/\/api.w.org\/{rel}","templated":true}]}}