{"id":12254,"date":"2025-03-24T13:43:26","date_gmt":"2025-03-24T12:43:26","guid":{"rendered":"https:\/\/www.journee-mondiale.com\/es\/el-corte-hongo-revoluciona-la-primavera-2025-como-este-peinado-noventero-rejuvenece-7-anos-en-solo-20-minutos-la-transformacion-que-nadie-esperaba\/"},"modified":"2025-03-24T13:43:26","modified_gmt":"2025-03-24T12:43:26","slug":"el-corte-hongo-revoluciona-la-primavera-2025-como-este-peinado-noventero-rejuvenece-7-anos-en-solo-20-minutos-la-transformacion-que-nadie-esperaba","status":"publish","type":"post","link":"https:\/\/www.journee-mondiale.com\/es\/el-corte-hongo-revoluciona-la-primavera-2025-como-este-peinado-noventero-rejuvenece-7-anos-en-solo-20-minutos-la-transformacion-que-nadie-esperaba\/","title":{"rendered":"El corte hongo revoluciona la primavera 2025: c\u00f3mo este peinado noventero rejuvenece 7 a\u00f1os en solo 20 minutos (la transformaci\u00f3n que nadie esperaba)"},"content":{"rendered":"<p>El corte estilo hongo est\u00e1 viviendo una primavera espectacular en 2025, transform\u00e1ndose en el peinado revelaci\u00f3n que nadie esperaba. Despu\u00e9s de a\u00f1os relegado a los \u00e1lbumes familiares de los 90, este <strong>corte ic\u00f3nico<\/strong> ha regresado completamente renovado para conquistar las calles de Madrid y las redes sociales.<\/p>\n<h2>El renacimiento del champi\u00f1\u00f3n capilar: \u00bfPor qu\u00e9 est\u00e1 arrasando esta primavera?<\/h2>\n<p>El <strong>corte hongo moderno<\/strong> ha evolucionado considerablemente desde su versi\u00f3n original. \u00abLa clave est\u00e1 en adaptar la silueta redondeada a las facciones de cada rostro, manteniendo la esencia pero con un toque contempor\u00e1neo,\u00bb explica Marina S\u00e1nchez, directora creativa del sal\u00f3n Tendencias Madrid. Lo que antes parec\u00eda un peinado uniforme ahora es un lienzo para la personalizaci\u00f3n.<\/p>\n<p>Mi experiencia con este corte fue reveladora: despu\u00e9s de a\u00f1os de melenas XL, el cambio radical me aport\u00f3 una ligereza que no esperaba. Como quien cambia de guardarropa completo, el <strong>corte hongo<\/strong> transform\u00f3 mi rutina matutina y mi confianza de un plumazo.<\/p>\n<h2>Variaciones del hongo que est\u00e1n conquistando esta temporada<\/h2>\n<p>La versatilidad es la gran baza de este estilo. Estas son las versiones m\u00e1s solicitadas:<\/p>\n<ul>\n<li><strong>Hongo con flequillo recto<\/strong>: Ideal para rostros ovalados<\/li>\n<li><strong>Hongo texturizado<\/strong>: Con capas sutiles para mayor movimiento<\/li>\n<li><strong>Hongo mullet<\/strong>: La fusi\u00f3n rebelde que combina lo mejor de ambos mundos<\/li>\n<\/ul>\n<p>Esta \u00faltima variante est\u00e1 causando sensaci\u00f3n, similar a c\u00f3mo <a href=\"https:\/\/www.journee-mondiale.com\/es\/el-corte-shaggy-que-esta-transformando-las-canas-en-declaracion-de-estilo-rejuvenece-7-anos-en-solo-20-minutos\/\" target=\"_blank\">el corte shaggy transform\u00f3 las canas en declaraci\u00f3n de estilo<\/a>, aportando una energ\u00eda renovada a quienes lo lucen.<\/p>\n<h2>Secretos de estilizado para dominar tu corte hongo<\/h2>\n<p>El peinado diario no tiene que ser complicado. \u00abEs como tener un vestido que siempre queda bien, apenas necesita arreglos\u00bb, comenta Carlos Vidal, estilista de celebridades. Para mantenerlo impecable:<\/p>\n<ul>\n<li>Aplicar <strong>producto texturizador<\/strong> en cantidad m\u00ednima<\/li>\n<li>Secar con difusor dirigiendo el aire desde las ra\u00edces<\/li>\n<li>Definir el flequillo con cepillo redondo peque\u00f1o<\/li>\n<\/ul>\n<h2>El corte hongo y la forma de tu rostro: claves para acertar<\/h2>\n<p>No todas las versiones funcionan igual. Si tienes rostro redondo, un <strong>hongo asim\u00e9trico<\/strong> alargar\u00e1 visualmente tus facciones, mientras que para caras cuadradas, la versi\u00f3n con flequillo desfilado suavizar\u00e1 los \u00e1ngulos. Al igual que <a href=\"https:\/\/www.journee-mondiale.com\/es\/el-pixie-con-flequillo-ladeado-esta-rejuveneciendo-rostros-7-anos-en-solo-20-minutos-esto-esta-revolucionando-la-primavera-2025\/\" target=\"_blank\">el pixie con flequillo ladeado est\u00e1 rejuveneciendo rostros<\/a>, el hongo bien adaptado puede restar a\u00f1os.<\/p>\n<h2>Del desastre al \u00e9xito: cuando el corte hongo sale mal<\/h2>\n<p>Mi compa\u00f1era de redacci\u00f3n vivi\u00f3 la pesadilla de un <strong>corte hongo mal ejecutado<\/strong>. Como un bizcocho que no sube correctamente, su peinado carec\u00eda de la estructura adecuada. La soluci\u00f3n fue visitar un estilista especializado que, como un sastre con una prenda mal cortada, supo ajustar las proporciones salvando el resultado.<\/p>\n<h2>\u00bfProblema de volumen? El corte hongo tiene la soluci\u00f3n<\/h2>\n<p>Este estilo es perfecto para cabello fino o con poco cuerpo. Como un arquitecto que utiliza la ilusi\u00f3n \u00f3ptica, el <strong>corte hongo crea volumen<\/strong> donde no existe. Para quienes tienen cabello rebelde, puede ser una alternativa al m\u00e9todo descrito en <a href=\"https:\/\/www.journee-mondiale.com\/es\/como-domine-el-volumen-indomable-de-mi-cabello-permanentado-la-tecnica-de-capas-que-salvo-mis-rizos-esta-primavera\/\" target=\"_blank\">c\u00f3mo domin\u00e9 el volumen indomable de mi cabello permanentado<\/a>.<\/p>\n<h2>Del hongo al bob: \u00bfcu\u00e1l ser\u00e1 tu pr\u00f3ximo paso?<\/h2>\n<p>Si est\u00e1s considerando este corte pero temes arrepentirte, tranquila. El <strong>corte hongo<\/strong> evoluciona f\u00e1cilmente hacia <a href=\"https:\/\/www.journee-mondiale.com\/es\/el-bob-redondeado-de-2025-probe-este-peinado-liso-por-3-semanas-y-me-quito-5-anos-de-encima\/\" target=\"_blank\">el bob redondeado de 2025<\/a> o hacia <a href=\"https:\/\/www.journee-mondiale.com\/es\/los-3-cortes-a-media-melena-que-probe-esta-primavera-y-por-que-el-corte-mariposa-rejuvenecio-mi-rostro\/\" target=\"_blank\">los 3 cortes a media melena que prob\u00e9 esta primavera<\/a>.<\/p>\n<p>\u00bfTe atrever\u00edas a abrazar esta primavera el estilo que est\u00e1 definiendo 2025? El corte hongo no es solo un peinado, es una declaraci\u00f3n de intenciones que dice: me atrevo a ser diferente, a redefinirme con cada estaci\u00f3n. Y t\u00fa, \u00bfest\u00e1s lista para dar el salto al champi\u00f1\u00f3n?<\/p>\n","protected":false},"excerpt":{"rendered":"<p>El corte estilo hongo est\u00e1 viviendo una primavera espectacular en 2025, transform\u00e1ndose en el peinado revelaci\u00f3n que nadie esperaba. Despu\u00e9s de a\u00f1os relegado a los \u00e1lbumes familiares de los 90, este corte ic\u00f3nico ha regresado completamente renovado para conquistar las calles de Madrid y las redes sociales. El renacimiento del champi\u00f1\u00f3n capilar: \u00bfPor qu\u00e9 est\u00e1 &#8230; <a title=\"El corte hongo revoluciona la primavera 2025: c\u00f3mo este peinado noventero rejuvenece 7 a\u00f1os en solo 20 minutos (la transformaci\u00f3n que nadie esperaba)\" class=\"read-more\" href=\"https:\/\/www.journee-mondiale.com\/es\/el-corte-hongo-revoluciona-la-primavera-2025-como-este-peinado-noventero-rejuvenece-7-anos-en-solo-20-minutos-la-transformacion-que-nadie-esperaba\/\" aria-label=\"Leer m\u00e1s sobre El corte hongo revoluciona la primavera 2025: c\u00f3mo este peinado noventero rejuvenece 7 a\u00f1os en solo 20 minutos (la transformaci\u00f3n que nadie esperaba)\">Lire plus<\/a><\/p>\n","protected":false},"author":1,"featured_media":12253,"comment_status":"","ping_status":"","sticky":false,"template":"","format":"standard","meta":{"footnotes":""},"categories":[48],"tags":[],"class_list":["post-12254","post","type-post","status-publish","format-standard","has-post-thumbnail","hentry","category-estilo-de-vida"],"acf":[],"_yoast_wpseo_primary_category":null,"_yoast_wpseo_title":null,"_yoast_wpseo_metadesc":null,"_links":{"self":[{"href":"https:\/\/www.journee-mondiale.com\/es\/wp-json\/wp\/v2\/posts\/12254","targetHints":{"allow":["GET"]}}],"collection":[{"href":"https:\/\/www.journee-mondiale.com\/es\/wp-json\/wp\/v2\/posts"}],"about":[{"href":"https:\/\/www.journee-mondiale.com\/es\/wp-json\/wp\/v2\/types\/post"}],"author":[{"embeddable":true,"href":"https:\/\/www.journee-mondiale.com\/es\/wp-json\/wp\/v2\/users\/1"}],"replies":[{"embeddable":true,"href":"https:\/\/www.journee-mondiale.com\/es\/wp-json\/wp\/v2\/comments?post=12254"}],"version-history":[{"count":0,"href":"https:\/\/www.journee-mondiale.com\/es\/wp-json\/wp\/v2\/posts\/12254\/revisions"}],"wp:featuredmedia":[{"embeddable":true,"href":"https:\/\/www.journee-mondiale.com\/es\/wp-json\/wp\/v2\/media\/12253"}],"wp:attachment":[{"href":"https:\/\/www.journee-mondiale.com\/es\/wp-json\/wp\/v2\/media?parent=12254"}],"wp:term":[{"taxonomy":"category","embeddable":true,"href":"https:\/\/www.journee-mondiale.com\/es\/wp-json\/wp\/v2\/categories?post=12254"},{"taxonomy":"post_tag","embeddable":true,"href":"https:\/\/www.journee-mondiale.com\/es\/wp-json\/wp\/v2\/tags?post=12254"}],"curies":[{"name":"wp","href":"https:\/\/api.w.org\/{rel}","templated":true}]}}