{"id":12252,"date":"2025-03-24T13:43:18","date_gmt":"2025-03-24T12:43:18","guid":{"rendered":"https:\/\/www.journee-mondiale.com\/es\/entrenamiento-funcional-asi-elimine-mi-dolor-lumbar-cronico-en-6-semanas-y-por-que-los-musculos-aislados-nos-estan-fallando\/"},"modified":"2025-03-24T13:43:18","modified_gmt":"2025-03-24T12:43:18","slug":"entrenamiento-funcional-asi-elimine-mi-dolor-lumbar-cronico-en-6-semanas-y-por-que-los-musculos-aislados-nos-estan-fallando","status":"publish","type":"post","link":"https:\/\/www.journee-mondiale.com\/es\/entrenamiento-funcional-asi-elimine-mi-dolor-lumbar-cronico-en-6-semanas-y-por-que-los-musculos-aislados-nos-estan-fallando\/","title":{"rendered":"Entrenamiento funcional: As\u00ed elimin\u00e9 mi dolor lumbar cr\u00f3nico en 6 semanas (y por qu\u00e9 los m\u00fasculos aislados nos est\u00e1n fallando)"},"content":{"rendered":"<p>\u00bfAlguna vez te has preguntado por qu\u00e9 algunas personas parecen moverse con tanta facilidad en su d\u00eda a d\u00eda? La respuesta podr\u00eda estar en el <strong>entrenamiento funcional<\/strong>, una modalidad de ejercicio revolucionaria que est\u00e1 cambiando la forma en que entendemos el fitness. A diferencia del entrenamiento tradicional, este enfoque se basa en movimientos naturales que imitan nuestras actividades cotidianas, proporcionando beneficios que van mucho m\u00e1s all\u00e1 de lo est\u00e9tico.<\/p>\n<h2>El secreto mejor guardado para un cuerpo m\u00e1s fuerte y resistente<\/h2>\n<p>El entrenamiento funcional fortalece los <strong>m\u00fasculos estabilizadores<\/strong> del cuerpo, mejorando significativamente nuestro equilibrio y coordinaci\u00f3n. \u00abLos ejercicios funcionales activan cadenas musculares completas en lugar de m\u00fasculos aislados, lo que proporciona una fuerza aplicable a la vida real\u00bb, explica la Dra. Mar\u00eda Fern\u00e1ndez, fisioterapeuta especializada en medicina deportiva del Centro Deportivo Avanzado de Barcelona.<\/p>\n<p>Este enfoque integral ha transformado la vida de Carlos, un oficinista de 45 a\u00f1os que sufr\u00eda dolores lumbares cr\u00f3nicos: \u00abDespu\u00e9s de seis semanas de entrenamiento funcional, no solo desaparecieron mis dolores, sino que ahora puedo jugar con mis hijos sin limitaciones\u00bb.<\/p>\n<h2>La prevenci\u00f3n de lesiones: tu mejor inversi\u00f3n a largo plazo<\/h2>\n<p>Una de las ventajas m\u00e1s significativas es la <strong>reducci\u00f3n del riesgo de lesiones<\/strong>. Al mejorar la estabilidad corporal y fortalecer los m\u00fasculos del core, el entrenamiento funcional nos protege durante nuestras actividades diarias. <a href=\"https:\/\/www.journee-mondiale.com\/en\/training-one-arm-healed-my-broken-wrist-how-this-weird-neurological-effect-works\/\" target=\"_blank\">Estudios recientes sobre entrenamiento funcional<\/a> demuestran su eficacia para prevenir lesiones comunes y mejorar el rendimiento f\u00edsico global.<\/p>\n<blockquote><p>\u00abEl entrenamiento funcional es como construir un escudo protector para tu cuerpo. Mientras otros entrenamientos construyen m\u00fasculos, este construye un sistema integrado de protecci\u00f3n\u00bb, se\u00f1ala el Dr. Javier L\u00f3pez, traumat\u00f3logo deportivo.<\/p><\/blockquote>\n<h2>Beneficios que trascienden el gimnasio<\/h2>\n<p>Los beneficios del entrenamiento funcional se extienden a todas las \u00e1reas de nuestra vida. Considera estas ventajas clave:<\/p>\n<ul>\n<li>Mejora la <strong>postura corporal<\/strong> y reduce dolores cr\u00f3nicos<\/li>\n<li>Aumenta la <strong>eficiencia energ\u00e9tica<\/strong> en movimientos cotidianos<\/li>\n<li>Potencia el metabolismo y la quema de calor\u00edas incluso en reposo<\/li>\n<li>Complementa perfectamente <a href=\"https:\/\/www.journee-mondiale.com\/en\/i-started-eating-these-5-anti-inflammatory-foods-and-my-chronic-pain-decreased-30-in-21-days\/\" target=\"_blank\">una alimentaci\u00f3n antiinflamatoria<\/a> para maximizar resultados<\/li>\n<\/ul>\n<h2>El aliado perfecto para todas las edades<\/h2>\n<p>A diferencia de otras modalidades, el entrenamiento funcional es como un <strong>traje a medida<\/strong> que se adapta perfectamente a cualquier edad o condici\u00f3n f\u00edsica. \u00abHe visto pacientes de 70 a\u00f1os transformar su movilidad con ejercicios funcionales b\u00e1sicos, recuperando independencia que cre\u00edan perdida\u00bb, comenta Elena Torres, terapeuta ocupacional.<\/p>\n<p>Esta adaptabilidad lo convierte en una opci\u00f3n ideal para principiantes que buscan iniciarse en el fitness o para complementar tu rutina con <a href=\"https:\/\/www.journee-mondiale.com\/en\/the-unusual-movement-pattern-physical-therapists-use-to-eliminate-joint-pain-i-tried-it-for-30-days\/\" target=\"_blank\">patrones de movimiento espec\u00edficos<\/a> que eliminan molestias articulares.<\/p>\n<h2>El impulso mental que estabas buscando<\/h2>\n<p>Los beneficios no son solo f\u00edsicos. El entrenamiento funcional act\u00faa como un <strong>estimulante natural<\/strong> para tu mente:<\/p>\n<ul>\n<li>Libera <strong>endorfinas<\/strong> que reducen el estr\u00e9s y la ansiedad<\/li>\n<li>Mejora la concentraci\u00f3n y claridad mental<\/li>\n<li>Aumenta la confianza al dominar nuevos movimientos<\/li>\n<\/ul>\n<p>Este tipo de entrenamiento puede incluso mejorar aspectos espec\u00edficos como el <a href=\"https:\/\/www.journee-mondiale.com\/en\/this-unusual-muscle-training-added-3-inches-to-my-vertical-jump-in-6-weeks-athletes-swear-by-it\/\" target=\"_blank\">salto vertical<\/a>, beneficiando tanto a atletas como a aficionados al deporte.<\/p>\n<h2>\u00bfEst\u00e1s listo para transformar tu cuerpo y mente?<\/h2>\n<p>El entrenamiento funcional representa una revoluci\u00f3n silenciosa en el mundo del fitness, ofreciendo un enfoque hol\u00edstico que fortalece el cuerpo mientras prepara la mente. Complementado con una <a href=\"https:\/\/www.journee-mondiale.com\/en\/i-eat-sunflower-seeds-before-bed-and-havent-had-a-cold-in-8-months-immune-system-trick\/\" target=\"_blank\">alimentaci\u00f3n adecuada<\/a>, puede transformar no solo tu condici\u00f3n f\u00edsica, sino tu calidad de vida. \u00bfNo es momento de darle a tu cuerpo la oportunidad de moverse como fue dise\u00f1ado para hacerlo?<\/p>\n","protected":false},"excerpt":{"rendered":"<p>\u00bfAlguna vez te has preguntado por qu\u00e9 algunas personas parecen moverse con tanta facilidad en su d\u00eda a d\u00eda? La respuesta podr\u00eda estar en el entrenamiento funcional, una modalidad de ejercicio revolucionaria que est\u00e1 cambiando la forma en que entendemos el fitness. A diferencia del entrenamiento tradicional, este enfoque se basa en movimientos naturales que &#8230; <a title=\"Entrenamiento funcional: As\u00ed elimin\u00e9 mi dolor lumbar cr\u00f3nico en 6 semanas (y por qu\u00e9 los m\u00fasculos aislados nos est\u00e1n fallando)\" class=\"read-more\" href=\"https:\/\/www.journee-mondiale.com\/es\/entrenamiento-funcional-asi-elimine-mi-dolor-lumbar-cronico-en-6-semanas-y-por-que-los-musculos-aislados-nos-estan-fallando\/\" aria-label=\"Leer m\u00e1s sobre Entrenamiento funcional: As\u00ed elimin\u00e9 mi dolor lumbar cr\u00f3nico en 6 semanas (y por qu\u00e9 los m\u00fasculos aislados nos est\u00e1n fallando)\">Lire plus<\/a><\/p>\n","protected":false},"author":1,"featured_media":12251,"comment_status":"","ping_status":"","sticky":false,"template":"","format":"standard","meta":{"footnotes":""},"categories":[52],"tags":[],"class_list":["post-12252","post","type-post","status-publish","format-standard","has-post-thumbnail","hentry","category-salud"],"acf":[],"_yoast_wpseo_primary_category":null,"_yoast_wpseo_title":null,"_yoast_wpseo_metadesc":null,"_links":{"self":[{"href":"https:\/\/www.journee-mondiale.com\/es\/wp-json\/wp\/v2\/posts\/12252","targetHints":{"allow":["GET"]}}],"collection":[{"href":"https:\/\/www.journee-mondiale.com\/es\/wp-json\/wp\/v2\/posts"}],"about":[{"href":"https:\/\/www.journee-mondiale.com\/es\/wp-json\/wp\/v2\/types\/post"}],"author":[{"embeddable":true,"href":"https:\/\/www.journee-mondiale.com\/es\/wp-json\/wp\/v2\/users\/1"}],"replies":[{"embeddable":true,"href":"https:\/\/www.journee-mondiale.com\/es\/wp-json\/wp\/v2\/comments?post=12252"}],"version-history":[{"count":0,"href":"https:\/\/www.journee-mondiale.com\/es\/wp-json\/wp\/v2\/posts\/12252\/revisions"}],"wp:featuredmedia":[{"embeddable":true,"href":"https:\/\/www.journee-mondiale.com\/es\/wp-json\/wp\/v2\/media\/12251"}],"wp:attachment":[{"href":"https:\/\/www.journee-mondiale.com\/es\/wp-json\/wp\/v2\/media?parent=12252"}],"wp:term":[{"taxonomy":"category","embeddable":true,"href":"https:\/\/www.journee-mondiale.com\/es\/wp-json\/wp\/v2\/categories?post=12252"},{"taxonomy":"post_tag","embeddable":true,"href":"https:\/\/www.journee-mondiale.com\/es\/wp-json\/wp\/v2\/tags?post=12252"}],"curies":[{"name":"wp","href":"https:\/\/api.w.org\/{rel}","templated":true}]}}