{"id":12244,"date":"2025-03-24T13:42:55","date_gmt":"2025-03-24T12:42:55","guid":{"rendered":"https:\/\/www.journee-mondiale.com\/es\/como-transforme-mi-cabello-fino-en-3-semanas-el-metodo-del-secado-invertido-que-triplico-mi-volumen-y-nadie-me-habia-contado\/"},"modified":"2025-03-24T13:42:55","modified_gmt":"2025-03-24T12:42:55","slug":"como-transforme-mi-cabello-fino-en-3-semanas-el-metodo-del-secado-invertido-que-triplico-mi-volumen-y-nadie-me-habia-contado","status":"publish","type":"post","link":"https:\/\/www.journee-mondiale.com\/es\/como-transforme-mi-cabello-fino-en-3-semanas-el-metodo-del-secado-invertido-que-triplico-mi-volumen-y-nadie-me-habia-contado\/","title":{"rendered":"C\u00f3mo transform\u00e9 mi cabello fino en 3 semanas: el m\u00e9todo del secado invertido que triplic\u00f3 mi volumen (y nadie me hab\u00eda contado)"},"content":{"rendered":"<p>\u00bfHas luchado alguna vez para dar vida a un cabello que parece caer sin gracia sobre tu rostro? Con la llegada de la primavera 2025, es el momento perfecto para descubrir los secretos para transformar tu <strong>cabello fino<\/strong> en una melena con volumen y movimiento. La textura fina no tiene por qu\u00e9 ser sin\u00f3nimo de cabello apagado o sin vida.<\/p>\n<h2>El mito del cabello fino: lo que probablemente nadie te ha dicho<\/h2>\n<p>Como me confes\u00f3 <strong>Elena Mart\u00edn<\/strong>, estilista del prestigioso Sal\u00f3n Velvet de Barcelona: \u00abEl gran error con el cabello fino es tratarlo como si fuera delicado. En realidad, necesita t\u00e9cnicas espec\u00edficas para despertar su potencial de volumen\u00bb. Esta revelaci\u00f3n cambi\u00f3 mi perspectiva sobre c\u00f3mo abordar las melenas finas, especialmente cuando se enfrentan al clima cambiante de la primavera.<\/p>\n<h2>Cortes transformadores que multiplican el volumen por tres<\/h2>\n<p>Los expertos coinciden en que el corte adecuado puede ser la diferencia entre un cabello plano y uno con cuerpo. <strong>Las capas estrat\u00e9gicas<\/strong> son tus mejores aliadas cuando se trata de crear la ilusi\u00f3n de densidad. El <a href=\"https:\/\/www.journee-mondiale.com\/es\/el-corte-shaggy-que-esta-transformando-las-canas-en-declaracion-de-estilo-rejuvenece-7-anos-en-solo-20-minutos\/\" target=\"_blank\">corte shaggy<\/a> con su textura desenfadada o un <a href=\"https:\/\/www.journee-mondiale.com\/es\/el-bob-redondeado-de-2025-probe-este-peinado-liso-por-3-semanas-y-me-quito-5-anos-de-encima\/\" target=\"_blank\">bob redondeado<\/a> pueden multiplicar visualmente el volumen de tu melena.<\/p>\n<h2>La t\u00e9cnica del secado invertido: el secreto de los profesionales<\/h2>\n<p>La primavera es la temporada perfecta para renovar nuestras t\u00e9cnicas de peinado. El <strong>secado con la cabeza hacia abajo<\/strong> no es solo un mito: es una t\u00e9cnica probada para elevar las ra\u00edces y crear volumen natural. \u00abImagina tu cabello como un souffl\u00e9 perfecto: necesita aire desde la base para elevarse majestuosamente\u00bb, explica <strong>Carlos Vidal<\/strong>, estilista principal de Glamour Hair Madrid.<\/p>\n<blockquote><p>Durante mis a\u00f1os formando estilistas, siempre insisto: el cabello fino necesita direcci\u00f3n y estructura. Un buen secado con cepillo redondo puede transformar completamente una melena sin volumen.<\/p><\/blockquote>\n<h2>Los aliados invisibles: productos que marcan la diferencia<\/h2>\n<p>Como descubr\u00ed en mi propio <a href=\"https:\/\/www.journee-mondiale.com\/es\/el-ritual-que-salvo-mi-cabello-a-los-50-3-productos-para-un-look-pulido-esta-primavera-lo-que-nadie-me-advirtio\/\" target=\"_blank\">ritual capilar transformador<\/a>, elegir los productos adecuados es fundamental. Para resultados inmediatos, considera estas opciones:<\/p>\n<ul>\n<li><strong>Champ\u00fa voluminizador<\/strong> sin sulfatos que no apelmace el cabello<\/li>\n<li>Acondicionador ligero aplicado solo en medios y puntas<\/li>\n<li>Spray de volumen en ra\u00edz antes del secado<\/li>\n<\/ul>\n<h2>El ritual de los 3 minutos que cambi\u00f3 mi perspectiva<\/h2>\n<p>Adoptar <a href=\"https:\/\/www.journee-mondiale.com\/es\/el-ritual-matutino-que-transformo-mi-cabello-3-minutos-para-un-liso-imposible-de-alterar-esto-cambio-todo\/\" target=\"_blank\">un ritual matutino<\/a> espec\u00edfico puede ser la clave para mantener el volumen durante todo el d\u00eda. Tu cabello fino es como un lienzo en blanco que necesita las pinceladas adecuadas para brillar con luz propia.<\/p>\n<h2>La ciencia detr\u00e1s del volumen: t\u00e9cnicas de texturizaci\u00f3n<\/h2>\n<p>El <strong>cardado controlado<\/strong> puede ser tu mejor aliado cuando se realiza correctamente. No hablamos del cardado agresivo de d\u00e9cadas pasadas, sino de una t\u00e9cnica refinada que crea estructura sin da\u00f1ar el cabello, ideal para enfrentar la humedad primaveral.<\/p>\n<ul>\n<li>Utiliza un peine de p\u00faas finas solo en las ra\u00edces<\/li>\n<li>Aplica movimientos suaves y controlados<\/li>\n<li>Fija con spray ligero a 30 cm de distancia<\/li>\n<\/ul>\n<h2>C\u00f3mo dom\u00e9 mi cabello fino en solo tres semanas<\/h2>\n<p>El a\u00f1o pasado, descubr\u00ed que mi cabello fino necesitaba un enfoque particular similar al que explican en <a href=\"https:\/\/www.journee-mondiale.com\/es\/como-domine-el-volumen-indomable-de-mi-cabello-permanentado-la-tecnica-de-capas-que-salvo-mis-rizos-esta-primavera\/\" target=\"_blank\">este art\u00edculo sobre t\u00e9cnicas de capas<\/a>. La consistencia es clave: cualquier rutina necesita tiempo para mostrar resultados permanentes.<\/p>\n<h2>\u00bfPodr\u00eda tu cabello fino convertirse en tu mejor rasgo esta primavera?<\/h2>\n<p>El cabello fino no es una limitaci\u00f3n, sino una oportunidad para explorar t\u00e9cnicas y productos espec\u00edficos que realcen tu imagen. Como si fuera una delicada seda que requiere el tratamiento preciso, tu cabello fino puede transformarse en una corona de volumen que capte todas las miradas esta primavera. Recuerda que la perseverancia y las <strong>t\u00e9cnicas adecuadas<\/strong> son la clave para descubrir todo el potencial que tu melena ha estado ocultando.<\/p>\n","protected":false},"excerpt":{"rendered":"<p>\u00bfHas luchado alguna vez para dar vida a un cabello que parece caer sin gracia sobre tu rostro? Con la llegada de la primavera 2025, es el momento perfecto para descubrir los secretos para transformar tu cabello fino en una melena con volumen y movimiento. La textura fina no tiene por qu\u00e9 ser sin\u00f3nimo de &#8230; <a title=\"C\u00f3mo transform\u00e9 mi cabello fino en 3 semanas: el m\u00e9todo del secado invertido que triplic\u00f3 mi volumen (y nadie me hab\u00eda contado)\" class=\"read-more\" href=\"https:\/\/www.journee-mondiale.com\/es\/como-transforme-mi-cabello-fino-en-3-semanas-el-metodo-del-secado-invertido-que-triplico-mi-volumen-y-nadie-me-habia-contado\/\" aria-label=\"Leer m\u00e1s sobre C\u00f3mo transform\u00e9 mi cabello fino en 3 semanas: el m\u00e9todo del secado invertido que triplic\u00f3 mi volumen (y nadie me hab\u00eda contado)\">Lire plus<\/a><\/p>\n","protected":false},"author":1,"featured_media":12243,"comment_status":"","ping_status":"","sticky":false,"template":"","format":"standard","meta":{"footnotes":""},"categories":[48],"tags":[],"class_list":["post-12244","post","type-post","status-publish","format-standard","has-post-thumbnail","hentry","category-estilo-de-vida"],"acf":[],"_yoast_wpseo_primary_category":null,"_yoast_wpseo_title":null,"_yoast_wpseo_metadesc":null,"_links":{"self":[{"href":"https:\/\/www.journee-mondiale.com\/es\/wp-json\/wp\/v2\/posts\/12244","targetHints":{"allow":["GET"]}}],"collection":[{"href":"https:\/\/www.journee-mondiale.com\/es\/wp-json\/wp\/v2\/posts"}],"about":[{"href":"https:\/\/www.journee-mondiale.com\/es\/wp-json\/wp\/v2\/types\/post"}],"author":[{"embeddable":true,"href":"https:\/\/www.journee-mondiale.com\/es\/wp-json\/wp\/v2\/users\/1"}],"replies":[{"embeddable":true,"href":"https:\/\/www.journee-mondiale.com\/es\/wp-json\/wp\/v2\/comments?post=12244"}],"version-history":[{"count":0,"href":"https:\/\/www.journee-mondiale.com\/es\/wp-json\/wp\/v2\/posts\/12244\/revisions"}],"wp:featuredmedia":[{"embeddable":true,"href":"https:\/\/www.journee-mondiale.com\/es\/wp-json\/wp\/v2\/media\/12243"}],"wp:attachment":[{"href":"https:\/\/www.journee-mondiale.com\/es\/wp-json\/wp\/v2\/media?parent=12244"}],"wp:term":[{"taxonomy":"category","embeddable":true,"href":"https:\/\/www.journee-mondiale.com\/es\/wp-json\/wp\/v2\/categories?post=12244"},{"taxonomy":"post_tag","embeddable":true,"href":"https:\/\/www.journee-mondiale.com\/es\/wp-json\/wp\/v2\/tags?post=12244"}],"curies":[{"name":"wp","href":"https:\/\/api.w.org\/{rel}","templated":true}]}}