{"id":12227,"date":"2025-03-24T13:22:53","date_gmt":"2025-03-24T12:22:53","guid":{"rendered":"https:\/\/www.journee-mondiale.com\/es\/el-bob-con-flequillo-largo-ha-conquistado-la-primavera-2025-el-corte-minimalista-que-rejuvenece-5-anos-los-estilistas-confirman-su-efecto-lifting\/"},"modified":"2025-03-24T13:22:53","modified_gmt":"2025-03-24T12:22:53","slug":"el-bob-con-flequillo-largo-ha-conquistado-la-primavera-2025-el-corte-minimalista-que-rejuvenece-5-anos-los-estilistas-confirman-su-efecto-lifting","status":"publish","type":"post","link":"https:\/\/www.journee-mondiale.com\/es\/el-bob-con-flequillo-largo-ha-conquistado-la-primavera-2025-el-corte-minimalista-que-rejuvenece-5-anos-los-estilistas-confirman-su-efecto-lifting\/","title":{"rendered":"El bob con flequillo largo ha conquistado la primavera 2025: el corte minimalista que rejuvenece 5 a\u00f1os (los estilistas confirman su efecto lifting)"},"content":{"rendered":"<p>\u00bfQui\u00e9n dijo que la elegancia est\u00e1 re\u00f1ida con la sencillez? Esta primavera 2025 estamos viendo c\u00f3mo el <strong>bob recto con flequillo largo<\/strong> se consolida como la apuesta m\u00e1s sofisticada para quienes buscan un cambio sin complicaciones. Como me confesaba ayer Mar\u00eda Solano, directora creativa del Sal\u00f3n Vanguardia de Barcelona: \u00abEl minimalismo ha llegado para quedarse en el mundo de la peluquer\u00eda, y el bob con flequillo largo es su m\u00e1xima expresi\u00f3n\u00bb.<\/p>\n<h2>La revoluci\u00f3n silenciosa de los cortes minimalistas<\/h2>\n<p>La <strong>temporada primaveral<\/strong> de 2025 est\u00e1 abrazando la simpleza con una elegancia nunca vista. El bob recto, lejos de pasar de moda, se reinventa con ese toque de flequillo largo que transforma por completo la mirada. Como si fuera un lienzo en blanco, este peinado permite que el rostro sea el verdadero protagonista mientras el cabello enmarca suavemente las facciones.<\/p>\n<p>Durante los desfiles de Mil\u00e1n y Par\u00eds, este corte ha copado las pasarelas con esa <strong>sofisticaci\u00f3n despreocupada<\/strong> que tanto buscamos para nuestro d\u00eda a d\u00eda. Lo que antes era un corte cl\u00e1sico ahora se convierte en una declaraci\u00f3n de intenciones: menos es definitivamente m\u00e1s.<\/p>\n<h2>\u00bfPor qu\u00e9 el bob con flequillo largo est\u00e1 cautivando a todas?<\/h2>\n<p>La magia de este corte reside en su asombrosa capacidad para adaptarse a cualquier tipo de rostro. Carlos Vidal, estilista del Sal\u00f3n Belleza Madrid, me explicaba: \u00abEl <strong>bob recto<\/strong> con flequillo largo es como ese vestido negro que siempre queda bien; funciona para cabellos finos aportando estructura, y para melenas gruesas ofreciendo control\u00bb.<\/p>\n<p>Sus ventajas son innumerables, pero destacar\u00eda estas:<\/p>\n<ul>\n<li>Enmarca el rostro creando un efecto lifting instant\u00e1neo<\/li>\n<li>Requiere m\u00ednimo mantenimiento comparado con <a href=\"https:\/\/www.journee-mondiale.com\/es\/el-pixie-con-flequillo-ladeado-esta-rejuveneciendo-rostros-7-anos-en-solo-20-minutos-esto-esta-revolucionando-la-primavera-2025\/\" target=\"_blank\">cortes m\u00e1s cortos como el pixie<\/a><\/li>\n<li>Permite m\u00faltiples estilos de peinado sin perder su esencia<\/li>\n<\/ul>\n<h2>El secreto est\u00e1 en la personalizaci\u00f3n del flequillo<\/h2>\n<p>Lo que hace \u00fanico a este estilo es la posibilidad de personalizar el <strong>flequillo largo<\/strong> seg\u00fan las necesidades de cada rostro. Como una cortina que se abre para mostrar lo mejor de ti, el flequillo puede llevarse recto, ligeramente desfilado o incluso con una sutil abertura central.<\/p>\n<blockquote><p>El flequillo largo es como el marco perfecto para un cuadro valioso; no compite con la obra, sino que la realza sutilmente, permitiendo que tu mirada brille con luz propia.<\/p><\/blockquote>\n<h2>Adapt\u00e1ndolo a tu rutina diaria: simplicidad en estado puro<\/h2>\n<p>El <strong>minimalismo chic<\/strong> de este corte no solo se refleja en su apariencia, sino tambi\u00e9n en su mantenimiento. A diferencia de <a href=\"https:\/\/www.journee-mondiale.com\/es\/el-nuevo-corte-frances-que-esta-quitando-7-anos-de-edad-al-instante-lo-que-las-parisinas-no-quieren-compartir-sobre-el-bob-despuntado\/\" target=\"_blank\">otros estilos franceses m\u00e1s elaborados<\/a>, este bob requiere poco m\u00e1s que un secado r\u00e1pido y alg\u00fan producto texturizante.<\/p>\n<p>Para mantenerlo impecable, te recomiendo:<\/p>\n<ul>\n<li>Usar <strong>champ\u00fas voluminizadores<\/strong> que mantengan la ligereza del corte<\/li>\n<li>Aplicar serum en las puntas para ese acabado pulido tan caracter\u00edstico<\/li>\n<li>Retocar el flequillo cada 3-4 semanas para mantener la proporci\u00f3n perfecta<\/li>\n<\/ul>\n<h2>La transici\u00f3n perfecta desde otros estilos<\/h2>\n<p>Si vienes de <a href=\"https:\/\/www.journee-mondiale.com\/es\/los-3-cortes-a-media-melena-que-probe-esta-primavera-y-por-que-el-corte-mariposa-rejuvenecio-mi-rostro\/\" target=\"_blank\">una media melena<\/a> o incluso de <a href=\"https:\/\/www.journee-mondiale.com\/es\/como-domine-el-volumen-indomable-de-mi-cabello-permanentado-la-tecnica-de-capas-que-salvo-mis-rizos-esta-primavera\/\" target=\"_blank\">cabellos m\u00e1s voluminosos<\/a>, este bob es tu mejor aliado. La transici\u00f3n es suave como un <strong>cambio de estaci\u00f3n<\/strong>, permiti\u00e9ndote renovar tu imagen sin sentir que has dado un paso demasiado radical.<\/p>\n<h2>\u00bfLista para sumarte a la revoluci\u00f3n minimalista del cabello?<\/h2>\n<p>Como <a href=\"https:\/\/www.journee-mondiale.com\/es\/el-ritual-matutino-que-transformo-mi-cabello-3-minutos-para-un-liso-imposible-de-alterar-esto-cambio-todo\/\" target=\"_blank\">transformar nuestra rutina capilar<\/a> puede cambiar por completo nuestra imagen, apostar por el bob recto con flequillo largo esta primavera 2025 es declarar que abrazamos la elegancia sin artificios. Este corte no es solo un peinado; es una filosof\u00eda que nos recuerda que la verdadera belleza reside en la autenticidad y la simplicidad.<\/p>\n","protected":false},"excerpt":{"rendered":"<p>\u00bfQui\u00e9n dijo que la elegancia est\u00e1 re\u00f1ida con la sencillez? Esta primavera 2025 estamos viendo c\u00f3mo el bob recto con flequillo largo se consolida como la apuesta m\u00e1s sofisticada para quienes buscan un cambio sin complicaciones. Como me confesaba ayer Mar\u00eda Solano, directora creativa del Sal\u00f3n Vanguardia de Barcelona: \u00abEl minimalismo ha llegado para quedarse &#8230; <a title=\"El bob con flequillo largo ha conquistado la primavera 2025: el corte minimalista que rejuvenece 5 a\u00f1os (los estilistas confirman su efecto lifting)\" class=\"read-more\" href=\"https:\/\/www.journee-mondiale.com\/es\/el-bob-con-flequillo-largo-ha-conquistado-la-primavera-2025-el-corte-minimalista-que-rejuvenece-5-anos-los-estilistas-confirman-su-efecto-lifting\/\" aria-label=\"Leer m\u00e1s sobre El bob con flequillo largo ha conquistado la primavera 2025: el corte minimalista que rejuvenece 5 a\u00f1os (los estilistas confirman su efecto lifting)\">Lire plus<\/a><\/p>\n","protected":false},"author":1,"featured_media":12226,"comment_status":"","ping_status":"","sticky":false,"template":"","format":"standard","meta":{"footnotes":""},"categories":[48],"tags":[],"class_list":["post-12227","post","type-post","status-publish","format-standard","has-post-thumbnail","hentry","category-estilo-de-vida"],"acf":[],"_yoast_wpseo_primary_category":null,"_yoast_wpseo_title":null,"_yoast_wpseo_metadesc":null,"_links":{"self":[{"href":"https:\/\/www.journee-mondiale.com\/es\/wp-json\/wp\/v2\/posts\/12227","targetHints":{"allow":["GET"]}}],"collection":[{"href":"https:\/\/www.journee-mondiale.com\/es\/wp-json\/wp\/v2\/posts"}],"about":[{"href":"https:\/\/www.journee-mondiale.com\/es\/wp-json\/wp\/v2\/types\/post"}],"author":[{"embeddable":true,"href":"https:\/\/www.journee-mondiale.com\/es\/wp-json\/wp\/v2\/users\/1"}],"replies":[{"embeddable":true,"href":"https:\/\/www.journee-mondiale.com\/es\/wp-json\/wp\/v2\/comments?post=12227"}],"version-history":[{"count":0,"href":"https:\/\/www.journee-mondiale.com\/es\/wp-json\/wp\/v2\/posts\/12227\/revisions"}],"wp:featuredmedia":[{"embeddable":true,"href":"https:\/\/www.journee-mondiale.com\/es\/wp-json\/wp\/v2\/media\/12226"}],"wp:attachment":[{"href":"https:\/\/www.journee-mondiale.com\/es\/wp-json\/wp\/v2\/media?parent=12227"}],"wp:term":[{"taxonomy":"category","embeddable":true,"href":"https:\/\/www.journee-mondiale.com\/es\/wp-json\/wp\/v2\/categories?post=12227"},{"taxonomy":"post_tag","embeddable":true,"href":"https:\/\/www.journee-mondiale.com\/es\/wp-json\/wp\/v2\/tags?post=12227"}],"curies":[{"name":"wp","href":"https:\/\/api.w.org\/{rel}","templated":true}]}}