{"id":12225,"date":"2025-03-24T13:22:36","date_gmt":"2025-03-24T12:22:36","guid":{"rendered":"https:\/\/www.journee-mondiale.com\/es\/el-rojo-que-lo-cambio-todo-mi-tecnica-de-labial-difuminado-que-rejuvenecio-mi-rostro-5-anos-esta-primavera\/"},"modified":"2025-03-24T13:22:36","modified_gmt":"2025-03-24T12:22:36","slug":"el-rojo-que-lo-cambio-todo-mi-tecnica-de-labial-difuminado-que-rejuvenecio-mi-rostro-5-anos-esta-primavera","status":"publish","type":"post","link":"https:\/\/www.journee-mondiale.com\/es\/el-rojo-que-lo-cambio-todo-mi-tecnica-de-labial-difuminado-que-rejuvenecio-mi-rostro-5-anos-esta-primavera\/","title":{"rendered":"El rojo que lo cambi\u00f3 todo: mi t\u00e9cnica de labial difuminado que rejuveneci\u00f3 mi rostro 5 a\u00f1os esta primavera"},"content":{"rendered":"<p>Los <strong>labiales rojos<\/strong> son ese toque de glamour atemporal que toda mujer merece incorporar en su rutina. Con la llegada de la <strong>primavera 2025<\/strong>, las tonalidades carmes\u00ed se reinventan para adaptarse especialmente a las mujeres maduras espa\u00f1olas, realzando su belleza natural y aportando ese toque de confianza que todas buscamos.<\/p>\n<h2>La revoluci\u00f3n de los labios rojos en 2025<\/h2>\n<p>Este a\u00f1o, los <strong>labios rojos<\/strong> se han transformado completamente gracias a nuevas formulaciones que combinan color intenso con propiedades hidratantes. \u00abLos labiales rojos son un s\u00edmbolo de elegancia atemporal en el maquillaje, y esta temporada regresan con nuevas texturas y t\u00e9cnicas\u00bb, explica Nerina Fre\u00e1n, reconocida maquilladora que ha trabajado con numerosas celebridades espa\u00f1olas.<\/p>\n<p>El <strong>efecto difuminado<\/strong> o \u00abblurred\u00bb se ha convertido en la t\u00e9cnica preferida entre las mujeres maduras por su capacidad para rejuvenecer instant\u00e1neamente. Este efecto suaviza visualmente las l\u00edneas de expresi\u00f3n alrededor de los labios, creando un aspecto m\u00e1s juvenil y natural. <a href=\"https:\/\/www.journee-mondiale.com\/es\/maquillaje-para-eventos-al-aire-libre-despues-de-los-50-mi-tecnica-del-efecto-desenfocado-que-rejuvenecio-mi-rostro-5-anos-esta-primavera\/\" target=\"_blank\">La t\u00e9cnica del efecto desenfocado<\/a> puede rejuvenecer el rostro hasta 5 a\u00f1os, especialmente en eventos al aire libre durante esta primavera.<\/p>\n<h2>\u00bfQu\u00e9 tonos de rojo favorecen realmente a las mujeres maduras?<\/h2>\n<p>Seg\u00fan los expertos, estos son los tonos m\u00e1s favorecedores para mujeres maduras espa\u00f1olas:<\/p>\n<ul>\n<li><strong>Rojo anaranjado<\/strong>: Ilumina el rostro y aporta calidez, especialmente indicado para pieles con subtono oliva.<\/li>\n<li><strong>Rojo cereza<\/strong>: Un tono intermedio que favorece a casi todas las tonalidades de piel mediterr\u00e1nea.<\/li>\n<li><strong>Rojo vino<\/strong>: Perfecto para eventos nocturnos, aporta sofisticaci\u00f3n y elegancia a mujeres con cabello oscuro.<\/li>\n<\/ul>\n<p>La modelo espa\u00f1ola Nieves \u00c1lvarez, conocida por su elegancia atemporal, ha popularizado los <strong>tonos rojos cl\u00e1sicos<\/strong> que complementan perfectamente las pieles mediterr\u00e1neas. \u00abPara un efecto espectacular, puedes aplicar el color en los labios de manera uniforme y luego redibujar el contorno con la punta de la barra de labios\u00bb, recomienda Violette, Directora Creativa de Guerlain.<\/p>\n<h2>C\u00f3mo combinar el labial rojo con un look bronceado para esta primavera<\/h2>\n<p>La combinaci\u00f3n de <strong>labios rojos<\/strong> con un sutil bronceado es la f\u00f3rmula perfecta para esta primavera. <a href=\"https:\/\/www.journee-mondiale.com\/es\/descubri-que-el-maquillaje-bronceado-rejuvenece-5-anos-mi-tecnica-para-primavera-2025-que-cambio-mi-rostro\/\" target=\"_blank\">El maquillaje bronceado puede rejuvenecer hasta 5 a\u00f1os<\/a> cuando se combina adecuadamente con un labial rojo vibrante, creando un contraste armonioso que ilumina el rostro.<\/p>\n<h2>La teor\u00eda viral que est\u00e1 revolucionando el uso del rojo<\/h2>\n<p>La <strong>\u00abteor\u00eda del labial rojo\u00bb<\/strong> se ha vuelto viral en 2025. Esta filosof\u00eda promueve el uso del rojo como elemento central del maquillaje, simplificando el resto de la rutina. \u00abEs como un espejo que refleja nuestra fortaleza interior\u00bb, explica la Dra. Marina L\u00f3pez, psic\u00f3loga especializada en imagen personal. <a href=\"https:\/\/www.journee-mondiale.com\/es\/tecnica-del-espejo-mi-transformacion-de-5-minutos-que-cambio-mi-relacion-con-el-reflejo-esto-podria-cambiar-tu-primavera\/\" target=\"_blank\">La t\u00e9cnica del espejo<\/a> puede transformar nuestra percepci\u00f3n en apenas 5 minutos.<\/p>\n<h2>Texturas innovadoras que est\u00e1n triunfando<\/h2>\n<p>Las nuevas <strong>texturas h\u00edbridas<\/strong> que combinan la intensidad de color con propiedades hidratantes son perfectas para mujeres maduras. Destacan:<\/p>\n<ul>\n<li><strong>Aceites tintados<\/strong>: Aportan hidrataci\u00f3n intensa con un toque de color vibrante.<\/li>\n<li><strong>B\u00e1lsamos pigmentados<\/strong>: Ideal para labios secos, combinan tratamiento y color.<\/li>\n<li><strong>Labiales aterciopelados<\/strong>: Con efecto mate pero sin resecar, perfecto para pieles maduras.<\/li>\n<\/ul>\n<p>Para completar tu look primaveral, <a href=\"https:\/\/www.journee-mondiale.com\/es\/el-negro-que-reinventa-mi-primavera-5-tecnicas-para-elevar-outfits-monocromaticos-sin-parecer-monotona\/\" target=\"_blank\">el negro puede reinventar tu imagen<\/a> cuando se combina con labios rojos, creando un contraste elegante y sofisticado sin parecer mon\u00f3tona.<\/p>\n<p>Antes de aplicar tu labial rojo, aseg\u00farate de preparar tus labios adecuadamente. <a href=\"https:\/\/www.journee-mondiale.com\/es\/el-ritual-matutino-que-transformo-mi-cabello-3-minutos-para-un-liso-imposible-de-alterar-esto-cambio-todo\/\" target=\"_blank\">Un ritual matutino bien planificado<\/a> puede marcar la diferencia tanto en tu cabello como en tu maquillaje, permiti\u00e9ndote lucir radiante todo el d\u00eda.<\/p>\n<h2>\u00bfEst\u00e1s lista para encontrar tu rojo perfecto esta primavera?<\/h2>\n<p>Los labiales rojos no son solo un cosm\u00e9tico, sino una declaraci\u00f3n de intenciones. Esta primavera 2025, atr\u00e9vete a descubrir el tono que mejor se adapte a tu personalidad y caracter\u00edsticas. Recuerda que el rojo perfecto no solo realza tus labios, sino que ilumina tu rostro entero y potencia tu confianza natural, devolvi\u00e9ndote esa juventud que siempre ha estado ah\u00ed.<\/p>\n","protected":false},"excerpt":{"rendered":"<p>Los labiales rojos son ese toque de glamour atemporal que toda mujer merece incorporar en su rutina. Con la llegada de la primavera 2025, las tonalidades carmes\u00ed se reinventan para adaptarse especialmente a las mujeres maduras espa\u00f1olas, realzando su belleza natural y aportando ese toque de confianza que todas buscamos. La revoluci\u00f3n de los labios &#8230; <a title=\"El rojo que lo cambi\u00f3 todo: mi t\u00e9cnica de labial difuminado que rejuveneci\u00f3 mi rostro 5 a\u00f1os esta primavera\" class=\"read-more\" href=\"https:\/\/www.journee-mondiale.com\/es\/el-rojo-que-lo-cambio-todo-mi-tecnica-de-labial-difuminado-que-rejuvenecio-mi-rostro-5-anos-esta-primavera\/\" aria-label=\"Leer m\u00e1s sobre El rojo que lo cambi\u00f3 todo: mi t\u00e9cnica de labial difuminado que rejuveneci\u00f3 mi rostro 5 a\u00f1os esta primavera\">Lire plus<\/a><\/p>\n","protected":false},"author":1,"featured_media":12224,"comment_status":"","ping_status":"","sticky":false,"template":"","format":"standard","meta":{"footnotes":""},"categories":[48],"tags":[],"class_list":["post-12225","post","type-post","status-publish","format-standard","has-post-thumbnail","hentry","category-estilo-de-vida"],"acf":[],"_yoast_wpseo_primary_category":null,"_yoast_wpseo_title":null,"_yoast_wpseo_metadesc":null,"_links":{"self":[{"href":"https:\/\/www.journee-mondiale.com\/es\/wp-json\/wp\/v2\/posts\/12225","targetHints":{"allow":["GET"]}}],"collection":[{"href":"https:\/\/www.journee-mondiale.com\/es\/wp-json\/wp\/v2\/posts"}],"about":[{"href":"https:\/\/www.journee-mondiale.com\/es\/wp-json\/wp\/v2\/types\/post"}],"author":[{"embeddable":true,"href":"https:\/\/www.journee-mondiale.com\/es\/wp-json\/wp\/v2\/users\/1"}],"replies":[{"embeddable":true,"href":"https:\/\/www.journee-mondiale.com\/es\/wp-json\/wp\/v2\/comments?post=12225"}],"version-history":[{"count":0,"href":"https:\/\/www.journee-mondiale.com\/es\/wp-json\/wp\/v2\/posts\/12225\/revisions"}],"wp:featuredmedia":[{"embeddable":true,"href":"https:\/\/www.journee-mondiale.com\/es\/wp-json\/wp\/v2\/media\/12224"}],"wp:attachment":[{"href":"https:\/\/www.journee-mondiale.com\/es\/wp-json\/wp\/v2\/media?parent=12225"}],"wp:term":[{"taxonomy":"category","embeddable":true,"href":"https:\/\/www.journee-mondiale.com\/es\/wp-json\/wp\/v2\/categories?post=12225"},{"taxonomy":"post_tag","embeddable":true,"href":"https:\/\/www.journee-mondiale.com\/es\/wp-json\/wp\/v2\/tags?post=12225"}],"curies":[{"name":"wp","href":"https:\/\/api.w.org\/{rel}","templated":true}]}}