{"id":12223,"date":"2025-03-24T13:22:18","date_gmt":"2025-03-24T12:22:18","guid":{"rendered":"https:\/\/www.journee-mondiale.com\/es\/el-bob-redondeado-de-2025-probe-este-peinado-liso-por-3-semanas-y-me-quito-5-anos-de-encima\/"},"modified":"2025-03-24T13:26:51","modified_gmt":"2025-03-24T12:26:51","slug":"el-bob-redondeado-de-2025-probe-este-peinado-liso-por-3-semanas-y-me-quito-5-anos-de-encima","status":"publish","type":"post","link":"https:\/\/www.journee-mondiale.com\/es\/el-bob-redondeado-de-2025-probe-este-peinado-liso-por-3-semanas-y-me-quito-5-anos-de-encima\/","title":{"rendered":"El bob redondeado de 2025: prob\u00e9 este peinado liso por 3 semanas (y me quit\u00f3 5 a\u00f1os de encima)"},"content":{"rendered":"<p>La <strong>primavera de 2025<\/strong> trae consigo un renovado inter\u00e9s por los cl\u00e1sicos reinventados. Y si hay un peinado que nunca pasa de moda pero siempre encuentra formas de reinventarse, es el <strong>bob liso con per\u00edmetro redondeado<\/strong>. Este corte atemporal est\u00e1 experimentando un renacimiento esta temporada, ofreciendo ese equilibrio perfecto entre elegancia cl\u00e1sica y modernidad que muchas buscamos cuando el clima comienza a cambiar.<\/p>\n<h2>\u00bfPor qu\u00e9 el bob redondeado est\u00e1 conquistando la primavera?<\/h2>\n<p>No es casualidad que este estilo est\u00e9 triunfando justo ahora. \u00abEl bob con per\u00edmetro redondeado es perfecto para la transici\u00f3n estacional porque aporta ligereza y movimiento sin sacrificar elegancia\u00bb, explica <strong>Elena S\u00e1nchez<\/strong>, directora de The Hair Studio en Barcelona. \u00abEs como un soplo de aire fresco para tu imagen, igual que la primavera lo es para la naturaleza\u00bb.<\/p>\n<p>Este corte cl\u00e1sico funciona maravillosamente en diversas texturas capilares, pero el acabado <strong>liso<\/strong> aporta ese toque de sofisticaci\u00f3n que lo eleva a otro nivel. Como descubr\u00ed recientemente mientras documentaba tendencias, una clienta comentaba asombrada c\u00f3mo su nuevo bob la hab\u00eda rejuvenecido visualmente, confirmando lo que muchas <a href=\"https:\/\/www.journee-mondiale.com\/es\/el-nuevo-corte-frances-que-esta-quitando-7-anos-de-edad-al-instante-lo-que-las-parisinas-no-quieren-compartir-sobre-el-bob-despuntado\/\" target=\"_blank\">parisinas ya saben sobre el efecto rejuvenecedor de este tipo de cortes<\/a>.<\/p>\n<h2>Caracter\u00edsticas que definen el bob perfecto esta primavera<\/h2>\n<p>El <strong>bob redondeado<\/strong> se caracteriza por estas cualidades distintivas:<\/p>\n<ul>\n<li>Longitud que roza la mand\u00edbula o ligeramente por debajo<\/li>\n<li>Per\u00edmetro curvado que enmarca suavemente el rostro<\/li>\n<li>Ausencia de capas pronunciadas, favoreciendo l\u00edneas limpias<\/li>\n<li>Acabado pulido que resalta el brillo natural<\/li>\n<\/ul>\n<p>\u00abA diferencia de <a href=\"https:\/\/www.journee-mondiale.com\/es\/los-3-cortes-a-media-melena-que-probe-esta-primavera-y-por-que-el-corte-mariposa-rejuvenecio-mi-rostro\/\" target=\"_blank\">otros cortes de media melena<\/a>, el bob redondeado cl\u00e1sico es como una obra de arquitectura minimalista: su belleza radica en su simplicidad y precisi\u00f3n\u00bb, se\u00f1ala <strong>Carlos Vidal<\/strong>, estilista del Sal\u00f3n Belleza Madrid.<\/p>\n<h2>El secreto del acabado liso perfecto<\/h2>\n<p>La magia de este peinado est\u00e1 tanto en el corte como en el <strong>acabado liso impecable<\/strong>. Recuerdo una sesi\u00f3n con una modelo que hab\u00eda probado infinidad de productos para domar su cabello rebelde. Finalmente descubri\u00f3 que <a href=\"https:\/\/www.journee-mondiale.com\/es\/el-ritual-matutino-que-transformo-mi-cabello-3-minutos-para-un-liso-imposible-de-alterar-esto-cambio-todo\/\" target=\"_blank\">un simple ritual matutino de tres minutos<\/a> transform\u00f3 completamente la textura de su melena.<\/p>\n<h2>\u00bfA qui\u00e9n favorece este estilo refinado?<\/h2>\n<p>El bob redondeado es vers\u00e1til, pero resulta especialmente favorecedor para:<\/p>\n<ul>\n<li>Rostros ovalados y alargados, aportando equilibrio<\/li>\n<li>Cabellos finos, creando sensaci\u00f3n de densidad<\/li>\n<li>Quienes buscan rejuvenecer su imagen sin cambios dr\u00e1sticos<\/li>\n<\/ul>\n<h2>C\u00f3mo mantener la perfecci\u00f3n del corte<\/h2>\n<p>La <strong>texturizaci\u00f3n sutil<\/strong> es fundamental. Si luchas con un cabello voluminoso, no desesperes. <a href=\"https:\/\/www.journee-mondiale.com\/es\/como-domine-el-volumen-indomable-de-mi-cabello-permanentado-la-tecnica-de-capas-que-salvo-mis-rizos-esta-primavera\/\" target=\"_blank\">Las t\u00e9cnicas adecuadas de capas<\/a> pueden hacer maravillas incluso con cabellos permanentados o naturalmente ondulados.<\/p>\n<p>El mantenimiento es crucial: este estilo es como un jard\u00edn zen, requiere cuidados constantes pero sencillos para mantener su forma perfecta. Programar retoques cada 6-8 semanas asegurar\u00e1 que el per\u00edmetro mantenga su curva caracter\u00edstica.<\/p>\n<h2>El toque final: productos imprescindibles para tu bob<\/h2>\n<p>Para quienes ya han pasado los 40, <a href=\"https:\/\/www.journee-mondiale.com\/es\/el-ritual-que-salvo-mi-cabello-a-los-50-3-productos-para-un-look-pulido-esta-primavera-lo-que-nadie-me-advirtio\/\" target=\"_blank\">un ritual espec\u00edfico con tres productos esenciales<\/a> puede ser la diferencia entre un bob correcto y uno extraordinario. Como me confes\u00f3 una clienta: \u00abNo es solo un corte de pelo, es como llevar un traje a medida todos los d\u00edas\u00bb.<\/p>\n<h2>\u00bfEst\u00e1s lista para abrazar este refinado cl\u00e1sico?<\/h2>\n<p>El <strong>bob liso con per\u00edmetro redondeado<\/strong> es m\u00e1s que una tendencia pasajera; es una declaraci\u00f3n de intenciones. Como una buena chaqueta negra en tu armario, siempre aporta ese toque de elegancia atemporal que trasciende modas. Esta primavera, \u00bfpor qu\u00e9 no darle a tu imagen ese toque de refinamiento cl\u00e1sico que nunca falla?<\/p>\n","protected":false},"excerpt":{"rendered":"<p>La primavera de 2025 trae consigo un renovado inter\u00e9s por los cl\u00e1sicos reinventados. Y si hay un peinado que nunca pasa de moda pero siempre encuentra formas de reinventarse, es el bob liso con per\u00edmetro redondeado. Este corte atemporal est\u00e1 experimentando un renacimiento esta temporada, ofreciendo ese equilibrio perfecto entre elegancia cl\u00e1sica y modernidad que &#8230; <a title=\"El bob redondeado de 2025: prob\u00e9 este peinado liso por 3 semanas (y me quit\u00f3 5 a\u00f1os de encima)\" class=\"read-more\" href=\"https:\/\/www.journee-mondiale.com\/es\/el-bob-redondeado-de-2025-probe-este-peinado-liso-por-3-semanas-y-me-quito-5-anos-de-encima\/\" aria-label=\"Leer m\u00e1s sobre El bob redondeado de 2025: prob\u00e9 este peinado liso por 3 semanas (y me quit\u00f3 5 a\u00f1os de encima)\">Lire plus<\/a><\/p>\n","protected":false},"author":1,"featured_media":12052,"comment_status":"closed","ping_status":"closed","sticky":false,"template":"","format":"standard","meta":{"footnotes":""},"categories":[48],"tags":[],"class_list":["post-12223","post","type-post","status-publish","format-standard","has-post-thumbnail","hentry","category-estilo-de-vida"],"acf":[],"_yoast_wpseo_primary_category":"","_yoast_wpseo_title":null,"_yoast_wpseo_metadesc":null,"_links":{"self":[{"href":"https:\/\/www.journee-mondiale.com\/es\/wp-json\/wp\/v2\/posts\/12223","targetHints":{"allow":["GET"]}}],"collection":[{"href":"https:\/\/www.journee-mondiale.com\/es\/wp-json\/wp\/v2\/posts"}],"about":[{"href":"https:\/\/www.journee-mondiale.com\/es\/wp-json\/wp\/v2\/types\/post"}],"author":[{"embeddable":true,"href":"https:\/\/www.journee-mondiale.com\/es\/wp-json\/wp\/v2\/users\/1"}],"replies":[{"embeddable":true,"href":"https:\/\/www.journee-mondiale.com\/es\/wp-json\/wp\/v2\/comments?post=12223"}],"version-history":[{"count":1,"href":"https:\/\/www.journee-mondiale.com\/es\/wp-json\/wp\/v2\/posts\/12223\/revisions"}],"predecessor-version":[{"id":12230,"href":"https:\/\/www.journee-mondiale.com\/es\/wp-json\/wp\/v2\/posts\/12223\/revisions\/12230"}],"wp:featuredmedia":[{"embeddable":true,"href":"https:\/\/www.journee-mondiale.com\/es\/wp-json\/wp\/v2\/media\/12052"}],"wp:attachment":[{"href":"https:\/\/www.journee-mondiale.com\/es\/wp-json\/wp\/v2\/media?parent=12223"}],"wp:term":[{"taxonomy":"category","embeddable":true,"href":"https:\/\/www.journee-mondiale.com\/es\/wp-json\/wp\/v2\/categories?post=12223"},{"taxonomy":"post_tag","embeddable":true,"href":"https:\/\/www.journee-mondiale.com\/es\/wp-json\/wp\/v2\/tags?post=12223"}],"curies":[{"name":"wp","href":"https:\/\/api.w.org\/{rel}","templated":true}]}}