{"id":12219,"date":"2025-03-24T13:12:04","date_gmt":"2025-03-24T12:12:04","guid":{"rendered":"https:\/\/www.journee-mondiale.com\/es\/descubri-que-el-maquillaje-bronceado-rejuvenece-5-anos-mi-tecnica-para-primavera-2025-que-cambio-mi-rostro\/"},"modified":"2025-03-24T13:12:04","modified_gmt":"2025-03-24T12:12:04","slug":"descubri-que-el-maquillaje-bronceado-rejuvenece-5-anos-mi-tecnica-para-primavera-2025-que-cambio-mi-rostro","status":"publish","type":"post","link":"https:\/\/www.journee-mondiale.com\/es\/descubri-que-el-maquillaje-bronceado-rejuvenece-5-anos-mi-tecnica-para-primavera-2025-que-cambio-mi-rostro\/","title":{"rendered":"Descubr\u00ed que el maquillaje bronceado rejuvenece 5 a\u00f1os (mi t\u00e9cnica para primavera 2025 que cambi\u00f3 mi rostro)"},"content":{"rendered":"<p>Con la llegada de la <strong>primavera 2025<\/strong>, el maquillaje bronceado emerge como la tendencia que iluminar\u00e1 nuestros rostros esta temporada. Como un rayo de sol que acaricia la piel tras el invierno, los tonos dorados y bronce nos invitan a rejuvenecer nuestra imagen con un resplandor c\u00e1lido y luminoso que evoca d\u00edas soleados.<\/p>\n<h2>El renacimiento del bronceado global: m\u00e1s all\u00e1 de las mejillas<\/h2>\n<p>Esta primavera 2025 no se trata solo de dar color a las mejillas, sino de crear un <strong>efecto bronceado integral<\/strong> que transforme todo el rostro. \u00abEl bronceado global representa la evoluci\u00f3n natural de nuestro anhelo por capturar la luminosidad solar en cada \u00e1ngulo del rostro\u00bb, explica Peter Philips, Director de Maquillaje de Dior, quien recomienda aplicar polvos bronceadores tanto en mejillas como en p\u00e1rpados.<\/p>\n<h2>La revoluci\u00f3n dorada: cuando los met\u00e1licos conquistan nuestros labios<\/h2>\n<p>Los <strong>labiales met\u00e1licos<\/strong> se posicionan como protagonistas indiscutibles esta temporada, ofreciendo un finish futurista que complementa perfectamente el look bronceado. \u00abLos tonos dorados y cobrizos en los labios aportan dimensi\u00f3n y luz al rostro, creando un efecto rejuvenecedor instant\u00e1neo\u00bb, afirma Gema Uceda, maquilladora para Bobbi Brown, quien destaca la importancia de pieles hidratadas como base para este tipo de maquillaje.<\/p>\n<h2>Sombras doradas: el secreto para miradas solares<\/h2>\n<p>Como rayos de sol capturados en los p\u00e1rpados, las <strong>sombras en tonos bronce y dorados<\/strong> son esenciales para completar este look primaveral. Estos tonos, que van desde el nude hasta el cobre intenso, crean un efecto <a href=\"https:\/\/www.journee-mondiale.com\/es\/maquillaje-para-eventos-al-aire-libre-despues-de-los-50-mi-tecnica-del-efecto-desenfocado-que-rejuvenecio-mi-rostro-5-anos-esta-primavera\/\" target=\"_blank\">desenfocado que rejuvenece el rostro<\/a> de forma natural y sofisticada.<\/p>\n<blockquote><p>\n\u00abLos tonos caf\u00e9 y bronceados tienen la capacidad \u00fanica de complementar cualquier tipo de piel, permitiendo crear maquillajes vers\u00e1tiles que potencian los rasgos naturales\u00bb, destaca Daniel Garc\u00eda, maquillador de REVIDERM.\n<\/p><\/blockquote>\n<h2>La fusi\u00f3n perfecta: iluminadores y bronceadores 2-en-1<\/h2>\n<p>Entre las <strong>innovaciones cosm\u00e9ticas<\/strong> m\u00e1s destacadas de 2025 encontramos productos que combinan bronceador e iluminador. Estos h\u00edbridos act\u00faan como una caricia de luz sobre la piel, proporcionando un bronceado multidimensional que evoca la manera en que el sol ilumina naturalmente diferentes \u00e1reas del rostro.<\/p>\n<h2>Los imprescindibles para lograr el look dorado perfecto<\/h2>\n<ul>\n<li><strong>Polvos bronceadores multifunci\u00f3n<\/strong> para aplicar en mejillas, p\u00e1rpados y sienes<\/li>\n<li><strong>Sombras met\u00e1licas<\/strong> en tonos dorados y cobrizos<\/li>\n<li><strong>Labiales con finish met\u00e1lico<\/strong> en tonos nude dorado o bronce<\/li>\n<\/ul>\n<h2>El contraste que potencia: ojos helados y piel bronceada<\/h2>\n<p>Una tendencia sorprendente que complementa el <strong>look bronceado<\/strong> es el contraste con tonos fr\u00edos en los ojos. \u00abCombinar un bronceado c\u00e1lido con <a href=\"https:\/\/www.journee-mondiale.com\/es\/el-ritual-matutino-que-transformo-mi-cabello-3-minutos-para-un-liso-imposible-de-alterar-esto-cambio-todo\/\" target=\"_blank\">toques helados en la mirada<\/a> crea una tensi\u00f3n visual que resalta ambos elementos\u00bb, comenta Esther Nieto, quien recomienda incorporar destellos plateados o azulados para este efecto.<\/p>\n<h2>El secreto est\u00e1 en la base: la importancia de la preparaci\u00f3n<\/h2>\n<p>Como un lienzo que se prepara antes de crear una obra maestra, la <strong>preparaci\u00f3n de la piel<\/strong> es fundamental para lucir un bronceado perfecto. Beauutyca sugiere usar \u00ab<a href=\"https:\/\/www.journee-mondiale.com\/es\/el-pixie-con-flequillo-ladeado-esta-rejuveneciendo-rostros-7-anos-en-solo-20-minutos-esto-esta-revolucionando-la-primavera-2025\/\" target=\"_blank\">bases en tono latte y correctores peach<\/a> para potenciar el efecto dorado natural\u00bb.<\/p>\n<h2>\u00bfC\u00f3mo llevar el maquillaje bronceado a otro nivel esta primavera?<\/h2>\n<p>Para destacar a\u00fan m\u00e1s nuestro look bronceado, podemos complementarlo con <a href=\"https:\/\/www.journee-mondiale.com\/es\/el-negro-que-reinventa-mi-primavera-5-tecnicas-para-elevar-outfits-monocromaticos-sin-parecer-monotona\/\" target=\"_blank\">outfits en tonos neutros o monocrom\u00e1ticos<\/a> que permitan que el rostro sea el protagonista. Y no olvidemos que, como sugiere Asttraea, \u00abmirarse al espejo con nuevos ojos es fundamental para apreciar c\u00f3mo <a href=\"https:\/\/www.journee-mondiale.com\/es\/tecnica-del-espejo-mi-transformacion-de-5-minutos-que-cambio-mi-relacion-con-el-reflejo-esto-podria-cambiar-tu-primavera\/\" target=\"_blank\">estos tonos dorados transforman nuestra imagen<\/a> y elevan nuestra confianza\u00bb.<\/p>\n","protected":false},"excerpt":{"rendered":"<p>Con la llegada de la primavera 2025, el maquillaje bronceado emerge como la tendencia que iluminar\u00e1 nuestros rostros esta temporada. Como un rayo de sol que acaricia la piel tras el invierno, los tonos dorados y bronce nos invitan a rejuvenecer nuestra imagen con un resplandor c\u00e1lido y luminoso que evoca d\u00edas soleados. El renacimiento &#8230; <a title=\"Descubr\u00ed que el maquillaje bronceado rejuvenece 5 a\u00f1os (mi t\u00e9cnica para primavera 2025 que cambi\u00f3 mi rostro)\" class=\"read-more\" href=\"https:\/\/www.journee-mondiale.com\/es\/descubri-que-el-maquillaje-bronceado-rejuvenece-5-anos-mi-tecnica-para-primavera-2025-que-cambio-mi-rostro\/\" aria-label=\"Leer m\u00e1s sobre Descubr\u00ed que el maquillaje bronceado rejuvenece 5 a\u00f1os (mi t\u00e9cnica para primavera 2025 que cambi\u00f3 mi rostro)\">Lire plus<\/a><\/p>\n","protected":false},"author":1,"featured_media":12217,"comment_status":"","ping_status":"","sticky":false,"template":"","format":"standard","meta":{"footnotes":""},"categories":[48],"tags":[],"class_list":["post-12219","post","type-post","status-publish","format-standard","has-post-thumbnail","hentry","category-estilo-de-vida"],"acf":[],"_yoast_wpseo_primary_category":null,"_yoast_wpseo_title":null,"_yoast_wpseo_metadesc":null,"_links":{"self":[{"href":"https:\/\/www.journee-mondiale.com\/es\/wp-json\/wp\/v2\/posts\/12219","targetHints":{"allow":["GET"]}}],"collection":[{"href":"https:\/\/www.journee-mondiale.com\/es\/wp-json\/wp\/v2\/posts"}],"about":[{"href":"https:\/\/www.journee-mondiale.com\/es\/wp-json\/wp\/v2\/types\/post"}],"author":[{"embeddable":true,"href":"https:\/\/www.journee-mondiale.com\/es\/wp-json\/wp\/v2\/users\/1"}],"replies":[{"embeddable":true,"href":"https:\/\/www.journee-mondiale.com\/es\/wp-json\/wp\/v2\/comments?post=12219"}],"version-history":[{"count":0,"href":"https:\/\/www.journee-mondiale.com\/es\/wp-json\/wp\/v2\/posts\/12219\/revisions"}],"wp:featuredmedia":[{"embeddable":true,"href":"https:\/\/www.journee-mondiale.com\/es\/wp-json\/wp\/v2\/media\/12217"}],"wp:attachment":[{"href":"https:\/\/www.journee-mondiale.com\/es\/wp-json\/wp\/v2\/media?parent=12219"}],"wp:term":[{"taxonomy":"category","embeddable":true,"href":"https:\/\/www.journee-mondiale.com\/es\/wp-json\/wp\/v2\/categories?post=12219"},{"taxonomy":"post_tag","embeddable":true,"href":"https:\/\/www.journee-mondiale.com\/es\/wp-json\/wp\/v2\/tags?post=12219"}],"curies":[{"name":"wp","href":"https:\/\/api.w.org\/{rel}","templated":true}]}}