{"id":12218,"date":"2025-03-24T13:12:04","date_gmt":"2025-03-24T12:12:04","guid":{"rendered":"https:\/\/www.journee-mondiale.com\/es\/el-corte-shaggy-que-esta-transformando-las-canas-en-declaracion-de-estilo-rejuvenece-7-anos-en-solo-20-minutos\/"},"modified":"2025-03-24T13:12:04","modified_gmt":"2025-03-24T12:12:04","slug":"el-corte-shaggy-que-esta-transformando-las-canas-en-declaracion-de-estilo-rejuvenece-7-anos-en-solo-20-minutos","status":"publish","type":"post","link":"https:\/\/www.journee-mondiale.com\/es\/el-corte-shaggy-que-esta-transformando-las-canas-en-declaracion-de-estilo-rejuvenece-7-anos-en-solo-20-minutos\/","title":{"rendered":"El corte shaggy que est\u00e1 transformando las canas en declaraci\u00f3n de estilo (rejuvenece 7 a\u00f1os en solo 20 minutos)"},"content":{"rendered":"<p>La <strong>belleza plateada<\/strong> est\u00e1 ganando protagonismo esta primavera 2025, y el corte shaggy se ha convertido en el aliado perfecto para mujeres de m\u00e1s de 50 a\u00f1os que abrazan sus canas con estilo. Este peinado desenfadado pero elegante est\u00e1 transformando c\u00f3mo vemos la madurez, ofreciendo volumen, movimiento y un aire rejuvenecedor que parece desafiar el tiempo.<\/p>\n<h2>El renacimiento del shaggy: por qu\u00e9 es perfecto para mujeres maduras<\/h2>\n<p>El corte shaggy, caracterizado por sus <strong>capas texturizadas<\/strong> y ese aire ligeramente despeinado pero intencional, est\u00e1 viviendo una segunda juventud. \u00abLas mujeres maduras buscan opciones que combinen sofisticaci\u00f3n con un toque desenfadado, y el shaggy logra ese equilibrio perfecto\u00bb, afirma Elena Mart\u00ednez, directora creativa de Style &#038; Life Madrid.<\/p>\n<p>Lo m\u00e1s fascinante del shaggy es c\u00f3mo trabaja a favor de las canas, convirti\u00e9ndolas en un distintivo de estilo en lugar de algo que ocultar. Como un jard\u00edn bien cuidado donde cada flor plateada encuentra su lugar perfecto, este corte permite que cada mech\u00f3n canoso brille con luz propia.<\/p>\n<h2>El pixie shaggy: cuando menos es definitivamente m\u00e1s<\/h2>\n<p>Para quienes desean un cambio radical, el <strong>pixie shaggy<\/strong> ofrece una opci\u00f3n audaz y sofisticada. Con capas cortas y texturizadas, este estilo enmarca perfectamente el rostro maduro, suavizando l\u00edneas de expresi\u00f3n. <a href=\"https:\/\/www.journee-mondiale.com\/es\/el-pixie-con-flequillo-ladeado-esta-rejuveneciendo-rostros-7-anos-en-solo-20-minutos-esto-esta-revolucionando-la-primavera-2025\/\" target=\"_blank\">El pixie con flequillo ladeado<\/a> est\u00e1 causando sensaci\u00f3n esta temporada, quitando a\u00f1os al instante.<\/p>\n<blockquote><p>Las mujeres con canas que optan por un pixie shaggy no solo abrazan su naturalidad, sino que hacen una declaraci\u00f3n de confianza que resulta magn\u00e9tica. La edad deja de ser un n\u00famero cuando te atreves a llevar un corte que realmente te representa.<\/p><\/blockquote>\n<h2>El shaggy midi: equilibrio perfecto entre juventud y elegancia<\/h2>\n<p>Para quienes prefieren mantener cierta longitud, el <strong>shaggy a media melena<\/strong> ofrece versatilidad sin sacrificar estilo. Este corte, que cae aproximadamente a la altura de los hombros, incorpora capas estrat\u00e9gicas que dan movimiento al cabello canoso, haci\u00e9ndolo parecer m\u00e1s abundante.<\/p>\n<p>Si tienes problemas con el volumen excesivo, <a href=\"https:\/\/www.journee-mondiale.com\/es\/como-domine-el-volumen-indomable-de-mi-cabello-permanentado-la-tecnica-de-capas-que-salvo-mis-rizos-esta-primavera\/\" target=\"_blank\">aprender a dominar ese volumen<\/a> puede ser crucial para mantener tu shaggy perfecto durante toda la temporada.<\/p>\n<h2>Shaggy con flequillo cortina: el marco perfecto para tu rostro<\/h2>\n<p>El <strong>flequillo tipo cortina<\/strong> se ha convertido en el complemento ideal para el shaggy en mujeres maduras. Este estilo de flequillo, que se abre suavemente en el centro como unas cortinas elegantes, suaviza la frente y enmarca los ojos, desviando la atenci\u00f3n de \u00e1reas problem\u00e1ticas.<\/p>\n<ul>\n<li>Favorece especialmente a rostros ovalados y cuadrados<\/li>\n<li>Equilibra facciones y suaviza l\u00edneas de expresi\u00f3n<\/li>\n<li>Permite integrar las canas frontales como detalles de dise\u00f1o<\/li>\n<\/ul>\n<h2>El cuidado esencial para un shaggy plateado impecable<\/h2>\n<p>Mantener el <strong>cabello canoso<\/strong> en \u00f3ptimas condiciones requiere atenci\u00f3n especial. \u00abEl cabello plateado tiende a ser m\u00e1s seco y poroso, por lo que necesita hidrataci\u00f3n constante para mantener su brillo natural\u00bb, explica Carlos Vidal, especialista en colorimetr\u00eda capilar del Sal\u00f3n Belleza Elite.<\/p>\n<p>Para quienes buscan una rutina de cuidado efectiva, <a href=\"https:\/\/www.journee-mondiale.com\/es\/el-ritual-que-salvo-mi-cabello-a-los-50-3-productos-para-un-look-pulido-esta-primavera-lo-que-nadie-me-advirtio\/\" target=\"_blank\">existen rituales espec\u00edficos<\/a> que pueden transformar la salud de tu cabello a los 50.<\/p>\n<ul>\n<li>Utiliza champ\u00fas violeta para neutralizar tonos amarillentos<\/li>\n<li>Aplica mascarillas hidratantes semanalmente<\/li>\n<li>Protege tu cabello del sol, que puede amarillear las canas<\/li>\n<\/ul>\n<h2>La revoluci\u00f3n suave: el shaggy bob que est\u00e1 causando sensaci\u00f3n<\/h2>\n<p>Si buscas algo entre el pixie y la melena media, el <strong>shaggy bob<\/strong> podr\u00eda ser tu opci\u00f3n ideal. <a href=\"https:\/\/www.journee-mondiale.com\/es\/el-nuevo-corte-frances-que-esta-quitando-7-anos-de-edad-al-instante-lo-que-las-parisinas-no-quieren-compartir-sobre-el-bob-despuntado\/\" target=\"_blank\">Este corte franc\u00e9s<\/a> est\u00e1 quitando a\u00f1os de encima a muchas mujeres, combinando la elegancia parisina con un toque de rebeld\u00eda controlada.<\/p>\n<p>Para un acabado perfecto cada ma\u00f1ana, algunas mujeres han descubierto <a href=\"https:\/\/www.journee-mondiale.com\/es\/el-ritual-matutino-que-transformo-mi-cabello-3-minutos-para-un-liso-imposible-de-alterar-esto-cambio-todo\/\" target=\"_blank\">rituales matutinos<\/a> que transforman el cabello en cuesti\u00f3n de minutos.<\/p>\n<p>\u00bfLista para abrazar tus canas con un estilo que redefine la belleza madura? El shaggy no es solo un corte de pelo, es una declaraci\u00f3n de autenticidad que dice: \u00abEsta soy yo, en mi mejor versi\u00f3n\u00bb. La primavera 2025 es el momento perfecto para dar ese paso hacia una imagen renovada que celebra, en lugar de ocultar, la belleza natural de cada etapa de la vida.<\/p>\n","protected":false},"excerpt":{"rendered":"<p>La belleza plateada est\u00e1 ganando protagonismo esta primavera 2025, y el corte shaggy se ha convertido en el aliado perfecto para mujeres de m\u00e1s de 50 a\u00f1os que abrazan sus canas con estilo. Este peinado desenfadado pero elegante est\u00e1 transformando c\u00f3mo vemos la madurez, ofreciendo volumen, movimiento y un aire rejuvenecedor que parece desafiar el &#8230; <a title=\"El corte shaggy que est\u00e1 transformando las canas en declaraci\u00f3n de estilo (rejuvenece 7 a\u00f1os en solo 20 minutos)\" class=\"read-more\" href=\"https:\/\/www.journee-mondiale.com\/es\/el-corte-shaggy-que-esta-transformando-las-canas-en-declaracion-de-estilo-rejuvenece-7-anos-en-solo-20-minutos\/\" aria-label=\"Leer m\u00e1s sobre El corte shaggy que est\u00e1 transformando las canas en declaraci\u00f3n de estilo (rejuvenece 7 a\u00f1os en solo 20 minutos)\">Lire plus<\/a><\/p>\n","protected":false},"author":1,"featured_media":12216,"comment_status":"","ping_status":"","sticky":false,"template":"","format":"standard","meta":{"footnotes":""},"categories":[48],"tags":[],"class_list":["post-12218","post","type-post","status-publish","format-standard","has-post-thumbnail","hentry","category-estilo-de-vida"],"acf":[],"_yoast_wpseo_primary_category":null,"_yoast_wpseo_title":null,"_yoast_wpseo_metadesc":null,"_links":{"self":[{"href":"https:\/\/www.journee-mondiale.com\/es\/wp-json\/wp\/v2\/posts\/12218","targetHints":{"allow":["GET"]}}],"collection":[{"href":"https:\/\/www.journee-mondiale.com\/es\/wp-json\/wp\/v2\/posts"}],"about":[{"href":"https:\/\/www.journee-mondiale.com\/es\/wp-json\/wp\/v2\/types\/post"}],"author":[{"embeddable":true,"href":"https:\/\/www.journee-mondiale.com\/es\/wp-json\/wp\/v2\/users\/1"}],"replies":[{"embeddable":true,"href":"https:\/\/www.journee-mondiale.com\/es\/wp-json\/wp\/v2\/comments?post=12218"}],"version-history":[{"count":0,"href":"https:\/\/www.journee-mondiale.com\/es\/wp-json\/wp\/v2\/posts\/12218\/revisions"}],"wp:featuredmedia":[{"embeddable":true,"href":"https:\/\/www.journee-mondiale.com\/es\/wp-json\/wp\/v2\/media\/12216"}],"wp:attachment":[{"href":"https:\/\/www.journee-mondiale.com\/es\/wp-json\/wp\/v2\/media?parent=12218"}],"wp:term":[{"taxonomy":"category","embeddable":true,"href":"https:\/\/www.journee-mondiale.com\/es\/wp-json\/wp\/v2\/categories?post=12218"},{"taxonomy":"post_tag","embeddable":true,"href":"https:\/\/www.journee-mondiale.com\/es\/wp-json\/wp\/v2\/tags?post=12218"}],"curies":[{"name":"wp","href":"https:\/\/api.w.org\/{rel}","templated":true}]}}