{"id":12215,"date":"2025-03-24T13:11:30","date_gmt":"2025-03-24T12:11:30","guid":{"rendered":"https:\/\/www.journee-mondiale.com\/es\/los-3-cortes-a-media-melena-que-probe-esta-primavera-y-por-que-el-corte-mariposa-rejuvenecio-mi-rostro\/"},"modified":"2025-03-24T13:11:30","modified_gmt":"2025-03-24T12:11:30","slug":"los-3-cortes-a-media-melena-que-probe-esta-primavera-y-por-que-el-corte-mariposa-rejuvenecio-mi-rostro","status":"publish","type":"post","link":"https:\/\/www.journee-mondiale.com\/es\/los-3-cortes-a-media-melena-que-probe-esta-primavera-y-por-que-el-corte-mariposa-rejuvenecio-mi-rostro\/","title":{"rendered":"Los 3 cortes a media melena que prob\u00e9 esta primavera (y por qu\u00e9 el corte mariposa rejuveneci\u00f3 mi rostro)"},"content":{"rendered":"<p>La primavera de 2025 nos trae una refrescante visi\u00f3n de los peinados a media melena, ese equilibrio perfecto entre la practicidad del pelo corto y la versatilidad del largo. \u00bfQuieres renovar tu imagen sin comprometerte a un cambio radical? Los cortes a la altura de los hombros est\u00e1n viviendo su momento dorado, reinvent\u00e1ndose con volumen y movimiento para crear estilos que enmarcan el rostro a la perfecci\u00f3n.<\/p>\n<h2>El renacimiento del corte a media melena en 2025<\/h2>\n<p>La media melena ha evolucionado considerablemente, dejando atr\u00e1s los cortes rectos y aburridos. Seg\u00fan <strong>Mar\u00eda Baras<\/strong>, directora creativa de Cheska Sal\u00f3n: \u00abEl 2025 marca el regreso de la textura y el movimiento. Ya no buscamos melenas planas, sino cortes con personalidad que aporten volumen estrat\u00e9gico donde m\u00e1s favorece\u00bb.<\/p>\n<p>Los estilistas est\u00e1n apostando por t\u00e9cnicas que juegan con la densidad del cabello, creando <strong>capas invisibles<\/strong> que dan la ilusi\u00f3n de m\u00e1s volumen sin sacrificar longitud, como un ilusionista que transforma la apariencia sin revelar sus secretos.<\/p>\n<h2>Long bob texturizado: el favorito de la temporada<\/h2>\n<p>El cl\u00e1sico bob alargado se renueva con <strong>textura y movimiento<\/strong>. \u00abEl long bob ya no es simplemente un corte recto. Ahora incorporamos capas sutiles que crean dimensi\u00f3n y facilitan el peinado diario\u00bb, explica <strong>Carlos Mart\u00ednez<\/strong>, estilista internacional.<\/p>\n<p>Este estilo funciona maravillosamente tanto en <a href=\"https:\/\/www.journee-mondiale.com\/es\/el-nuevo-corte-frances-que-esta-quitando-7-anos-de-edad-al-instante-lo-que-las-parisinas-no-quieren-compartir-sobre-el-bob-despuntado\/\" target=\"_blank\">versiones despuntadas al estilo franc\u00e9s<\/a> como en acabados pulidos, adapt\u00e1ndose como un camale\u00f3n a diferentes ocasiones.<\/p>\n<h2>Corte mariposa: la revoluci\u00f3n de las capas invisibles<\/h2>\n<p>El corte mariposa se ha convertido en el aliado perfecto para quienes desean <strong>volumen sin perder longitud<\/strong>. Como un susurro que transforma la silueta, este corte a\u00f1ade movimiento a trav\u00e9s de capas estrat\u00e9gicamente colocadas.<\/p>\n<p>Perfecto para cabellos finos, este estilo crea la ilusi\u00f3n de densidad mientras mantiene esa vers\u00e1til longitud media. Puedes conocer m\u00e1s sobre c\u00f3mo <a href=\"https:\/\/www.journee-mondiale.com\/es\/como-domine-el-volumen-indomable-de-mi-cabello-permanentado-la-tecnica-de-capas-que-salvo-mis-rizos-esta-primavera\/\" target=\"_blank\">dominar el volumen con capas estrat\u00e9gicas<\/a> incluso en cabellos con textura.<\/p>\n<h2>Shag moderno: el equilibrio perfecto entre rebeld\u00eda y sofisticaci\u00f3n<\/h2>\n<p>El <strong>corte shag<\/strong> ha vuelto con fuerza, ahora en versiones m\u00e1s pulidas y adaptadas a la oficina. Sus capas desestructuradas crean volumen en la coronilla mientras mantienen la longitud en los laterales.<\/p>\n<blockquote><p>\n\u00abEl shag moderno es uno de los cortes m\u00e1s rejuvenecedores que existen. Las capas superiores elevan visualmente los rasgos mientras mantienen suficiente longitud para versatilidad\u00bb, nos cuenta <strong>Luc\u00eda Fern\u00e1ndez<\/strong>, estilista especializada en tendencias.\n<\/p><\/blockquote>\n<h2>Midi con flequillo: el d\u00fao que nunca falla<\/h2>\n<p>Incorporar un <strong>flequillo personalizado<\/strong> a tu media melena puede transformar completamente tu imagen. Las opciones para esta primavera incluyen:<\/p>\n<ul>\n<li>Flequillo cortina: enmarca el rostro suavizando facciones<\/li>\n<li>Flequillo recto: aporta un aire juvenil y decidido<\/li>\n<li>Micro-flequillo: para las m\u00e1s atrevidas<\/li>\n<\/ul>\n<p>Si buscas inspiraci\u00f3n, este <a href=\"https:\/\/www.journee-mondiale.com\/es\/el-pixie-con-flequillo-ladeado-esta-rejuveneciendo-rostros-7-anos-en-solo-20-minutos-esto-esta-revolucionando-la-primavera-2025\/\" target=\"_blank\">art\u00edculo sobre flequillos rejuvenecedores<\/a> te mostrar\u00e1 opciones sorprendentes.<\/p>\n<h2>Secretos de estilismo para maximizar tu media melena<\/h2>\n<p>El verdadero potencial de estos cortes se revela con el <strong>estilismo adecuado<\/strong>. Para mantener tu media melena perfecta, considera:<\/p>\n<ul>\n<li>Productos texturizadores ligeros para a\u00f1adir volumen en la ra\u00edz<\/li>\n<li>Secado con difusor para potenciar la textura natural<\/li>\n<li>Ondas suaves con tenacillas medianas para movimiento natural<\/li>\n<\/ul>\n<p>Complementa tu rutina con este <a href=\"https:\/\/www.journee-mondiale.com\/es\/el-ritual-que-salvo-mi-cabello-a-los-50-3-productos-para-un-look-pulido-esta-primavera-lo-que-nadie-me-advirtio\/\" target=\"_blank\">ritual de productos esenciales<\/a> o descubre <a href=\"https:\/\/www.journee-mondiale.com\/es\/el-ritual-matutino-que-transformo-mi-cabello-3-minutos-para-un-liso-imposible-de-alterar-esto-cambio-todo\/\" target=\"_blank\">t\u00e9cnicas r\u00e1pidas para un acabado impecable<\/a>.<\/p>\n<p>\u00bfLista para reinventar tu imagen esta primavera? La media melena del 2025 es como un lienzo en blanco: ofrece infinitas posibilidades para expresar tu personalidad mientras mantiene la practicidad que necesitas en tu d\u00eda a d\u00eda. Atr\u00e9vete a explorar el equilibrio perfecto entre volumen y longitud, y descubre c\u00f3mo un cambio de look puede transformar no solo tu imagen, sino tambi\u00e9n tu confianza.<\/p>\n","protected":false},"excerpt":{"rendered":"<p>La primavera de 2025 nos trae una refrescante visi\u00f3n de los peinados a media melena, ese equilibrio perfecto entre la practicidad del pelo corto y la versatilidad del largo. \u00bfQuieres renovar tu imagen sin comprometerte a un cambio radical? Los cortes a la altura de los hombros est\u00e1n viviendo su momento dorado, reinvent\u00e1ndose con volumen &#8230; <a title=\"Los 3 cortes a media melena que prob\u00e9 esta primavera (y por qu\u00e9 el corte mariposa rejuveneci\u00f3 mi rostro)\" class=\"read-more\" href=\"https:\/\/www.journee-mondiale.com\/es\/los-3-cortes-a-media-melena-que-probe-esta-primavera-y-por-que-el-corte-mariposa-rejuvenecio-mi-rostro\/\" aria-label=\"Leer m\u00e1s sobre Los 3 cortes a media melena que prob\u00e9 esta primavera (y por qu\u00e9 el corte mariposa rejuveneci\u00f3 mi rostro)\">Lire plus<\/a><\/p>\n","protected":false},"author":1,"featured_media":12214,"comment_status":"","ping_status":"","sticky":false,"template":"","format":"standard","meta":{"footnotes":""},"categories":[48],"tags":[],"class_list":["post-12215","post","type-post","status-publish","format-standard","has-post-thumbnail","hentry","category-estilo-de-vida"],"acf":[],"_yoast_wpseo_primary_category":null,"_yoast_wpseo_title":null,"_yoast_wpseo_metadesc":null,"_links":{"self":[{"href":"https:\/\/www.journee-mondiale.com\/es\/wp-json\/wp\/v2\/posts\/12215","targetHints":{"allow":["GET"]}}],"collection":[{"href":"https:\/\/www.journee-mondiale.com\/es\/wp-json\/wp\/v2\/posts"}],"about":[{"href":"https:\/\/www.journee-mondiale.com\/es\/wp-json\/wp\/v2\/types\/post"}],"author":[{"embeddable":true,"href":"https:\/\/www.journee-mondiale.com\/es\/wp-json\/wp\/v2\/users\/1"}],"replies":[{"embeddable":true,"href":"https:\/\/www.journee-mondiale.com\/es\/wp-json\/wp\/v2\/comments?post=12215"}],"version-history":[{"count":0,"href":"https:\/\/www.journee-mondiale.com\/es\/wp-json\/wp\/v2\/posts\/12215\/revisions"}],"wp:featuredmedia":[{"embeddable":true,"href":"https:\/\/www.journee-mondiale.com\/es\/wp-json\/wp\/v2\/media\/12214"}],"wp:attachment":[{"href":"https:\/\/www.journee-mondiale.com\/es\/wp-json\/wp\/v2\/media?parent=12215"}],"wp:term":[{"taxonomy":"category","embeddable":true,"href":"https:\/\/www.journee-mondiale.com\/es\/wp-json\/wp\/v2\/categories?post=12215"},{"taxonomy":"post_tag","embeddable":true,"href":"https:\/\/www.journee-mondiale.com\/es\/wp-json\/wp\/v2\/tags?post=12215"}],"curies":[{"name":"wp","href":"https:\/\/api.w.org\/{rel}","templated":true}]}}