{"id":12213,"date":"2025-03-24T13:06:33","date_gmt":"2025-03-24T12:06:33","guid":{"rendered":"https:\/\/www.journee-mondiale.com\/es\/el-nuevo-corte-frances-que-esta-quitando-7-anos-de-edad-al-instante-lo-que-las-parisinas-no-quieren-compartir-sobre-el-bob-despuntado\/"},"modified":"2025-03-24T13:06:33","modified_gmt":"2025-03-24T12:06:33","slug":"el-nuevo-corte-frances-que-esta-quitando-7-anos-de-edad-al-instante-lo-que-las-parisinas-no-quieren-compartir-sobre-el-bob-despuntado","status":"publish","type":"post","link":"https:\/\/www.journee-mondiale.com\/es\/el-nuevo-corte-frances-que-esta-quitando-7-anos-de-edad-al-instante-lo-que-las-parisinas-no-quieren-compartir-sobre-el-bob-despuntado\/","title":{"rendered":"El nuevo corte franc\u00e9s que est\u00e1 quitando 7 a\u00f1os de edad al instante (lo que las parisinas no quieren compartir sobre el bob despuntado&#8230;)"},"content":{"rendered":"<p>La <strong>primavera 2025<\/strong> trae consigo una revoluci\u00f3n capilar que est\u00e1 conquistando Instagram y TikTok a velocidad vertiginosa. El <strong>French Bob con puntas despuntadas<\/strong> se ha convertido en el corte predilecto de influencers maduras que buscan rejuvenecer su imagen sin sacrificar elegancia. Este estilo parisino, que evoca la sofisticaci\u00f3n despreocupada de las francesas, est\u00e1 dando una segunda juventud a mujeres de m\u00e1s de 40 que desean renovar su look con personalidad.<\/p>\n<h2>\u00bfPor qu\u00e9 las influencers maduras est\u00e1n obsesionadas con este corte?<\/h2>\n<p>El <strong>French Bob despuntado<\/strong> no es simplemente un corte de pelo, es una declaraci\u00f3n de intenciones. \u00abEs el equilibrio perfecto entre sofisticaci\u00f3n y juventud\u00bb, afirma Isabel Mart\u00ednez, directora creativa del Sal\u00f3n \u00c9lite Madrid. \u00abLas puntas despuntadas aportan movimiento y quitan a\u00f1os al instante, como si el cabello hubiera encontrado su propia libertad despu\u00e9s de a\u00f1os de disciplina\u00bb.<\/p>\n<p>Las influencers maduras como Caroline de Maigret y Ines de la Fressange han popularizado esta versi\u00f3n moderna del bob franc\u00e9s, demostrando que la edad es solo un n\u00famero cuando se trata de llevar un corte vanguardista con actitud.<\/p>\n<h2>Las claves t\u00e9cnicas que hacen \u00fanico este corte<\/h2>\n<p>A diferencia del <a href=\"https:\/\/www.journee-mondiale.com\/es\/el-pixie-con-flequillo-ladeado-esta-rejuveneciendo-rostros-7-anos-en-solo-20-minutos-esto-esta-revolucionando-la-primavera-2025\/\" target=\"_blank\">pixie con flequillo ladeado<\/a> que tambi\u00e9n est\u00e1 causando sensaci\u00f3n esta temporada, el French Bob con puntas despuntadas tiene caracter\u00edsticas muy espec\u00edficas:<\/p>\n<ul>\n<li>Longitud a la altura de la mand\u00edbula o ligeramente por encima<\/li>\n<li>Flequillo recto o ligeramente despuntado que enmarca el rostro<\/li>\n<li>Textura ligera en las puntas para crear movimiento<\/li>\n<li>Acabado natural que no requiere excesivo styling<\/li>\n<\/ul>\n<h2>El ritual perfecto para mantener tu French Bob impecable<\/h2>\n<p>Marta S\u00e1nchez, estilista de celebridades, comparte: \u00abEste corte es como un buen vino, mejora con los d\u00edas. El secreto est\u00e1 en <strong>lavarlo con menos frecuencia<\/strong> para que adquiera esa textura ligeramente despreocupada tan caracter\u00edstica del estilo franc\u00e9s\u00bb. Para quienes buscan mantener este look con m\u00ednimo esfuerzo, <a href=\"https:\/\/www.journee-mondiale.com\/es\/el-ritual-que-salvo-mi-cabello-a-los-50-3-productos-para-un-look-pulido-esta-primavera-lo-que-nadie-me-advirtio\/\" target=\"_blank\">el ritual que salv\u00f3 mi cabello a los 50<\/a> puede ser la soluci\u00f3n perfecta.<\/p>\n<h2>Tres formas de personalizar tu French Bob esta primavera<\/h2>\n<p>Este corte act\u00faa como un lienzo en blanco que permite m\u00faltiples interpretaciones seg\u00fan tu personalidad:<\/p>\n<ul>\n<li>Con <strong>mechas babylights<\/strong> para iluminar el rostro<\/li>\n<li>Con <strong>ondas suaves<\/strong> para un efecto rom\u00e1ntico<\/li>\n<li>Con <strong>texturizado desenfadado<\/strong> para un aire m\u00e1s juvenil<\/li>\n<\/ul>\n<h2>La transformaci\u00f3n psicol\u00f3gica detr\u00e1s del cambio<\/h2>\n<p>Adoptar el French Bob con puntas despuntadas va m\u00e1s all\u00e1 de la est\u00e9tica. Tal como demuestra <a href=\"https:\/\/www.journee-mondiale.com\/es\/tecnica-del-espejo-mi-transformacion-de-5-minutos-que-cambio-mi-relacion-con-el-reflejo-esto-podria-cambiar-tu-primavera\/\" target=\"_blank\">la t\u00e9cnica del espejo<\/a>, un cambio de look puede transformar nuestra relaci\u00f3n con nuestra imagen. Este corte funciona como un <strong>catalizador de confianza<\/strong>, permitiendo a muchas mujeres redescubrirse en una etapa madura de la vida.<\/p>\n<h2>C\u00f3mo combinar tu nuevo bob con el vestuario de primavera<\/h2>\n<p>El French Bob despuntado armoniza perfectamente con prendas de l\u00edneas limpias y <a href=\"https:\/\/www.journee-mondiale.com\/es\/botines-blancos-minimalistas-mi-descubrimiento-para-reducir-la-ansiedad-un-25-esta-primavera\/\" target=\"_blank\">botines blancos minimalistas<\/a> que est\u00e1n marcando tendencia esta primavera. Es como si el cabello y la ropa mantuvieran una conversaci\u00f3n silenciosa sobre elegancia sin esfuerzo.<\/p>\n<h2>\u00bfFunciona con todos los tipos de cabello?<\/h2>\n<p>Este estilo es sorprendentemente vers\u00e1til. Para cabellos lisos, potencia la elegancia natural. Para cabellos ondulados, aporta un aire bohemio irresistible. Sin embargo, para texturizarlo perfectamente en cabellos m\u00e1s gruesos, <a href=\"https:\/\/www.journee-mondiale.com\/es\/el-ritual-matutino-que-transformo-mi-cabello-3-minutos-para-un-liso-imposible-de-alterar-esto-cambio-todo\/\" target=\"_blank\">el ritual matutino que transform\u00f3 mi cabello<\/a> puede ser la soluci\u00f3n ideal.<\/p>\n<p>El French Bob con puntas despuntadas no es solo un corte de pelo, es una filosof\u00eda de vida que abraza la madurez con estilo y personalidad. Como las buenas decisiones, este peinado mejora con los a\u00f1os, adapt\u00e1ndose a quien lo lleva como una segunda piel. \u00bfTe atreves a dar el paso hacia la sofisticaci\u00f3n parisina esta primavera?<\/p>\n","protected":false},"excerpt":{"rendered":"<p>La primavera 2025 trae consigo una revoluci\u00f3n capilar que est\u00e1 conquistando Instagram y TikTok a velocidad vertiginosa. El French Bob con puntas despuntadas se ha convertido en el corte predilecto de influencers maduras que buscan rejuvenecer su imagen sin sacrificar elegancia. Este estilo parisino, que evoca la sofisticaci\u00f3n despreocupada de las francesas, est\u00e1 dando una &#8230; <a title=\"El nuevo corte franc\u00e9s que est\u00e1 quitando 7 a\u00f1os de edad al instante (lo que las parisinas no quieren compartir sobre el bob despuntado&#8230;)\" class=\"read-more\" href=\"https:\/\/www.journee-mondiale.com\/es\/el-nuevo-corte-frances-que-esta-quitando-7-anos-de-edad-al-instante-lo-que-las-parisinas-no-quieren-compartir-sobre-el-bob-despuntado\/\" aria-label=\"Leer m\u00e1s sobre El nuevo corte franc\u00e9s que est\u00e1 quitando 7 a\u00f1os de edad al instante (lo que las parisinas no quieren compartir sobre el bob despuntado&#8230;)\">Lire plus<\/a><\/p>\n","protected":false},"author":1,"featured_media":12212,"comment_status":"","ping_status":"","sticky":false,"template":"","format":"standard","meta":{"footnotes":""},"categories":[48],"tags":[],"class_list":["post-12213","post","type-post","status-publish","format-standard","has-post-thumbnail","hentry","category-estilo-de-vida"],"acf":[],"_yoast_wpseo_primary_category":null,"_yoast_wpseo_title":null,"_yoast_wpseo_metadesc":null,"_links":{"self":[{"href":"https:\/\/www.journee-mondiale.com\/es\/wp-json\/wp\/v2\/posts\/12213","targetHints":{"allow":["GET"]}}],"collection":[{"href":"https:\/\/www.journee-mondiale.com\/es\/wp-json\/wp\/v2\/posts"}],"about":[{"href":"https:\/\/www.journee-mondiale.com\/es\/wp-json\/wp\/v2\/types\/post"}],"author":[{"embeddable":true,"href":"https:\/\/www.journee-mondiale.com\/es\/wp-json\/wp\/v2\/users\/1"}],"replies":[{"embeddable":true,"href":"https:\/\/www.journee-mondiale.com\/es\/wp-json\/wp\/v2\/comments?post=12213"}],"version-history":[{"count":0,"href":"https:\/\/www.journee-mondiale.com\/es\/wp-json\/wp\/v2\/posts\/12213\/revisions"}],"wp:featuredmedia":[{"embeddable":true,"href":"https:\/\/www.journee-mondiale.com\/es\/wp-json\/wp\/v2\/media\/12212"}],"wp:attachment":[{"href":"https:\/\/www.journee-mondiale.com\/es\/wp-json\/wp\/v2\/media?parent=12213"}],"wp:term":[{"taxonomy":"category","embeddable":true,"href":"https:\/\/www.journee-mondiale.com\/es\/wp-json\/wp\/v2\/categories?post=12213"},{"taxonomy":"post_tag","embeddable":true,"href":"https:\/\/www.journee-mondiale.com\/es\/wp-json\/wp\/v2\/tags?post=12213"}],"curies":[{"name":"wp","href":"https:\/\/api.w.org\/{rel}","templated":true}]}}