{"id":12211,"date":"2025-03-24T13:06:21","date_gmt":"2025-03-24T12:06:21","guid":{"rendered":"https:\/\/www.journee-mondiale.com\/es\/maquillaje-para-eventos-al-aire-libre-despues-de-los-50-mi-tecnica-del-efecto-desenfocado-que-rejuvenecio-mi-rostro-5-anos-esta-primavera\/"},"modified":"2025-03-24T13:06:21","modified_gmt":"2025-03-24T12:06:21","slug":"maquillaje-para-eventos-al-aire-libre-despues-de-los-50-mi-tecnica-del-efecto-desenfocado-que-rejuvenecio-mi-rostro-5-anos-esta-primavera","status":"publish","type":"post","link":"https:\/\/www.journee-mondiale.com\/es\/maquillaje-para-eventos-al-aire-libre-despues-de-los-50-mi-tecnica-del-efecto-desenfocado-que-rejuvenecio-mi-rostro-5-anos-esta-primavera\/","title":{"rendered":"Maquillaje para eventos al aire libre despu\u00e9s de los 50: mi t\u00e9cnica del \u00abefecto desenfocado\u00bb que rejuveneci\u00f3 mi rostro 5 a\u00f1os esta primavera"},"content":{"rendered":"<p>La <strong>primavera 2025<\/strong> trae consigo una explosi\u00f3n de color y vitalidad que merece ser celebrada, especialmente cuando nos encontramos disfrutando de la vida despu\u00e9s de los 50. Los eventos al aire libre son el escenario perfecto para lucir un maquillaje que realce nuestra belleza natural mientras nos adaptamos a la luminosidad primaveral. Descubramos juntos c\u00f3mo transformar nuestra imagen para estas ocasiones especiales.<\/p>\n<h2>El secreto de la base perfecta para la luz natural<\/h2>\n<p>La <strong>clave del \u00e9xito<\/strong> para un maquillaje duradero en exteriores comienza con la preparaci\u00f3n de la piel. \u00abAntes de cualquier evento al aire libre, recomiendo aplicar un s\u00e9rum hidratante seguido de un protector solar de amplio espectro. Esta combinaci\u00f3n crear\u00e1 una barrera protectora mientras aporta luminosidad\u00bb, explica la Dra. Elena Mart\u00ednez, dermat\u00f3loga especializada en piel madura.<\/p>\n<p>Para conseguir ese <strong>efecto radiante<\/strong> tan deseado, Pablo Mac\u00edas, maquillador de Maybelline NY, sugiere: \u00abMezcla unas gotas de s\u00e9rum iluminador con tu base habitual. Este truco <a href=\"https:\/\/www.journee-mondiale.com\/es\/el-ritual-que-salvo-mi-cabello-a-los-50-3-productos-para-un-look-pulido-esta-primavera-lo-que-nadie-me-advirtio\/\" target=\"_blank\">rejuvenece instant\u00e1neamente y crea un acabado natural<\/a> perfecto para la luz primaveral\u00bb.<\/p>\n<h2>Colores que iluminan tu rostro al instante<\/h2>\n<p>La elecci\u00f3n crom\u00e1tica es fundamental para un <strong>look primaveral exitoso<\/strong>. Los tonos que mejor funcionan para pieles maduras son:<\/p>\n<ul>\n<li>Melocot\u00f3n y coral para a\u00f1adir calidez a mejillas y labios<\/li>\n<li>Lavanda y turquesa suave para iluminar la mirada<\/li>\n<li>Dorados sutiles para aportar luminosidad estrat\u00e9gica<\/li>\n<\/ul>\n<p>La maquilladora Raquel Recio afirma: \u00abLos <strong>tonos tierra con subtono c\u00e1lido<\/strong> son el mejor aliado para mujeres de 50 a\u00f1os. Funcionan como un filtro natural que despierta la luminosidad del rostro sin revelar l\u00edneas de expresi\u00f3n\u00bb.<\/p>\n<h2>La t\u00e9cnica del &#8216;efecto desenfocado&#8217; que rejuvenece<\/h2>\n<p>El <strong>efecto desenfocado<\/strong> es la tendencia m\u00e1s favorecedora para pieles maduras. \u00abImagina tu rostro como un lienzo impresionista: los bordes suaves y las transiciones difuminadas crean una imagen m\u00e1s armoniosa\u00bb, explica Xabi Rodr\u00edguez, maquillador profesional de M\u00b7A\u00b7C.<\/p>\n<p>Este efecto se consigue <a href=\"https:\/\/www.journee-mondiale.com\/es\/el-pixie-con-flequillo-ladeado-esta-rejuveneciendo-rostros-7-anos-en-solo-20-minutos-esto-esta-revolucionando-la-primavera-2025\/\" target=\"_blank\">aplicando productos cremosos en capas finas<\/a> y difuminando los bordes con una brocha h\u00fameda o la yema de los dedos.<\/p>\n<h2>&#8216;Labios mordidos&#8217;: el detalle que completa tu look<\/h2>\n<p>La tendencia de <strong>labios mordidos<\/strong> es perfecta para eventos diurnos. Consiste en aplicar el color en el centro de los labios y difuminarlo hacia los bordes, creando un degradado natural que <a href=\"https:\/\/www.journee-mondiale.com\/es\/el-negro-que-reinventa-mi-primavera-5-tecnicas-para-elevar-outfits-monocromaticos-sin-parecer-monotona\/\" target=\"_blank\">aporta volumen y frescura<\/a>.<\/p>\n<h2>El poder transformador de las cejas bien definidas<\/h2>\n<p>Unas <strong>cejas bien perfiladas<\/strong> funcionan como un marco que sostiene todo el maquillaje. El m\u00e9todo m\u00e1s favorecedor incluye:<\/p>\n<ul>\n<li>Peinar hacia arriba para abrir la mirada<\/li>\n<li>Rellenar sutilmente las zonas despobladas<\/li>\n<li>Fijar con un gel transparente o ligeramente tintado<\/li>\n<\/ul>\n<p>Antes de salir, aplica la <a href=\"https:\/\/www.journee-mondiale.com\/es\/tecnica-del-espejo-mi-transformacion-de-5-minutos-que-cambio-mi-relacion-con-el-reflejo-esto-podria-cambiar-tu-primavera\/\" target=\"_blank\">t\u00e9cnica del espejo<\/a> para verificar c\u00f3mo se ver\u00e1 tu maquillaje bajo diferentes \u00e1ngulos de luz.<\/p>\n<h2>Productos multifuncionales: tus grandes aliados<\/h2>\n<p>Los <strong>productos 2-en-1<\/strong> son perfectos para retoques r\u00e1pidos durante eventos prolongados. Un b\u00e1lsamo en tono melocot\u00f3n puede funcionar tanto en mejillas como en labios, manteniendo una apariencia fresca durante horas.<\/p>\n<h2>El toque minimalista que maximiza tu belleza natural<\/h2>\n<p>El <strong>minimalismo estrat\u00e9gico<\/strong> es la filosof\u00eda perfecta para maquillaje a los 50. \u00abMenos es m\u00e1s, pero ese &#8216;menos&#8217; debe aplicarse exactamente donde se necesita\u00bb, se\u00f1ala Cecilia Sosa, maquilladora especializada en pieles maduras.<\/p>\n<p>Este enfoque <a href=\"https:\/\/www.journee-mondiale.com\/es\/botines-blancos-minimalistas-mi-descubrimiento-para-reducir-la-ansiedad-un-25-esta-primavera\/\" target=\"_blank\">simplifica la rutina mientras realza tu belleza innata<\/a>, permiti\u00e9ndote brillar en cualquier evento primaveral al aire libre con confianza y naturalidad.<\/p>\n","protected":false},"excerpt":{"rendered":"<p>La primavera 2025 trae consigo una explosi\u00f3n de color y vitalidad que merece ser celebrada, especialmente cuando nos encontramos disfrutando de la vida despu\u00e9s de los 50. Los eventos al aire libre son el escenario perfecto para lucir un maquillaje que realce nuestra belleza natural mientras nos adaptamos a la luminosidad primaveral. Descubramos juntos c\u00f3mo &#8230; <a title=\"Maquillaje para eventos al aire libre despu\u00e9s de los 50: mi t\u00e9cnica del \u00abefecto desenfocado\u00bb que rejuveneci\u00f3 mi rostro 5 a\u00f1os esta primavera\" class=\"read-more\" href=\"https:\/\/www.journee-mondiale.com\/es\/maquillaje-para-eventos-al-aire-libre-despues-de-los-50-mi-tecnica-del-efecto-desenfocado-que-rejuvenecio-mi-rostro-5-anos-esta-primavera\/\" aria-label=\"Leer m\u00e1s sobre Maquillaje para eventos al aire libre despu\u00e9s de los 50: mi t\u00e9cnica del \u00abefecto desenfocado\u00bb que rejuveneci\u00f3 mi rostro 5 a\u00f1os esta primavera\">Lire plus<\/a><\/p>\n","protected":false},"author":1,"featured_media":12210,"comment_status":"","ping_status":"","sticky":false,"template":"","format":"standard","meta":{"footnotes":""},"categories":[48],"tags":[],"class_list":["post-12211","post","type-post","status-publish","format-standard","has-post-thumbnail","hentry","category-estilo-de-vida"],"acf":[],"_yoast_wpseo_primary_category":null,"_yoast_wpseo_title":null,"_yoast_wpseo_metadesc":null,"_links":{"self":[{"href":"https:\/\/www.journee-mondiale.com\/es\/wp-json\/wp\/v2\/posts\/12211","targetHints":{"allow":["GET"]}}],"collection":[{"href":"https:\/\/www.journee-mondiale.com\/es\/wp-json\/wp\/v2\/posts"}],"about":[{"href":"https:\/\/www.journee-mondiale.com\/es\/wp-json\/wp\/v2\/types\/post"}],"author":[{"embeddable":true,"href":"https:\/\/www.journee-mondiale.com\/es\/wp-json\/wp\/v2\/users\/1"}],"replies":[{"embeddable":true,"href":"https:\/\/www.journee-mondiale.com\/es\/wp-json\/wp\/v2\/comments?post=12211"}],"version-history":[{"count":0,"href":"https:\/\/www.journee-mondiale.com\/es\/wp-json\/wp\/v2\/posts\/12211\/revisions"}],"wp:featuredmedia":[{"embeddable":true,"href":"https:\/\/www.journee-mondiale.com\/es\/wp-json\/wp\/v2\/media\/12210"}],"wp:attachment":[{"href":"https:\/\/www.journee-mondiale.com\/es\/wp-json\/wp\/v2\/media?parent=12211"}],"wp:term":[{"taxonomy":"category","embeddable":true,"href":"https:\/\/www.journee-mondiale.com\/es\/wp-json\/wp\/v2\/categories?post=12211"},{"taxonomy":"post_tag","embeddable":true,"href":"https:\/\/www.journee-mondiale.com\/es\/wp-json\/wp\/v2\/tags?post=12211"}],"curies":[{"name":"wp","href":"https:\/\/api.w.org\/{rel}","templated":true}]}}