{"id":12207,"date":"2025-03-24T13:01:30","date_gmt":"2025-03-24T12:01:30","guid":{"rendered":"https:\/\/www.journee-mondiale.com\/es\/el-pixie-con-flequillo-ladeado-esta-rejuveneciendo-rostros-7-anos-en-solo-20-minutos-esto-esta-revolucionando-la-primavera-2025\/"},"modified":"2025-03-24T13:01:30","modified_gmt":"2025-03-24T12:01:30","slug":"el-pixie-con-flequillo-ladeado-esta-rejuveneciendo-rostros-7-anos-en-solo-20-minutos-esto-esta-revolucionando-la-primavera-2025","status":"publish","type":"post","link":"https:\/\/www.journee-mondiale.com\/es\/el-pixie-con-flequillo-ladeado-esta-rejuveneciendo-rostros-7-anos-en-solo-20-minutos-esto-esta-revolucionando-la-primavera-2025\/","title":{"rendered":"El pixie con flequillo ladeado est\u00e1 rejuveneciendo rostros 7 a\u00f1os en solo 20 minutos (esto est\u00e1 revolucionando la primavera 2025)"},"content":{"rendered":"<p>\u00bfHas notado c\u00f3mo un peque\u00f1o cambio en tu cabello puede transformar completamente tu apariencia? En esta primavera de 2025, el <strong>pixie con flequillo ladeado<\/strong> est\u00e1 revolucionando el concepto de estilo y redefiniendo rostros con una elegancia sin precedentes. Este corte, lejos de ser una simple tendencia pasajera, se ha consolidado como la elecci\u00f3n perfecta para quienes buscan renovar su imagen sin comprometerse con cambios extremos.<\/p>\n<h2>La magia transformadora del pixie moderno<\/h2>\n<p>El pixie con flequillo ladeado funciona como un <strong>marco personalizado<\/strong> para tu rostro, destacando tus mejores \u00e1ngulos mientras disimula aquellos que prefieres no enfatizar. \u00abEste corte tiene el poder de rejuvenecer instant\u00e1neamente, creando una ilusi\u00f3n \u00f3ptica que realza los p\u00f3mulos y suaviza las l\u00edneas del rostro\u00bb, explica Mar\u00eda S\u00e1nchez, directora de estilismo en Peluquer\u00eda Vanguardia Madrid.<\/p>\n<p>Imagina tu rostro como un lienzo y este pixie como el trazo maestro que lo redefine completamente. No es solo un corte; es una <strong>declaraci\u00f3n de personalidad<\/strong> que combina sofisticaci\u00f3n con un toque rebelde que resulta irresistible.<\/p>\n<h2>\u00bfPor qu\u00e9 este pixie est\u00e1 conquistando todos los rostros?<\/h2>\n<p>A diferencia de otros cortes cortos, el pixie con flequillo ladeado ofrece una <strong>versatilidad excepcional<\/strong> adapt\u00e1ndose a diferentes tipos de rostro:<\/p>\n<ul>\n<li>Para rostros redondos: alarga visualmente y estiliza<\/li>\n<li>Para rostros alargados: equilibra proporciones creando horizontalidad<\/li>\n<li>Para rostros ovalados: realza su equilibrio natural<\/li>\n<li>Para rostros cuadrados: suaviza \u00e1ngulos con la asimetr\u00eda del flequillo<\/li>\n<\/ul>\n<h2>El secreto est\u00e1 en el flequillo diagonal<\/h2>\n<p>El elemento revolucionario de este corte es sin duda el <strong>flequillo ladeado<\/strong>. \u00abLa diagonal que crea este tipo de flequillo rompe con la simetr\u00eda del rostro, aportando dinamismo y modernidad\u00bb, comenta Carlos Vidal, estilista del Sal\u00f3n Belleza Madrid. Esta asimetr\u00eda estrat\u00e9gica tiene la capacidad de redirigir la mirada a los puntos fuertes de cada persona.<\/p>\n<h2>Una an\u00e9cdota reveladora: de reticente a fan incondicional<\/h2>\n<p>Marina, una clienta esc\u00e9ptica, decidi\u00f3 probar este corte tras a\u00f1os de mantener su melena larga. Su temor era lucir demasiado masculina o severa. El resultado: un cambio tan radical y favorecedor que ahora asegura que \u00abel pixie con flequillo ha sido su mejor aliado para <a href=\"https:\/\/www.journee-mondiale.com\/es\/transforma-tu-look-con-pequenos-cambios-de-estilo\/\" target=\"_blank\">transformar su look con un peque\u00f1o cambio<\/a>, devolvi\u00e9ndole una confianza que cre\u00eda perdida\u00bb.<\/p>\n<h2>C\u00f3mo mantener la perfecci\u00f3n de tu pixie 2025<\/h2>\n<p>Para sacar el m\u00e1ximo partido a este corte revolucionario, incorpora estos <strong>consejos de mantenimiento<\/strong> esenciales:<\/p>\n<ul>\n<li>Visita a tu estilista cada 4-6 semanas para mantener la forma intacta<\/li>\n<li>Utiliza productos texturizantes ligeros para un acabado moderno<\/li>\n<li>Experimenta con el secador dirigido en diferentes direcciones<\/li>\n<\/ul>\n<h2>La coloraci\u00f3n perfecta para realzar tu pixie<\/h2>\n<p>Este estilo cobra vida propia cuando se combina con <strong>t\u00e9cnicas de coloraci\u00f3n estrat\u00e9gicas<\/strong>. Los reflejos sutiles en el flequillo crean dimensi\u00f3n, mientras que las <a href=\"https:\/\/www.journee-mondiale.com\/es\/category\/estilo-de-vida\/\" target=\"_blank\">tendencias de coloraci\u00f3n de esta primavera<\/a> apuestan por tonos caramelo y cobrizos para aportar calidez al rostro.<\/p>\n<h2>Reinventa tu rutina matutina<\/h2>\n<p>Uno de los mayores beneficios de este corte es c\u00f3mo <a href=\"https:\/\/www.journee-mondiale.com\/es\/tecnica-del-espejo-mi-transformacion-de-5-minutos-que-cambio-mi-relacion-con-el-reflejo-esto-podria-cambiar-tu-primavera\/\" target=\"_blank\">transforma tu rutina diaria<\/a>. El tiempo que antes dedicabas a domar tu melena ahora se convierte en minutos valiosos para ti. Como dice Isabel Torres, \u00abMi pixie con flequillo es como una taza de caf\u00e9: me despierta, me revitaliza y me prepara para conquistar el d\u00eda\u00bb.<\/p>\n<h2>Inspiraci\u00f3n minimalista para un cambio radical<\/h2>\n<p>El pixie con flequillo ladeado encaja perfectamente dentro de la <a href=\"https:\/\/www.journee-mondiale.com\/es\/botines-blancos-minimalistas-mi-descubrimiento-para-reducir-la-ansiedad-un-25-esta-primavera\/\" target=\"_blank\">tendencia minimalista<\/a> que domina 2025. Es el ejemplo perfecto de c\u00f3mo menos puede ser m\u00e1s, ofreciendo una elegancia despojada de excesos que resulta tremendamente actual.<\/p>\n<h2>\u00bfLista para redefinir tu rostro este 2025?<\/h2>\n<p>No se trata solo de seguir una tendencia, sino de descubrir c\u00f3mo un <strong>corte estrat\u00e9gico<\/strong> puede convertirse en tu mejor aliado est\u00e9tico. Como quien descubre un <a href=\"https:\/\/www.journee-mondiale.com\/es\/el-ritual-matutino-que-transformo-mi-cabello-3-minutos-para-un-liso-imposible-de-alterar-esto-cambio-todo\/\" target=\"_blank\">ritual transformador para su cabello<\/a>, este pixie puede ser el cambio que has estado buscando para realzar tu belleza natural y proyectar una imagen renovada que refleje qui\u00e9n eres realmente en esta nueva temporada.<\/p>\n","protected":false},"excerpt":{"rendered":"<p>\u00bfHas notado c\u00f3mo un peque\u00f1o cambio en tu cabello puede transformar completamente tu apariencia? En esta primavera de 2025, el pixie con flequillo ladeado est\u00e1 revolucionando el concepto de estilo y redefiniendo rostros con una elegancia sin precedentes. Este corte, lejos de ser una simple tendencia pasajera, se ha consolidado como la elecci\u00f3n perfecta para &#8230; <a title=\"El pixie con flequillo ladeado est\u00e1 rejuveneciendo rostros 7 a\u00f1os en solo 20 minutos (esto est\u00e1 revolucionando la primavera 2025)\" class=\"read-more\" href=\"https:\/\/www.journee-mondiale.com\/es\/el-pixie-con-flequillo-ladeado-esta-rejuveneciendo-rostros-7-anos-en-solo-20-minutos-esto-esta-revolucionando-la-primavera-2025\/\" aria-label=\"Leer m\u00e1s sobre El pixie con flequillo ladeado est\u00e1 rejuveneciendo rostros 7 a\u00f1os en solo 20 minutos (esto est\u00e1 revolucionando la primavera 2025)\">Lire plus<\/a><\/p>\n","protected":false},"author":1,"featured_media":12206,"comment_status":"","ping_status":"","sticky":false,"template":"","format":"standard","meta":{"footnotes":""},"categories":[48],"tags":[],"class_list":["post-12207","post","type-post","status-publish","format-standard","has-post-thumbnail","hentry","category-estilo-de-vida"],"acf":[],"_yoast_wpseo_primary_category":null,"_yoast_wpseo_title":null,"_yoast_wpseo_metadesc":null,"_links":{"self":[{"href":"https:\/\/www.journee-mondiale.com\/es\/wp-json\/wp\/v2\/posts\/12207","targetHints":{"allow":["GET"]}}],"collection":[{"href":"https:\/\/www.journee-mondiale.com\/es\/wp-json\/wp\/v2\/posts"}],"about":[{"href":"https:\/\/www.journee-mondiale.com\/es\/wp-json\/wp\/v2\/types\/post"}],"author":[{"embeddable":true,"href":"https:\/\/www.journee-mondiale.com\/es\/wp-json\/wp\/v2\/users\/1"}],"replies":[{"embeddable":true,"href":"https:\/\/www.journee-mondiale.com\/es\/wp-json\/wp\/v2\/comments?post=12207"}],"version-history":[{"count":0,"href":"https:\/\/www.journee-mondiale.com\/es\/wp-json\/wp\/v2\/posts\/12207\/revisions"}],"wp:featuredmedia":[{"embeddable":true,"href":"https:\/\/www.journee-mondiale.com\/es\/wp-json\/wp\/v2\/media\/12206"}],"wp:attachment":[{"href":"https:\/\/www.journee-mondiale.com\/es\/wp-json\/wp\/v2\/media?parent=12207"}],"wp:term":[{"taxonomy":"category","embeddable":true,"href":"https:\/\/www.journee-mondiale.com\/es\/wp-json\/wp\/v2\/categories?post=12207"},{"taxonomy":"post_tag","embeddable":true,"href":"https:\/\/www.journee-mondiale.com\/es\/wp-json\/wp\/v2\/tags?post=12207"}],"curies":[{"name":"wp","href":"https:\/\/api.w.org\/{rel}","templated":true}]}}