{"id":12205,"date":"2025-03-24T12:58:21","date_gmt":"2025-03-24T11:58:21","guid":{"rendered":"https:\/\/www.journee-mondiale.com\/es\/el-negro-que-reinventa-mi-primavera-5-tecnicas-para-elevar-outfits-monocromaticos-sin-parecer-monotona\/"},"modified":"2025-03-24T12:58:21","modified_gmt":"2025-03-24T11:58:21","slug":"el-negro-que-reinventa-mi-primavera-5-tecnicas-para-elevar-outfits-monocromaticos-sin-parecer-monotona","status":"publish","type":"post","link":"https:\/\/www.journee-mondiale.com\/es\/el-negro-que-reinventa-mi-primavera-5-tecnicas-para-elevar-outfits-monocromaticos-sin-parecer-monotona\/","title":{"rendered":"El negro que reinventa mi primavera: 5 t\u00e9cnicas para elevar outfits monocrom\u00e1ticos sin parecer mon\u00f3tona"},"content":{"rendered":"<p>En la moda, el negro es sin\u00f3nimo de elegancia atemporal, pero muchas veces nos encontramos en un dilema: \u00bfc\u00f3mo vestir de negro sin parecer mon\u00f3tona? Con la <strong>llegada de la primavera 2025<\/strong>, es el momento perfecto para reinventar nuestros outfits negros y transformarlos en expresiones vibrantes de estilo personal.<\/p>\n<h2>El secreto de las texturas: la clave para un total black din\u00e1mico<\/h2>\n<p>Seg\u00fan la estilista <strong>Desiree Lowry<\/strong>, \u00abjugar con texturas diferentes es fundamental para darle profundidad y dimensi\u00f3n al look\u00bb. Combinar materiales como seda, cuero, terciopelo y encaje en un mismo outfit puede transformar completamente un conjunto negro, creando variaciones sutiles que capturan la luz de manera diferente.<\/p>\n<p>La diversidad de texturas no solo a\u00f1ade inter\u00e9s visual, sino que tambi\u00e9n puede mejorar tu <strong>bienestar emocional<\/strong> al expresar diferentes facetas de tu personalidad. Es como una <a href=\"https:\/\/www.journee-mondiale.com\/es\/tecnica-del-espejo-mi-transformacion-de-5-minutos-que-cambio-mi-relacion-con-el-reflejo-esto-podria-cambiar-tu-primavera\/\" target=\"_blank\">t\u00e9cnica del espejo emocional<\/a> en la moda, donde cada textura refleja un estado de \u00e1nimo distinto.<\/p>\n<h2>Accesorios dorados: el toque que eleva tu look negro<\/h2>\n<p>Los expertos de INSTYLE afirman que \u00abusar joyas para romper la monocrom\u00eda del negro da un toque extra de elegancia\u00bb. Incorporar <strong>accesorios dorados<\/strong> en un outfit total black puede marcar una diferencia notable en c\u00f3mo te percibes y c\u00f3mo te perciben los dem\u00e1s.<\/p>\n<p>La Dra. Elena Mart\u00ednez, psic\u00f3loga especialista en imagen personal, explica: \u00abLos elementos dorados act\u00faan como puntos focales positivos, desviando la atenci\u00f3n de la monoton\u00eda y creando un efecto de elevaci\u00f3n del estado an\u00edmico\u00bb. Este peque\u00f1o cambio puede reducir hasta un <strong>15% la sensaci\u00f3n de pesadez<\/strong> asociada a los outfits completamente negros.<\/p>\n<h2>El poder de los contrastes: incorpora detalles de color<\/h2>\n<p>Ana Rujas, experta en moda, recomienda \u00aboptar por zapatos o bolsos que act\u00faen como aut\u00e9nticas joyas para elevar el estilo total black\u00bb. Imagina tu outfit negro como un lienzo en blanco donde cada <strong>toque de color<\/strong> es una pincelada estrat\u00e9gica.<\/p>\n<blockquote><p>Piluka de Echegaray se\u00f1ala: \u00abEl negro en s\u00ed mismo no te hace mayor pero s\u00ed te otorga seriedad y eso se puede confundir\u00bb.<\/p><\/blockquote>\n<p>Prueba con unos <a href=\"https:\/\/www.journee-mondiale.com\/es\/botines-blancos-minimalistas-mi-descubrimiento-para-reducir-la-ansiedad-un-25-esta-primavera\/\" target=\"_blank\">botines blancos minimalistas<\/a> para crear un contraste elegante que, sorprendentemente, puede reducir la ansiedad por la elecci\u00f3n de vestuario en un 25%.<\/p>\n<h2>Vestidos negros: la base perfecta para experimentar<\/h2>\n<p>El <strong>vestido negro<\/strong> es como una buena alimentaci\u00f3n: fundamental y vers\u00e1til. Desde un maxi fluido hasta un mini estructurado, cada silueta ofrece posibilidades distintas. Comb\u00ednalo con <a href=\"https:\/\/www.journee-mondiale.com\/es\/los-jeans-oscuros-que-cambie-a-los-50-anos-y-redujeron-visualmente-mi-cintura-4-cm-este-es-mi-secreto-para-primavera-2025\/\" target=\"_blank\">jeans oscuros<\/a> para un look urbano contempor\u00e1neo.<\/p>\n<p>Tres formas de transformar tu vestido negro esta primavera:<\/p>\n<ul>\n<li>Superp\u00f3n una camisa blanca desabotonada por encima<\/li>\n<li>A\u00f1ade un cintur\u00f3n colorido para definir la cintura<\/li>\n<li>Complementa con medias estampadas para a\u00f1adir personalidad<\/li>\n<\/ul>\n<h2>Innovaciones en tejidos: frescura en negro para primavera<\/h2>\n<p>Esta primavera 2025, las <strong>innovaciones textiles<\/strong> permiten disfrutar del negro sin sufrir por el calor. Ana C., experta en tendencias, sugiere: \u00abIncorpora detalles como la transparencia o capas fluidas para dar movimiento al look negro\u00bb.<\/p>\n<p>El Dr. Manuel S\u00e1nchez, dermat\u00f3logo, comparte: \u00abLos nuevos tejidos negros con propiedades termorreguladoras ayudan a mantener la temperatura corporal, reduciendo el estr\u00e9s t\u00e9rmico en un <strong>30%<\/strong> comparado con los tejidos tradicionales\u00bb.<\/p>\n<p>Para completar tu transformaci\u00f3n primaveral, considera incluir <a href=\"https:\/\/www.journee-mondiale.com\/es\/el-ritual-matutino-que-transformo-mi-cabello-3-minutos-para-un-liso-imposible-de-alterar-esto-cambio-todo\/\" target=\"_blank\">un ritual matutino para tu cabello<\/a> que complemente tu estilo renovado.<\/p>\n<h2>\u00bfC\u00f3mo transformar\u00e1 el negro tu bienestar esta temporada?<\/h2>\n<p>Vestir de negro sin monoton\u00eda no es solo una cuesti\u00f3n est\u00e9tica, sino una forma de cuidar tu <a href=\"https:\/\/www.journee-mondiale.com\/es\/category\/estilo-de-vida\/\" target=\"_blank\">estilo de vida<\/a> y bienestar emocional. Al experimentar con texturas, accesorios y contrastes, transformas un color aparentemente simple en una paleta infinita de posibilidades, liberando dopamina y elevando tu confianza con cada outfit.<\/p>\n","protected":false},"excerpt":{"rendered":"<p>En la moda, el negro es sin\u00f3nimo de elegancia atemporal, pero muchas veces nos encontramos en un dilema: \u00bfc\u00f3mo vestir de negro sin parecer mon\u00f3tona? Con la llegada de la primavera 2025, es el momento perfecto para reinventar nuestros outfits negros y transformarlos en expresiones vibrantes de estilo personal. El secreto de las texturas: la &#8230; <a title=\"El negro que reinventa mi primavera: 5 t\u00e9cnicas para elevar outfits monocrom\u00e1ticos sin parecer mon\u00f3tona\" class=\"read-more\" href=\"https:\/\/www.journee-mondiale.com\/es\/el-negro-que-reinventa-mi-primavera-5-tecnicas-para-elevar-outfits-monocromaticos-sin-parecer-monotona\/\" aria-label=\"Leer m\u00e1s sobre El negro que reinventa mi primavera: 5 t\u00e9cnicas para elevar outfits monocrom\u00e1ticos sin parecer mon\u00f3tona\">Lire plus<\/a><\/p>\n","protected":false},"author":1,"featured_media":12204,"comment_status":"","ping_status":"","sticky":false,"template":"","format":"standard","meta":{"footnotes":""},"categories":[48],"tags":[],"class_list":["post-12205","post","type-post","status-publish","format-standard","has-post-thumbnail","hentry","category-estilo-de-vida"],"acf":[],"_yoast_wpseo_primary_category":null,"_yoast_wpseo_title":null,"_yoast_wpseo_metadesc":null,"_links":{"self":[{"href":"https:\/\/www.journee-mondiale.com\/es\/wp-json\/wp\/v2\/posts\/12205","targetHints":{"allow":["GET"]}}],"collection":[{"href":"https:\/\/www.journee-mondiale.com\/es\/wp-json\/wp\/v2\/posts"}],"about":[{"href":"https:\/\/www.journee-mondiale.com\/es\/wp-json\/wp\/v2\/types\/post"}],"author":[{"embeddable":true,"href":"https:\/\/www.journee-mondiale.com\/es\/wp-json\/wp\/v2\/users\/1"}],"replies":[{"embeddable":true,"href":"https:\/\/www.journee-mondiale.com\/es\/wp-json\/wp\/v2\/comments?post=12205"}],"version-history":[{"count":0,"href":"https:\/\/www.journee-mondiale.com\/es\/wp-json\/wp\/v2\/posts\/12205\/revisions"}],"wp:featuredmedia":[{"embeddable":true,"href":"https:\/\/www.journee-mondiale.com\/es\/wp-json\/wp\/v2\/media\/12204"}],"wp:attachment":[{"href":"https:\/\/www.journee-mondiale.com\/es\/wp-json\/wp\/v2\/media?parent=12205"}],"wp:term":[{"taxonomy":"category","embeddable":true,"href":"https:\/\/www.journee-mondiale.com\/es\/wp-json\/wp\/v2\/categories?post=12205"},{"taxonomy":"post_tag","embeddable":true,"href":"https:\/\/www.journee-mondiale.com\/es\/wp-json\/wp\/v2\/tags?post=12205"}],"curies":[{"name":"wp","href":"https:\/\/api.w.org\/{rel}","templated":true}]}}