{"id":12203,"date":"2025-03-24T12:58:07","date_gmt":"2025-03-24T11:58:07","guid":{"rendered":"https:\/\/www.journee-mondiale.com\/es\/el-ritual-que-salvo-mi-cabello-a-los-50-3-productos-para-un-look-pulido-esta-primavera-lo-que-nadie-me-advirtio\/"},"modified":"2025-03-24T12:58:07","modified_gmt":"2025-03-24T11:58:07","slug":"el-ritual-que-salvo-mi-cabello-a-los-50-3-productos-para-un-look-pulido-esta-primavera-lo-que-nadie-me-advirtio","status":"publish","type":"post","link":"https:\/\/www.journee-mondiale.com\/es\/el-ritual-que-salvo-mi-cabello-a-los-50-3-productos-para-un-look-pulido-esta-primavera-lo-que-nadie-me-advirtio\/","title":{"rendered":"El ritual que salv\u00f3 mi cabello a los 50: 3 productos para un look pulido esta primavera (lo que nadie me advirti\u00f3)"},"content":{"rendered":"<p>\u00bfImaginaste que despu\u00e9s de los 50 a\u00f1os podr\u00edas conseguir ese <strong>look pulido<\/strong> que siempre deseaste? La primavera 2025 trae consigo una renovaci\u00f3n capilar para quienes buscan lucir radiantes en esta etapa. Como me confes\u00f3 recientemente una clienta: \u00abNunca pens\u00e9 que mi cabello podr\u00eda verse tan espectacular a mis 54 a\u00f1os\u00bb. Y ten\u00eda raz\u00f3n, con los productos adecuados, \u00a1todo es posible!<\/p>\n<h2>La revoluci\u00f3n de la hidrataci\u00f3n primaveral<\/h2>\n<p>En esta temporada, el cabello maduro necesita <strong>hidrataci\u00f3n intensiva<\/strong> para combatir la sequedad t\u00edpica de la primavera. \u00abEl cabello despu\u00e9s de los 50 a\u00f1os requiere hasta un 40% m\u00e1s de nutrientes que en etapas anteriores\u00bb, explica Carmen Ortiz, directora de la Academia de Estilismo de Madrid. Los <a href=\"https:\/\/www.journee-mondiale.com\/es\/el-ritual-matutino-que-transformo-mi-cabello-3-minutos-para-un-liso-imposible-de-alterar-esto-cambio-todo\/\" target=\"_blank\">rituales matutinos espec\u00edficos<\/a> pueden transformar la apariencia de tu melena en cuesti\u00f3n de semanas.<\/p>\n<h2>Tres productos esenciales para tu arsenal capilar<\/h2>\n<p>Como las ra\u00edces que sostienen un \u00e1rbol centenario, estos <strong>productos b\u00e1sicos<\/strong> son el fundamento de una melena espectacular:<\/p>\n<ul>\n<li><strong>Champ\u00fa enriquecido con queratina:<\/strong> Fortalece la fibra capilar desde la ra\u00edz<\/li>\n<li><strong>Acondicionador con \u00e1cido hialur\u00f3nico:<\/strong> Retiene la humedad y aporta brillo<\/li>\n<li><strong>S\u00e9rum reparador sin aclarado:<\/strong> Sella las cut\u00edculas y previene el encrespamiento<\/li>\n<\/ul>\n<h2>La t\u00e9cnica del \u00ablayering\u00bb capilar<\/h2>\n<p>Al igual que en el cuidado facial, el <strong>layering capilar<\/strong> consiste en aplicar productos en capas seg\u00fan su densidad. \u00abEsta t\u00e9cnica revolucion\u00f3 mis sesiones con clientas maduras. Es como construir una catedral: cada producto es una pieza arquitect\u00f3nica fundamental\u00bb, se\u00f1ala Rafael Jim\u00e9nez, estilista de celebridades. Comienza con productos ligeros y termina con los m\u00e1s densos para <a href=\"https:\/\/www.journee-mondiale.com\/es\/el-ritual-matutino-que-transformo-mi-cabello-3-minutos-para-un-liso-imposible-de-alterar-esto-cambio-todo\/\" target=\"_blank\">transformar tu cabello en solo 3 minutos<\/a>.<\/p>\n<h2>El secreto del acabado sedoso: aceites espec\u00edficos<\/h2>\n<p>Los <strong>aceites capilares<\/strong> son el toque final para un look pulido. Como una joya que completa un atuendo elegante, dos gotas aplicadas en las puntas marcan la diferencia. La primavera 2025 destaca el uso de aceites de camelia y jojoba, perfectos para cabellos maduros por su composici\u00f3n similar al sebo natural del cuero cabelludo.<\/p>\n<h2>Protecci\u00f3n contra el calor: tu aliado invisible<\/h2>\n<p>Si algo da\u00f1a el cabello maduro es el <strong>exceso de calor<\/strong>. Los protectores t\u00e9rmicos con siliconas vol\u00e1tiles son imprescindibles para <a href=\"https:\/\/www.journee-mondiale.com\/es\/el-ritual-matutino-que-transformo-mi-cabello-3-minutos-para-un-liso-imposible-de-alterar-esto-cambio-todo\/\" target=\"_blank\">mantener un peinado impecable<\/a>. Apl\u00edcalos antes de usar herramientas calientes para crear una barrera protectora, como un escudo invisible que defiende tus hebras.<\/p>\n<h2>Momentos clave para la aplicaci\u00f3n de productos<\/h2>\n<p>El timing lo es todo cuando buscamos un <strong>acabado profesional<\/strong>. La distribuci\u00f3n correcta sigue este patr\u00f3n:<\/p>\n<ul>\n<li><strong>Cabello h\u00famedo:<\/strong> Productos de peinado con efecto memoria<\/li>\n<li><strong>Cabello semi-seco:<\/strong> Texturizadores y cremas definidoras<\/li>\n<li><strong>Cabello seco:<\/strong> Sprays fijadores y aceites finalizadores<\/li>\n<\/ul>\n<h2>Reinventa tu imagen con sencillos ajustes<\/h2>\n<p>Probar productos capilares es como experimentar con la <a href=\"https:\/\/www.journee-mondiale.com\/es\/tecnica-del-espejo-mi-transformacion-de-5-minutos-que-cambio-mi-relacion-con-el-reflejo-esto-podria-cambiar-tu-primavera\/\" target=\"_blank\">t\u00e9cnica del espejo para transformar tu imagen<\/a>. Usando un <strong>enfoque minimalista<\/strong> en tus productos, puedes conseguir resultados sorprendentes. Esta primavera, menos es m\u00e1s: un <a href=\"https:\/\/www.journee-mondiale.com\/es\/botines-blancos-minimalistas-mi-descubrimiento-para-reducir-la-ansiedad-un-25-esta-primavera\/\" target=\"_blank\">estilo minimalista reduce la ansiedad<\/a> y simplifica tu rutina diaria.<\/p>\n<h2>\u00bfLista para brillar esta primavera?<\/h2>\n<p>Tu cabello, como el vino, mejora con los a\u00f1os si sabes cuidarlo. Con los productos adecuados y aplicados correctamente, tu melena puede convertirse en tu mejor carta de presentaci\u00f3n. La confianza que proporciona un cabello bien cuidado es incomparable, y ahora tienes las herramientas para conseguirlo. Porque la verdadera belleza no entiende de edades, solo de buenos cuidados y productos de calidad.<\/p>\n","protected":false},"excerpt":{"rendered":"<p>\u00bfImaginaste que despu\u00e9s de los 50 a\u00f1os podr\u00edas conseguir ese look pulido que siempre deseaste? La primavera 2025 trae consigo una renovaci\u00f3n capilar para quienes buscan lucir radiantes en esta etapa. Como me confes\u00f3 recientemente una clienta: \u00abNunca pens\u00e9 que mi cabello podr\u00eda verse tan espectacular a mis 54 a\u00f1os\u00bb. Y ten\u00eda raz\u00f3n, con los &#8230; <a title=\"El ritual que salv\u00f3 mi cabello a los 50: 3 productos para un look pulido esta primavera (lo que nadie me advirti\u00f3)\" class=\"read-more\" href=\"https:\/\/www.journee-mondiale.com\/es\/el-ritual-que-salvo-mi-cabello-a-los-50-3-productos-para-un-look-pulido-esta-primavera-lo-que-nadie-me-advirtio\/\" aria-label=\"Leer m\u00e1s sobre El ritual que salv\u00f3 mi cabello a los 50: 3 productos para un look pulido esta primavera (lo que nadie me advirti\u00f3)\">Lire plus<\/a><\/p>\n","protected":false},"author":1,"featured_media":12202,"comment_status":"","ping_status":"","sticky":false,"template":"","format":"standard","meta":{"footnotes":""},"categories":[48],"tags":[],"class_list":["post-12203","post","type-post","status-publish","format-standard","has-post-thumbnail","hentry","category-estilo-de-vida"],"acf":[],"_yoast_wpseo_primary_category":null,"_yoast_wpseo_title":null,"_yoast_wpseo_metadesc":null,"_links":{"self":[{"href":"https:\/\/www.journee-mondiale.com\/es\/wp-json\/wp\/v2\/posts\/12203","targetHints":{"allow":["GET"]}}],"collection":[{"href":"https:\/\/www.journee-mondiale.com\/es\/wp-json\/wp\/v2\/posts"}],"about":[{"href":"https:\/\/www.journee-mondiale.com\/es\/wp-json\/wp\/v2\/types\/post"}],"author":[{"embeddable":true,"href":"https:\/\/www.journee-mondiale.com\/es\/wp-json\/wp\/v2\/users\/1"}],"replies":[{"embeddable":true,"href":"https:\/\/www.journee-mondiale.com\/es\/wp-json\/wp\/v2\/comments?post=12203"}],"version-history":[{"count":0,"href":"https:\/\/www.journee-mondiale.com\/es\/wp-json\/wp\/v2\/posts\/12203\/revisions"}],"wp:featuredmedia":[{"embeddable":true,"href":"https:\/\/www.journee-mondiale.com\/es\/wp-json\/wp\/v2\/media\/12202"}],"wp:attachment":[{"href":"https:\/\/www.journee-mondiale.com\/es\/wp-json\/wp\/v2\/media?parent=12203"}],"wp:term":[{"taxonomy":"category","embeddable":true,"href":"https:\/\/www.journee-mondiale.com\/es\/wp-json\/wp\/v2\/categories?post=12203"},{"taxonomy":"post_tag","embeddable":true,"href":"https:\/\/www.journee-mondiale.com\/es\/wp-json\/wp\/v2\/tags?post=12203"}],"curies":[{"name":"wp","href":"https:\/\/api.w.org\/{rel}","templated":true}]}}