{"id":12201,"date":"2025-03-24T12:45:18","date_gmt":"2025-03-24T11:45:18","guid":{"rendered":"https:\/\/www.journee-mondiale.com\/es\/los-jeans-oscuros-que-cambie-a-los-50-anos-y-redujeron-visualmente-mi-cintura-4-cm-este-es-mi-secreto-para-primavera-2025\/"},"modified":"2025-03-24T12:45:18","modified_gmt":"2025-03-24T11:45:18","slug":"los-jeans-oscuros-que-cambie-a-los-50-anos-y-redujeron-visualmente-mi-cintura-4-cm-este-es-mi-secreto-para-primavera-2025","status":"publish","type":"post","link":"https:\/\/www.journee-mondiale.com\/es\/los-jeans-oscuros-que-cambie-a-los-50-anos-y-redujeron-visualmente-mi-cintura-4-cm-este-es-mi-secreto-para-primavera-2025\/","title":{"rendered":"Los jeans oscuros que cambi\u00e9 a los 50 a\u00f1os y redujeron visualmente mi cintura 4 cm (este es mi secreto para primavera 2025)"},"content":{"rendered":"<p>Imagina ser capaz de lucir mejor que nunca al entrar en la fascinante \u00e9poca de los 50. Aunque pocas prendas ofrecen tanta versatilidad como un buen par de vaqueros oscuros, elegir el modelo adecuado puede transformar completamente tu figura esta <strong>primavera 2025<\/strong>. Descubramos qu\u00e9 estilos est\u00e1n revolucionando el mundo de la moda para quienes buscan realzar su silueta con elegancia y confianza despu\u00e9s de los 50.<\/p>\n<h2>Por qu\u00e9 los vaqueros oscuros son el tesoro escondido de tu armario esta primavera<\/h2>\n<p>Los tonos \u00edndigo profundo y azul marino no solo aportan sofisticaci\u00f3n, sino que tienen un efecto <strong>estilizador natural<\/strong> que favorece especialmente despu\u00e9s de los 50 a\u00f1os. \u00abUn buen vaquero oscuro act\u00faa como un lienzo perfecto para construir un guardarropa inteligente y vers\u00e1til para la primavera\u00bb, explica Marta Rivas, consultora de imagen especializada en moda para mujeres maduras.<\/p>\n<p>La dise\u00f1adora Vivienne Westwood se\u00f1al\u00f3 en m\u00faltiples ocasiones que \u00abla elegancia no est\u00e1 re\u00f1ida con la edad, sino con la elecci\u00f3n de las prendas adecuadas\u00bb, una filosof\u00eda que encaja perfectamente con la tendencia actual de <strong>vaqueros oscuros<\/strong> que favorecen cualquier tipo de cuerpo.<\/p>\n<h2>Los 3 cortes que dominan la primavera 2025<\/h2>\n<p>Este a\u00f1o, los expertos en moda recomiendan estos estilos para quienes superan los 50:<\/p>\n<ul>\n<li><strong>Straight leg<\/strong> &#8211; El corte recto desde la cadera hasta el tobillo estiliza visualmente las piernas<\/li>\n<li><strong>Bootcut ligero<\/strong> &#8211; Con una sutil abertura que equilibra hombros y caderas<\/li>\n<li><strong>High-rise<\/strong> &#8211; De cintura alta para contener y definir la zona abdominal<\/li>\n<\/ul>\n<h2>La revoluci\u00f3n sostenible transforma los vaqueros esta temporada<\/h2>\n<p>La sostenibilidad ya no es solo una tendencia, sino una necesidad. Seg\u00fan Livia Firth, experta en moda sostenible: \u00abEn 2025, ya no podemos separar lo que vestimos de c\u00f3mo afecta al planeta\u00bb. Los nuevos <strong>procesos de te\u00f1ido ecol\u00f3gicos<\/strong> consiguen tonos oscuros intensos utilizando hasta un 80% menos de agua, perfecto para quienes buscan estilo con conciencia ambiental.<\/p>\n<h2>El efecto adelgazante: m\u00e1s all\u00e1 del color<\/h2>\n<p>No es solo el tono oscuro lo que estiliza. La combinaci\u00f3n de tejidos con <strong>elasticidad controlada<\/strong> crea un efecto de contenci\u00f3n similar al de las prendas modeladoras. \u00abEs como llevar un entrenador personal invisible en tus pantalones\u00bb, bromea la Dra. Elena Mart\u00edn, especialista en moda adaptativa para diferentes edades y tipos de cuerpo.<\/p>\n<h2>La ciencia detr\u00e1s del efecto visual de los vaqueros oscuros<\/h2>\n<p>Los vaqueros oscuros funcionan como los <a href=\"https:\/\/www.journee-mondiale.com\/es\/botines-blancos-minimalistas-mi-descubrimiento-para-reducir-la-ansiedad-un-25-esta-primavera\/\" target=\"_blank\">botines blancos minimalistas<\/a> pero en sentido inverso: mientras lo claro ampl\u00eda visualmente, lo oscuro reduce. Esta <strong>ilusi\u00f3n \u00f3ptica<\/strong> es especialmente beneficiosa para disimular zonas que queremos minimizar despu\u00e9s de los 50.<\/p>\n<h2>C\u00f3mo combinarlos para maximizar su efecto rejuvenecedor<\/h2>\n<p>La estilista Anna Wintour siempre ha defendido que \u00abla simplicidad es la clave de la verdadera elegancia\u00bb. Para potenciar el efecto estilizador:<\/p>\n<ul>\n<li>Comb\u00ednalos con camisas estructuradas en colores claros<\/li>\n<li>A\u00f1ade accesorios que dirijan la mirada hacia el rostro<\/li>\n<li>Complementa con calzado en el mismo tono para alargar la figura<\/li>\n<\/ul>\n<h2>El poder transformador del denim en nuestra autoimagen<\/h2>\n<p>Igual que la <a href=\"https:\/\/www.journee-mondiale.com\/es\/tecnica-del-espejo-mi-transformacion-de-5-minutos-que-cambio-mi-relacion-con-el-reflejo-esto-podria-cambiar-tu-primavera\/\" target=\"_blank\">t\u00e9cnica del espejo<\/a> puede cambiar nuestra relaci\u00f3n con nuestro reflejo, unos vaqueros bien elegidos pueden transformar c\u00f3mo nos vemos y sentimos. El <strong>bienestar emocional<\/strong> que proporciona sentirse bien con tu imagen es invaluable despu\u00e9s de los 50.<\/p>\n<h2>\u00bfD\u00f3nde encontrar las mejores opciones esta primavera?<\/h2>\n<p>Las marcas espa\u00f1olas est\u00e1n apostando fuerte por dise\u00f1os que favorecen espec\u00edficamente a mujeres y hombres mayores de 50. Desde las colecciones de <a href=\"https:\/\/www.journee-mondiale.com\/es\/category\/estilo-de-vida\/\" target=\"_blank\">Estilo de vida<\/a> que destacan en <a href=\"https:\/\/www.journee-mondiale.com\/es\" target=\"_blank\">D\u00eda Mundial<\/a>, hasta firmas locales que entienden perfectamente las necesidades de un cuerpo maduro.<\/p>\n<p>\u00bfEst\u00e1s lista para redescubrir tu figura esta primavera? Los vaqueros oscuros no son solo una tendencia, son un aliado que te acompa\u00f1ar\u00e1 temporada tras temporada, haci\u00e9ndote lucir estilizada y moderna mientras abrazas los cambios naturales de tu cuerpo con elegancia y confianza. Para mantenerte al d\u00eda con las \u00faltimas tendencias, no olvides seguir <a href=\"https:\/\/www.journee-mondiale.com\/es\/category\/estilo-de-vida\/feed\/\" target=\"_blank\">Noticias y Estilo de Vida<\/a>.<\/p>\n","protected":false},"excerpt":{"rendered":"<p>Imagina ser capaz de lucir mejor que nunca al entrar en la fascinante \u00e9poca de los 50. Aunque pocas prendas ofrecen tanta versatilidad como un buen par de vaqueros oscuros, elegir el modelo adecuado puede transformar completamente tu figura esta primavera 2025. Descubramos qu\u00e9 estilos est\u00e1n revolucionando el mundo de la moda para quienes buscan &#8230; <a title=\"Los jeans oscuros que cambi\u00e9 a los 50 a\u00f1os y redujeron visualmente mi cintura 4 cm (este es mi secreto para primavera 2025)\" class=\"read-more\" href=\"https:\/\/www.journee-mondiale.com\/es\/los-jeans-oscuros-que-cambie-a-los-50-anos-y-redujeron-visualmente-mi-cintura-4-cm-este-es-mi-secreto-para-primavera-2025\/\" aria-label=\"Leer m\u00e1s sobre Los jeans oscuros que cambi\u00e9 a los 50 a\u00f1os y redujeron visualmente mi cintura 4 cm (este es mi secreto para primavera 2025)\">Lire plus<\/a><\/p>\n","protected":false},"author":1,"featured_media":12200,"comment_status":"","ping_status":"","sticky":false,"template":"","format":"standard","meta":{"footnotes":""},"categories":[48],"tags":[],"class_list":["post-12201","post","type-post","status-publish","format-standard","has-post-thumbnail","hentry","category-estilo-de-vida"],"acf":[],"_yoast_wpseo_primary_category":null,"_yoast_wpseo_title":null,"_yoast_wpseo_metadesc":null,"_links":{"self":[{"href":"https:\/\/www.journee-mondiale.com\/es\/wp-json\/wp\/v2\/posts\/12201","targetHints":{"allow":["GET"]}}],"collection":[{"href":"https:\/\/www.journee-mondiale.com\/es\/wp-json\/wp\/v2\/posts"}],"about":[{"href":"https:\/\/www.journee-mondiale.com\/es\/wp-json\/wp\/v2\/types\/post"}],"author":[{"embeddable":true,"href":"https:\/\/www.journee-mondiale.com\/es\/wp-json\/wp\/v2\/users\/1"}],"replies":[{"embeddable":true,"href":"https:\/\/www.journee-mondiale.com\/es\/wp-json\/wp\/v2\/comments?post=12201"}],"version-history":[{"count":0,"href":"https:\/\/www.journee-mondiale.com\/es\/wp-json\/wp\/v2\/posts\/12201\/revisions"}],"wp:featuredmedia":[{"embeddable":true,"href":"https:\/\/www.journee-mondiale.com\/es\/wp-json\/wp\/v2\/media\/12200"}],"wp:attachment":[{"href":"https:\/\/www.journee-mondiale.com\/es\/wp-json\/wp\/v2\/media?parent=12201"}],"wp:term":[{"taxonomy":"category","embeddable":true,"href":"https:\/\/www.journee-mondiale.com\/es\/wp-json\/wp\/v2\/categories?post=12201"},{"taxonomy":"post_tag","embeddable":true,"href":"https:\/\/www.journee-mondiale.com\/es\/wp-json\/wp\/v2\/tags?post=12201"}],"curies":[{"name":"wp","href":"https:\/\/api.w.org\/{rel}","templated":true}]}}