{"id":12195,"date":"2025-03-24T12:35:30","date_gmt":"2025-03-24T11:35:30","guid":{"rendered":"https:\/\/www.journee-mondiale.com\/es\/tecnica-del-espejo-mi-transformacion-de-5-minutos-que-cambio-mi-relacion-con-el-reflejo-esto-podria-cambiar-tu-primavera\/"},"modified":"2025-03-24T12:35:30","modified_gmt":"2025-03-24T11:35:30","slug":"tecnica-del-espejo-mi-transformacion-de-5-minutos-que-cambio-mi-relacion-con-el-reflejo-esto-podria-cambiar-tu-primavera","status":"publish","type":"post","link":"https:\/\/www.journee-mondiale.com\/es\/tecnica-del-espejo-mi-transformacion-de-5-minutos-que-cambio-mi-relacion-con-el-reflejo-esto-podria-cambiar-tu-primavera\/","title":{"rendered":"T\u00e9cnica del espejo: mi transformaci\u00f3n de 5 minutos que cambi\u00f3 mi relaci\u00f3n con el reflejo (esto podr\u00eda cambiar tu primavera)"},"content":{"rendered":"<p>La primavera marca el momento perfecto para <strong>renovar nuestra relaci\u00f3n con el espejo<\/strong>. Mientras la naturaleza se regenera, tambi\u00e9n podemos transformar nuestra autoconfianza usando una t\u00e9cnica simple pero poderosa. \u00bfAlguna vez has notado c\u00f3mo evitas tu reflejo o te centras solo en tus imperfecciones? Descubre c\u00f3mo convertir ese espejo en tu mejor aliado para florecer en esta temporada de renacimiento.<\/p>\n<h2>El secreto psicol\u00f3gico detr\u00e1s de la t\u00e9cnica del espejo<\/h2>\n<p>La <strong>t\u00e9cnica del espejo<\/strong> consiste en utilizar tu reflejo como herramienta terap\u00e9utica para fortalecer tu di\u00e1logo interno positivo. \u00abNos pasamos a\u00f1os absorbiendo cr\u00edticas externas y las convertimos en autocr\u00edtica. El espejo nos ayuda a romper ese ciclo destructivo y comenzar uno nuevo de autocompasi\u00f3n\u00bb, explica la <strong>Dra. Elena Mart\u00ednez<\/strong>, psic\u00f3loga cl\u00ednica especializada en autoestima.<\/p>\n<p>Esta pr\u00e1ctica, que toma apenas <strong>5 minutos diarios<\/strong>, act\u00faa como un puente directo entre tu mente consciente e inconsciente, permitiendo reprogramar creencias limitantes sobre ti mismo.<\/p>\n<h2>Beneficios primaverales: renace tu confianza con esta pr\u00e1ctica<\/h2>\n<p>La primavera de 2025 nos invita a <strong>renovarnos emocionalmente<\/strong>. Los beneficios de esta t\u00e9cnica incluyen:<\/p>\n<ul>\n<li>Reducci\u00f3n significativa de la <strong>autocr\u00edtica destructiva<\/strong><\/li>\n<li>Mayor capacidad para afrontar situaciones sociales complejas<\/li>\n<li>Desarrollo de una <strong>voz interior compasiva<\/strong><\/li>\n<li>Mejora en la postura corporal y el lenguaje no verbal<\/li>\n<\/ul>\n<h2>Paso a paso: tu ritual de 5 minutos frente al espejo<\/h2>\n<p>Como las semillas que brotan en primavera, tu confianza necesita <strong>cuidado diario<\/strong>. Empieza as\u00ed:<\/p>\n<ol>\n<li>Busca un momento tranquilo, preferiblemente por la ma\u00f1ana<\/li>\n<li>Col\u00f3cate frente a un <strong>espejo de cuerpo entero<\/strong> si es posible<\/li>\n<li>Respira profundamente tres veces para centrarte<\/li>\n<li>M\u00edrate directamente a los ojos durante 60 segundos<\/li>\n<\/ol>\n<h2>El arte de las afirmaciones que realmente funcionan<\/h2>\n<p>\u00abLas afirmaciones gen\u00e9ricas como &#8216;soy hermoso&#8217; pueden generar resistencia si no las crees\u00bb, advierte el <strong>Dr. Carlos Vega<\/strong> del Centro de Psicolog\u00eda Positiva de Madrid. \u00abEs m\u00e1s efectivo usar afirmaciones espec\u00edficas y cre\u00edbles como: &#8216;Hoy elijo tratarme con amabilidad&#8217; o &#8216;Estoy aprendiendo a valorar mis fortalezas&#8217;.\u00bb<\/p>\n<blockquote><p>Las palabras que te dices frente al espejo son como semillas de primavera: plantadas hoy, florecer\u00e1n ma\u00f1ana en forma de confianza.<\/p><\/blockquote>\n<h2>La transformaci\u00f3n de Sara: una historia de superaci\u00f3n<\/h2>\n<p>Sara, ejecutiva de 34 a\u00f1os, comenz\u00f3 esta pr\u00e1ctica tras una <strong>ruptura dolorosa<\/strong>. \u00abAl principio no pod\u00eda mantener contacto visual conmigo misma sin llorar. Tres meses despu\u00e9s, descubr\u00ed a una mujer en el espejo que me inspiraba respeto. La t\u00e9cnica cambi\u00f3 completamente c\u00f3mo me percibo\u00bb, comparte en un grupo de apoyo de <a href=\"https:\/\/www.journee-mondiale.com\/es\/category\/estilo-de-vida\/\" target=\"_blank\">estilo de vida<\/a> saludable.<\/p>\n<h2>Supera los obst\u00e1culos comunes con estas estrategias<\/h2>\n<p>Es normal encontrar resistencia inicial. Imagina que est\u00e1s <strong>entrenando un m\u00fasculo emocional<\/strong> que ha estado atrofiado. La incomodidad indica crecimiento. Si te resulta dif\u00edcil, comienza con solo 30 segundos e incrementa gradualmente el tiempo.<\/p>\n<h2>Combina la t\u00e9cnica con la energ\u00eda primaveral<\/h2>\n<p>La primavera nos regala <strong>m\u00e1s luz natural<\/strong>, aprov\u00e9chala. Realiza tu pr\u00e1ctica cerca de una ventana, donde la luz primaveral ilumine tu rostro. Esta conexi\u00f3n con los ciclos naturales potencia la sensaci\u00f3n de renovaci\u00f3n personal y amplifica los beneficios de la t\u00e9cnica.<\/p>\n<p>\u00bfEst\u00e1s listo para transformar tu relaci\u00f3n contigo mismo esta primavera? Tu reflejo no es solo una imagen, es una <strong>conversaci\u00f3n \u00edntima<\/strong> que puede reconstruir tu autoconfianza desde dentro. Comienza hoy mismo y observa c\u00f3mo, junto con las flores de la temporada, tu seguridad personal tambi\u00e9n florece d\u00eda tras d\u00eda.<\/p>\n","protected":false},"excerpt":{"rendered":"<p>La primavera marca el momento perfecto para renovar nuestra relaci\u00f3n con el espejo. Mientras la naturaleza se regenera, tambi\u00e9n podemos transformar nuestra autoconfianza usando una t\u00e9cnica simple pero poderosa. \u00bfAlguna vez has notado c\u00f3mo evitas tu reflejo o te centras solo en tus imperfecciones? Descubre c\u00f3mo convertir ese espejo en tu mejor aliado para florecer &#8230; <a title=\"T\u00e9cnica del espejo: mi transformaci\u00f3n de 5 minutos que cambi\u00f3 mi relaci\u00f3n con el reflejo (esto podr\u00eda cambiar tu primavera)\" class=\"read-more\" href=\"https:\/\/www.journee-mondiale.com\/es\/tecnica-del-espejo-mi-transformacion-de-5-minutos-que-cambio-mi-relacion-con-el-reflejo-esto-podria-cambiar-tu-primavera\/\" aria-label=\"Leer m\u00e1s sobre T\u00e9cnica del espejo: mi transformaci\u00f3n de 5 minutos que cambi\u00f3 mi relaci\u00f3n con el reflejo (esto podr\u00eda cambiar tu primavera)\">Lire plus<\/a><\/p>\n","protected":false},"author":1,"featured_media":12194,"comment_status":"","ping_status":"","sticky":false,"template":"","format":"standard","meta":{"footnotes":""},"categories":[48],"tags":[],"class_list":["post-12195","post","type-post","status-publish","format-standard","has-post-thumbnail","hentry","category-estilo-de-vida"],"acf":[],"_yoast_wpseo_primary_category":null,"_yoast_wpseo_title":null,"_yoast_wpseo_metadesc":null,"_links":{"self":[{"href":"https:\/\/www.journee-mondiale.com\/es\/wp-json\/wp\/v2\/posts\/12195","targetHints":{"allow":["GET"]}}],"collection":[{"href":"https:\/\/www.journee-mondiale.com\/es\/wp-json\/wp\/v2\/posts"}],"about":[{"href":"https:\/\/www.journee-mondiale.com\/es\/wp-json\/wp\/v2\/types\/post"}],"author":[{"embeddable":true,"href":"https:\/\/www.journee-mondiale.com\/es\/wp-json\/wp\/v2\/users\/1"}],"replies":[{"embeddable":true,"href":"https:\/\/www.journee-mondiale.com\/es\/wp-json\/wp\/v2\/comments?post=12195"}],"version-history":[{"count":0,"href":"https:\/\/www.journee-mondiale.com\/es\/wp-json\/wp\/v2\/posts\/12195\/revisions"}],"wp:featuredmedia":[{"embeddable":true,"href":"https:\/\/www.journee-mondiale.com\/es\/wp-json\/wp\/v2\/media\/12194"}],"wp:attachment":[{"href":"https:\/\/www.journee-mondiale.com\/es\/wp-json\/wp\/v2\/media?parent=12195"}],"wp:term":[{"taxonomy":"category","embeddable":true,"href":"https:\/\/www.journee-mondiale.com\/es\/wp-json\/wp\/v2\/categories?post=12195"},{"taxonomy":"post_tag","embeddable":true,"href":"https:\/\/www.journee-mondiale.com\/es\/wp-json\/wp\/v2\/tags?post=12195"}],"curies":[{"name":"wp","href":"https:\/\/api.w.org\/{rel}","templated":true}]}}