{"id":60360,"date":"2026-08-29T08:15:26","date_gmt":"2026-08-29T12:15:26","guid":{"rendered":"https:\/\/www.journee-mondiale.com\/en\/overlooked-on-slovenias-coast-this-walled-town-keeps-a-distinctly-venetian-feel\/"},"modified":"2026-08-29T08:15:26","modified_gmt":"2026-08-29T12:15:26","slug":"overlooked-on-slovenias-coast-this-walled-town-keeps-a-distinctly-venetian-feel","status":"publish","type":"post","link":"https:\/\/www.journee-mondiale.com\/en\/overlooked-on-slovenias-coast-this-walled-town-keeps-a-distinctly-venetian-feel\/","title":{"rendered":"Overlooked on Slovenia\u2019s coast, this walled town keeps a distinctly Venetian feel"},"content":{"rendered":"<p style=\"font-size:17px;line-height:1.8;margin:0 0 18px;\"><strong>Piran<\/strong> sits at the tip of Slovenia\u2019s short Adriatic coast, and its old town feels more Venetian than many travelers expect. That\u2019s because it belonged to the Republic of Venice from <strong>1283 to 1797<\/strong>, leaving behind Gothic facades, red roofs, tight lanes, and a bell tower that keeps pulling your eyes uphill.<\/p>\n<p style=\"font-size:17px;line-height:1.8;margin:0 0 18px;\">You can reach it in about <strong>1 hour 45 minutes from Ljubljana<\/strong> by car, yet it doesn\u2019t feel like a quick stop. The sea appears at the end of alleyways, shutters catch the afternoon light, and the town\u2019s compact scale makes wandering more rewarding than planning.<\/p>\n<h2>Venice\u2019s long shadow is the point<\/h2>\n<p style=\"font-size:17px;line-height:1.8;margin:0 0 18px;\">Piran is overlooked partly because Slovenia\u2019s coast is so short. But that small stretch holds a town shaped by Venetian rule for more than five centuries, so the Italian influence is not a restaurant-theme version of history. It\u2019s built into the streets themselves.<\/p>\n<p style=\"font-size:17px;line-height:1.8;margin:0 0 18px;\">The old town is largely pedestrian, which changes the pace immediately. You\u2019ll walk past pastel walls and tiled roofs instead of circling for parking, and the sound of rolling luggage often replaces traffic. Lively, but never sprawling.<\/p>\n<p style=\"font-size:17px;line-height:1.8;margin:0 0 18px;\">Slovene and Italian both have official status here, reinforcing the town\u2019s Adriatic character. And Piran\u2019s Italian name, Pirano, still fits the atmosphere. This is Slovenia, certainly, but it looks toward the water and across the border at Trieste.<\/p>\n<h2>The square once held the harbor<\/h2>\n<p style=\"font-size:17px;line-height:1.8;margin:0 0 18px;\">At the center, <strong>Tartini Square<\/strong> was once a harbor basin before it was filled in to create today\u2019s open esplanade. That history explains its unusual shape. You stand in a civic square, but the curve of the waterfront still feels close.<\/p>\n<p style=\"font-size:17px;line-height:1.8;margin:0 0 18px;\">From there, take the uphill streets toward Saint George\u2019s Church and its campanile. The climb earns its place in the day because the rooftops, Gulf of Piran, and Adriatic come into view together. But wear sensible shoes, as the lanes are steep and polished smooth in spots.<\/p>\n<p style=\"font-size:17px;line-height:1.8;margin:0 0 18px;\">The town walls give you the broadest view over the peninsula. You can see why Piran\u2019s position mattered: water presses in on both sides, while the old core gathers tightly below. It\u2019s defensive geography turned into an afternoon walk.<\/p>\n<h2>Can you swim in Piran?<\/h2>\n<p style=\"font-size:17px;line-height:1.8;margin:0 0 18px;\">Yes, but <strong>Piran is a rock-and-steps swimming town<\/strong>, not a soft-sand beach escape. You can enter the water from rocky edges and small developed areas near the harbor promenade. On a hot day, that quick plunge is enough, especially after climbing back down from the church.<\/p>\n<p style=\"font-size:17px;line-height:1.8;margin:0 0 18px;\">But if you want a resort beach, pools, spas, or casino hotels, stay in Portoro\u017e instead. It gives you a more conventional coastal break. Piran is better for atmosphere, sea views, and dinner after sunset.<\/p>\n<p style=\"font-size:17px;line-height:1.8;margin:0 0 18px;\">Walk out toward Punta and Saint Clement Lighthouse late in the day. The edge of the peninsula has little theatricality beyond wind, stone, and water, which is exactly why it works. You don\u2019t need an elaborate plan there.<\/p>\n<p style=\"font-size:17px;line-height:1.8;margin:0 0 18px;\">You just need to arrive before the light goes flat.<\/p>\n<h2>Stay overnight if you want the town back<\/h2>\n<p style=\"font-size:17px;line-height:1.8;margin:0 0 18px;\">A day trip works, though <strong>one or two nights<\/strong> makes much more sense. You\u2019ll see the old town before the day visitors arrive, then again when harbor tables fill and the narrow streets quiet down. That second version is the one worth staying for.<\/p>\n<p style=\"font-size:17px;line-height:1.8;margin:0 0 18px;\">Sleep inside the old town if mood matters most. Everything is walkable, so you can leave your car outside and forget it. But July and August bring limited availability on the peninsula and higher prices, so reserve early if those dates are unavoidable.<\/p>\n<p style=\"font-size:17px;line-height:1.8;margin:0 0 18px;\">Driving into the old town is a bad idea because it is largely car-free. Use the peripheral parking around Forna\u010de or Arze, then walk or take the shuttle. It\u2019s one small inconvenience that protects the part of Piran you came to see.<\/p>\n<h2>Go when the heat and crowds ease<\/h2>\n<p style=\"font-size:17px;line-height:1.8;margin:0 0 18px;\"><strong>May through June<\/strong> and September through October are the smart windows. The weather remains pleasant, while the streets have more breathing room than in high summer. And you\u2019ll have a better chance of lingering over seafood instead of treating the town like a checklist.<\/p>\n<p style=\"font-size:17px;line-height:1.8;margin:0 0 18px;\">If you have extra time, the Se\u010dovlje salt pans lie about <strong>3.1 miles south<\/strong>. Their traditional salt-making history connects directly to Piran\u2019s past, offering a quieter counterpoint to the tight old streets and busy waterfront.<\/p>\n<p style=\"font-size:17px;line-height:1.8;margin:0 0 18px;\">Piran also has an odd transport footnote: the Balkans\u2019 first trolleybus line entered service here on <strong>October 24, 1909<\/strong>. Today, the more memorable arrival is on foot, when the alleys narrow, the salt air rises, and the Adriatic appears again at the end of the street.<\/p>\n<p><!-- jm-schema --><br \/>\n<script type=\"application\/ld+json\">{\"@context\":\"https:\/\/schema.org\",\"@type\":\"TouristAttraction\",\"name\":\"Piran\",\"description\":\"Piran a appartenu \u00e0 la R\u00e9publique de Venise de 1283 \u00e0 1797, une empreinte qui explique son architecture m\u00e9di\u00e9vale v\u00e9nitienne.\",\"geo\":{\"@type\":\"GeoCoordinates\",\"latitude\":45.528492,\"longitude\":13.568449},\"address\":{\"@type\":\"PostalAddress\",\"addressRegion\":\"Slovenia\"},\"sameAs\":\"https:\/\/www.wikidata.org\/wiki\/Q1382\",\"additionalProperty\":[{\"@type\":\"PropertyValue\",\"name\":\"Statut patrimonial\",\"value\":\"monument d'importance locale\"}]}<\/script><\/p>\n","protected":false},"excerpt":{"rendered":"<p>Entre remparts et ruelles d\u2019inspiration v\u00e9nitienne, cette ville c\u00f4ti\u00e8re slov\u00e8ne d\u00e9voile un charme maritime, une histoire singuli\u00e8re et de superbes panoramas.<\/p>\n","protected":false},"author":1,"featured_media":60359,"comment_status":"","ping_status":"","sticky":false,"template":"","format":"standard","meta":{"footnotes":""},"categories":[12],"tags":[],"class_list":["post-60360","post","type-post","status-publish","format-standard","has-post-thumbnail","hentry","category-travel"],"acf":[],"_yoast_wpseo_primary_category":null,"_yoast_wpseo_title":"Overlooked on Slovenia\u2019s coast, this walled town keeps a distinctly Venetian feel","_yoast_wpseo_metadesc":"Entre remparts et ruelles d\u2019inspiration v\u00e9nitienne, cette ville c\u00f4ti\u00e8re slov\u00e8ne d\u00e9voile un charme maritime, une histoire singuli\u00e8re et de superbes panorama","_links":{"self":[{"href":"https:\/\/www.journee-mondiale.com\/en\/wp-json\/wp\/v2\/posts\/60360","targetHints":{"allow":["GET"]}}],"collection":[{"href":"https:\/\/www.journee-mondiale.com\/en\/wp-json\/wp\/v2\/posts"}],"about":[{"href":"https:\/\/www.journee-mondiale.com\/en\/wp-json\/wp\/v2\/types\/post"}],"author":[{"embeddable":true,"href":"https:\/\/www.journee-mondiale.com\/en\/wp-json\/wp\/v2\/users\/1"}],"replies":[{"embeddable":true,"href":"https:\/\/www.journee-mondiale.com\/en\/wp-json\/wp\/v2\/comments?post=60360"}],"version-history":[{"count":0,"href":"https:\/\/www.journee-mondiale.com\/en\/wp-json\/wp\/v2\/posts\/60360\/revisions"}],"wp:featuredmedia":[{"embeddable":true,"href":"https:\/\/www.journee-mondiale.com\/en\/wp-json\/wp\/v2\/media\/60359"}],"wp:attachment":[{"href":"https:\/\/www.journee-mondiale.com\/en\/wp-json\/wp\/v2\/media?parent=60360"}],"wp:term":[{"taxonomy":"category","embeddable":true,"href":"https:\/\/www.journee-mondiale.com\/en\/wp-json\/wp\/v2\/categories?post=60360"},{"taxonomy":"post_tag","embeddable":true,"href":"https:\/\/www.journee-mondiale.com\/en\/wp-json\/wp\/v2\/tags?post=60360"}],"curies":[{"name":"wp","href":"https:\/\/api.w.org\/{rel}","templated":true}]}}