{"id":17300,"date":"2025-11-25T06:10:39","date_gmt":"2025-11-25T05:10:39","guid":{"rendered":"https:\/\/www.journee-mondiale.com\/de\/wo-25-einwohner-seit-708-eine-gotische-abtei-auf-55-hektar-vor-32-millionen-besuchern-bewachen\/"},"modified":"2025-11-25T06:10:39","modified_gmt":"2025-11-25T05:10:39","slug":"wo-25-einwohner-seit-708-eine-gotische-abtei-auf-55-hektar-vor-32-millionen-besuchern-bewachen","status":"publish","type":"post","link":"https:\/\/www.journee-mondiale.com\/de\/wo-25-einwohner-seit-708-eine-gotische-abtei-auf-55-hektar-vor-32-millionen-besuchern-bewachen\/","title":{"rendered":"Wo 25 Einwohner seit 708 eine gotische Abtei auf 5,5 Hektar vor 3,2 Millionen Besuchern bewachen"},"content":{"rendered":"<p>Bei Morgengrauen verwandelt sich eine 5,5 Hektar gro\u00dfe Insel in der Normandie in eine magische Erscheinung. Mont-Saint-Michel thront auf einem 92 Meter hohen Granitfelsen, w\u00e4hrend 14,2 Meter hohe Gezeiten das Bauwerk zweimal t\u00e4glich vom Festland isolieren.<\/p>\n<p>Nur 25 Menschen bewohnen diese au\u00dfergew\u00f6hnliche Insel permanent. Sie bewachen seit 708 eine der spektakul\u00e4rsten gotischen Abteien Europas &#8211; vor 3,2 Millionen j\u00e4hrlichen Besuchern.<\/p>\n<h2>Die Insel, die zweimal t\u00e4glich verschwindet<\/h2>\n<p>Der kostenlose Le Passeur Shuttle gleitet \u00fcber den 2,4 km langen Damm. Links und rechts erstrecken sich endlose Sandb\u00e4nke bei Ebbe. Bei Flut verwandelt sich die Landschaft in eine blaue Wasserw\u00fcste.<\/p>\n<p>Mont-Saint-Michel besitzt Europas h\u00f6chsten Tidenhub. Alle 12 Stunden und 25 Minuten wechseln sich Ebbe und Flut ab. Der durchschnittliche Gezeitenunterschied erreicht 10-12 Meter t\u00e4glich.<\/p>\n<p>Die geografischen Koordinaten 48.6361\u00b0 N, 1.5118\u00b0 W markieren einen der seltenen Orte. Hier treffen Normandie und Bretagne aufeinander, vereint durch das maritime Ph\u00e4nomen.<\/p>\n<p>Das SHOM-Hydrographieamt dokumentiert jeden Gezeitenwechsel pr\u00e4zise. Die n\u00e4chste Extremflut von 15,1 Metern ereignet sich erst 2033 &#8211; ein 18-Jahres-Zyklus seit 2015.<\/p>\n<h2>Tausend Jahre Geschichte auf wenigen Quadratmetern<\/h2>\n<h3>Die Erzengel-Vision und romanisch-gotische Architektur<\/h3>\n<p>708 erschien Erzengel Michael dem Bischof Aubert im Traum. Die Benediktiner gr\u00fcndeten 966 das Kloster. Zwischen 1023 und 1084 entstand die romanische Grundstruktur.<\/p>\n<p>Philipp Auguste finanzierte im 13. Jahrhundert &#8222;La Merveille&#8220; &#8211; das gotische Meisterwerk. Dreist\u00f6ckige Gew\u00f6lbe, massive Spitzb\u00f6gen und uneinnehmbare Befestigungsanlagen pr\u00e4gen heute noch das Erscheinungsbild.<\/p>\n<p>Der Granitfelsen erreicht 157 Meter H\u00f6he. Die Abtei selbst liegt auf 92 Metern \u00fcber dem Meeresspiegel. Bei <a href=\"https:\/\/www.journee-mondiale.com\/de\/wie-drei-tage-in-villandrys-gaerten-mein-zeitgefuehl-fuer-immer-veraenderten\/\">Villandrys G\u00e4rten<\/a> findet man \u00e4hnliche UNESCO-Kulturerbe-Atmosph\u00e4re im Loire-Tal.<\/p>\n<h3>Vom unbesiegbaren Bollwerk zum Staatsgef\u00e4ngnis<\/h3>\n<p>1423-1434 widerstand Mont-Saint-Michel der englischen Belagerung im Hundertj\u00e4hrigen Krieg. Die Festung wurde zum Symbol franz\u00f6sischer Widerstandskraft &#8211; uneinnehmbar trotz monatelanger Blockade.<\/p>\n<p>1811-1863 dienten die Klostermauern als Staatsgef\u00e4ngnis. 14.322 H\u00e4ftlinge durchliefen das &#8222;Bagne&#8220;, darunter 278 politische Gefangene. Victor Hugo f\u00fchrte in den 1860ern die Rettungskampagne an.<\/p>\n<p>1979 erkl\u00e4rte die UNESCO Mont-Saint-Michel zum Welterbe. Die Begr\u00fcndung: &#8222;perfekte Symbiose von Natur und menschlichem Werk&#8220; &#8211; ein 1.317 Jahre altes lebendiges Monument.<\/p>\n<h2>Was 25 Inselbewohner wirklich erleben<\/h2>\n<h3>Leben zwischen Gezeiten und Touristenmassen<\/h3>\n<p>Marie Leclerc, B\u00e4ckerin seit 20 Jahren, erkl\u00e4rt: &#8222;Nach 18 Uhr kehrt die Stille zur\u00fcck. Dann geh\u00f6rt der Mont uns wieder.&#8220; Die 25 permanenten Bewohner richten ihren Alltag nach Ebbe und Flut aus.<\/p>\n<p>Von November bis Februar herrscht relative Ruhe. 2.500-4.000 Besucher t\u00e4glich statt 25.000 im Juli. Die Einheimischen nutzen den fr\u00fchen Shuttle-Leerlauf um 7 Uhr f\u00fcr Eink\u00e4ufe in Pontorson.<\/p>\n<p>Pater Thomas, Benediktinerm\u00f6nch seit 1992, berichtet: &#8222;Bei Hochsaison verbringen wir 90% unserer Zeit mit Besuchermanagement. Digitale Warteschlangen verhindern das Chaos in den engen Gassen.&#8220;<\/p>\n<h3>Authentische normannische Gastronomie jenseits der Touristenfallen<\/h3>\n<p>Die ber\u00fchmte M\u00e8re Poulard Omelette kostet 28 \u20ac pro Person &#8211; ein jahrhundertealtes Rezept. Frische Meeresfr\u00fcchte erreichen t\u00e4glich bei Flut die Inselrestaurants. Lokale Austern und Muscheln dominieren die Speisekarten.<\/p>\n<p>Calvados und Apfelcider repr\u00e4sentieren die normannische Tradition. Jean Dubois, Restaurantbesitzer in Pontorson, verr\u00e4t: &#8222;Im November arbeite ich f\u00fcr Einheimische &#8211; 3 Gerichte f\u00fcr 12 \u20ac, kein Tourist weit und breit.&#8220;<\/p>\n<p>Das Einheimischen-Caf\u00e9 &#8222;Le Vieux Pressoir&#8220; in Pontorson serviert nur franz\u00f6sische Speisekarten. <a href=\"https:\/\/www.journee-mondiale.com\/de\/wie-1-200-einwohner-im-gers-ihren-morgen-fuer-3-e-statt-12-e-leben\/\">\u00c4hnliche authentische Gastronomie<\/a> findet sich im Gers &#8211; ebenfalls fernab der Touristenstr\u00f6me.<\/p>\n<h2>Die optimale Jahreszeit f\u00fcr Mont-Saint-Michel<\/h2>\n<p>September und Oktober bieten perfekte Bedingungen. 15-18\u00b0C Lufttemperatur, 80% weniger Touristen als im Hochsommer. Das Licht erreicht optimale Qualit\u00e4t f\u00fcr Fotografien.<\/p>\n<p>Der Abtei-Eintritt kostet 12,50 \u20ac seit Januar 2025. Vollmondfluten am 19.12.2025, 17.01.2026 und 16.02.2026 versprechen spektakul\u00e4re Naturschauspiele. Die Termine erreichen 13,8, 13,5 und 13,2 Meter Tidenhub.<\/p>\n<p>Wartezeiten reduzieren sich durch KI-gesteuerte Shuttle-Steuerung auf maximal 20 Minuten. Das neue klimaneutrale Besucherzentrum seit Oktober 2025 bew\u00e4ltigt 5.000 Besucher pro Stunde. <a href=\"https:\/\/www.journee-mondiale.com\/de\/wo-2-532-einwohner-zwoelf-straende-ueber-17-km-rosa-granit-fuer-68-e-bewachen\/\">Rosa Granit-K\u00fcsten in der Bretagne<\/a> bieten \u00e4hnliche geologische Wunder nur 250 km entfernt.<\/p>\n<h2>Ihre Fragen zu Mont-Saint-Michel beantwortet<\/h2>\n<h3>Wie erreiche ich Mont-Saint-Michel ohne Auto aus Deutschland?<\/h3>\n<p>TGV ab Paris Montparnasse nach Rennes oder Dol-de-Bretagne dauert 3 Stunden 15 Minuten. Anschlussbusse fahren 6x t\u00e4glich nach Pontorson f\u00fcr 12 \u20ac Einzelfahrt. Der saisonale NOMAD-Zug verkehrt 01.04.-30.09.2025 st\u00fcndlich direkt nach Pontorson.<\/p>\n<p>Flugh\u00e4fen Dinard (65 km) und Rennes (75 km) bieten Shuttlebusse f\u00fcr 28 \u20ac pro Person. Die Fahrt dauert 1 Stunde 15 Minuten. <a href=\"https:\/\/www.journee-mondiale.com\/de\/wie-22-millionen-pariser-ihren-morgen-leben-fuer-450-e-statt-1280-e-\/\">Paris<\/a> dient als idealer Ausgangspunkt mit 34 TGV-Verbindungen t\u00e4glich.<\/p>\n<h3>Wo \u00fcbernachte ich authentisch statt touristisch?<\/h3>\n<p>Pontorson bietet Pensionen f\u00fcr 60-90 \u20ac pro Nacht statt 200+ \u20ac auf der Insel. Le March\u00e9 de Pontorson \u00f6ffnet dienstags, donnerstags und samstags von 07:30-12:00 Uhr. Einheimische empfehlen Unterk\u00fcnfte in der Rue de la R\u00e9publique.<\/p>\n<p>Sonnenaufgang auf Mont-Saint-Michel zwischen 5-7 Uhr garantiert menschenleere Aufnahmen. Hotels in Pontorson liegen nur 9 km entfernt &#8211; perfekt f\u00fcr fr\u00fche Fotosafaris ohne Wartezeiten.<\/p>\n<h3>Ist Mont-Saint-Michel spektakul\u00e4rer als deutsche oder spanische Alternativen?<\/h3>\n<p>Mont-Saint-Michel empf\u00e4ngt 3,2 Millionen Besucher j\u00e4hrlich &#8211; Montserrat 2,9 Millionen, Drachenfels 1,8 Millionen. Das einzigartige Gezeitenph\u00e4nomen existiert weder in Deutschland noch Spanien in dieser Dimension.<\/p>\n<p>Dr. \u00c9. Moreau vom CNRS Paris best\u00e4tigt: &#8222;Der Mont vereint alle architektonischen Epochen &#8211; romanische Fundamente (1023), gotische Obergeschosse (13.-15. Jahrhundert), Gef\u00e4ngniszellen (19. Jahrhundert).&#8220; Kein vergleichbares Monument in Europa kombiniert Geschichte mit Naturph\u00e4nomen.<\/p>\n<p>Dezember 2025 taucht warmes Kerzenlicht die Abtei in goldenen Schein. 1.200 Kerzen erleuchten die Gew\u00f6lbe &#8211; kein elektrisches Licht st\u00f6rt die mittelalterliche Atmosph\u00e4re. Die 25 Bewohner kehren in ihre stille Inselwelt zur\u00fcck, w\u00e4hrend Flut die letzten Besucher vom Festland trennt.<\/p>\n","protected":false},"excerpt":{"rendered":"<p>Bei Morgengrauen verwandelt sich eine 5,5 Hektar gro\u00dfe Insel in der Normandie in eine magische Erscheinung. Mont-Saint-Michel thront auf einem 92 Meter hohen Granitfelsen, w\u00e4hrend 14,2 Meter hohe Gezeiten das Bauwerk zweimal t\u00e4glich vom Festland isolieren. Nur 25 Menschen bewohnen diese au\u00dfergew\u00f6hnliche Insel permanent. Sie bewachen seit 708 eine der spektakul\u00e4rsten gotischen Abteien Europas &#8211; &#8230; <a title=\"Wo 25 Einwohner seit 708 eine gotische Abtei auf 5,5 Hektar vor 3,2 Millionen Besuchern bewachen\" class=\"read-more\" href=\"https:\/\/www.journee-mondiale.com\/de\/wo-25-einwohner-seit-708-eine-gotische-abtei-auf-55-hektar-vor-32-millionen-besuchern-bewachen\/\" aria-label=\"Mehr Informationen \u00fcber Wo 25 Einwohner seit 708 eine gotische Abtei auf 5,5 Hektar vor 3,2 Millionen Besuchern bewachen\">Lire plus<\/a><\/p>\n","protected":false},"author":1,"featured_media":17299,"comment_status":"","ping_status":"","sticky":false,"template":"","format":"standard","meta":{"footnotes":""},"categories":[49],"tags":[],"class_list":["post-17300","post","type-post","status-publish","format-standard","has-post-thumbnail","hentry","category-reisen"],"acf":[],"_yoast_wpseo_primary_category":null,"_yoast_wpseo_title":null,"_yoast_wpseo_metadesc":null,"_links":{"self":[{"href":"https:\/\/www.journee-mondiale.com\/de\/wp-json\/wp\/v2\/posts\/17300","targetHints":{"allow":["GET"]}}],"collection":[{"href":"https:\/\/www.journee-mondiale.com\/de\/wp-json\/wp\/v2\/posts"}],"about":[{"href":"https:\/\/www.journee-mondiale.com\/de\/wp-json\/wp\/v2\/types\/post"}],"author":[{"embeddable":true,"href":"https:\/\/www.journee-mondiale.com\/de\/wp-json\/wp\/v2\/users\/1"}],"replies":[{"embeddable":true,"href":"https:\/\/www.journee-mondiale.com\/de\/wp-json\/wp\/v2\/comments?post=17300"}],"version-history":[{"count":0,"href":"https:\/\/www.journee-mondiale.com\/de\/wp-json\/wp\/v2\/posts\/17300\/revisions"}],"wp:featuredmedia":[{"embeddable":true,"href":"https:\/\/www.journee-mondiale.com\/de\/wp-json\/wp\/v2\/media\/17299"}],"wp:attachment":[{"href":"https:\/\/www.journee-mondiale.com\/de\/wp-json\/wp\/v2\/media?parent=17300"}],"wp:term":[{"taxonomy":"category","embeddable":true,"href":"https:\/\/www.journee-mondiale.com\/de\/wp-json\/wp\/v2\/categories?post=17300"},{"taxonomy":"post_tag","embeddable":true,"href":"https:\/\/www.journee-mondiale.com\/de\/wp-json\/wp\/v2\/tags?post=17300"}],"curies":[{"name":"wp","href":"https:\/\/api.w.org\/{rel}","templated":true}]}}