{"id":17293,"date":"2025-11-22T06:10:02","date_gmt":"2025-11-22T05:10:02","guid":{"rendered":"https:\/\/www.journee-mondiale.com\/de\/wie-drei-tage-in-villandrys-gaerten-mein-zeitgefuehl-fuer-immer-veraenderten\/"},"modified":"2025-11-22T06:10:02","modified_gmt":"2025-11-22T05:10:02","slug":"wie-drei-tage-in-villandrys-gaerten-mein-zeitgefuehl-fuer-immer-veraenderten","status":"publish","type":"post","link":"https:\/\/www.journee-mondiale.com\/de\/wie-drei-tage-in-villandrys-gaerten-mein-zeitgefuehl-fuer-immer-veraenderten\/","title":{"rendered":"Wie drei Tage in Villandrys G\u00e4rten mein Zeitgef\u00fchl f\u00fcr immer ver\u00e4nderten"},"content":{"rendered":"<p>Morgend\u00e4mmerung \u00fcber Villandrys Wassergarten. Die Oberfl\u00e4che des 7.000 m\u00b2 gro\u00dfen Bassins spiegelt perfekt die geometrischen Hecken wider. Ein G\u00e4rtner in Wollpullover schneidet methodisch Buchsbaum-\u00c4ste. &#8222;Renaissance-G\u00e4rten sind lebendige Uhren&#8220;, erkl\u00e4rt er leise.<\/p>\n<p>72 Stunden sp\u00e4ter verstand ich: Zeit ist keine digitale Anzeige, sondern ein Gartenkalender. Villandry lehrte mich, dass wahre Entschleunigung nicht bedeutet, langsamer zu gehen. Sondern anders zu atmen.<\/p>\n<h2>Die Ankunft: Wenn goldener Sandstein zur Meditation wird<\/h2>\n<p>16 km westlich von Tours erhebt sich Jean Le Bretons Renaissance-Vision aus dem Jahr 1536. Schloss Villandry thront 50 Meter \u00fcber der Loire-M\u00fcndung. Goldener Tuffstein reflektiert das Novemberlicht ged\u00e4mpft.<\/p>\n<p>Der TGV von Paris dauert 1 Stunde 22 Minuten f\u00fcr 32,50 \u20ac. Bus 32 ab Tours bringt Sie f\u00fcr 1,80 \u20ac direkt ins Dorf mit 1.138 Einwohnern. November bedeutet: 550 Besucher t\u00e4glich statt 2.800 im Juli.<\/p>\n<p>Marie Laurent, Inhaberin des *Le Jardin Secret*, empf\u00e4ngt mich mit dampfender *soupe de potimarron* f\u00fcr 14,50 \u20ac. &#8222;Im November geh\u00f6ren die G\u00e4rten uns Einheimischen&#8220;, l\u00e4chelt sie. <a href=\"https:\/\/www.journee-mondiale.com\/de\/dieses-748-einwohner-dorf-auf-650-m-bewacht-seit-1961-elf-sonnenuhren-fuer-98-e-statt-420-e\/\">\u00c4hnlich authentisch wie dieses 748-Einwohner-Dorf<\/a>, das seine Kunstsch\u00e4tze bewacht.<\/p>\n<h2>Das Geheimnis der vier G\u00e4rten: Was Renaissance-Philosophen \u00fcber Geduld wussten<\/h2>\n<h3>Die Geometrie als lebende Meditation<\/h3>\n<p>Vier thematische G\u00e4rten folgen dem Vitruvius-Prinzip. Der *Potager D\u00e9coratif* zeigt 9 symmetrische Quadrate mit 40 Gem\u00fcsesorten. Im November dominieren **Pastinaken** (*Pastinaca sativa*) und **Rote Bete** (*Beta vulgaris*). Frostbraune Bl\u00e4tter bilden geometrische Muster wie ein altes Teppichmuster.<\/p>\n<p>Thomas Moreau, Chef-G\u00e4rtner seit 27 Jahren, erkl\u00e4rt den *Calendrier Rustique*: &#8222;Jede Pflanze tickt nach historischen Rhythmen. Winter-Salate pflanzen wir zwischen **Buchsbaum-Topiaires** (*Buxus sempervirens*), die wir bei Frost mit Hanfsegeln sch\u00fctzen.&#8220; Die 1,80 Meter hohen Hecken wirken wie knorrige Adern im D\u00e4mmerlicht.<\/p>\n<h3>Der mittelalterliche Kern und Renaissance-Tr\u00e4ume<\/h3>\n<p>1189 wurde hier der Friede von Colombier zwischen Heinrich II. und Philipp August unterzeichnet. Jean Le Breton, Finanzminister Fran\u00e7ois&#8216; I., kaufte 1532 die Festung. Seine Vision: &#8222;Eine Botschaft der Ordnung in chaotischen Zeiten.&#8220;<\/p>\n<p>Der *Jardin des Simples* versammelt **32 Heilpflanzen** wie *M\u00e9lisse officinale* (Zitronenmelisse). November-Ger\u00fcche: feuchtes Holz, verrottendes Laub, der metallische Duft nahender K\u00e4lte. UNESCO-Welterbe seit 1927 sch\u00fctzt diese lebende Renaissance-Philosophie.<\/p>\n<h2>Was man wirklich macht: Zwischen Hecken die Stunden vergessen<\/h2>\n<h3>Der authentische Tagesrhythmus abseits der Massen<\/h3>\n<p>9:00 Uhr: G\u00e4rten \u00f6ffnen bei 5\u00b0C Au\u00dfentemperatur. Nebel h\u00fcllt das *Jardin d&#8217;Eau* bis 11 Uhr ein. Das *Bassin Louis XV* mit **Schilf** (*Phragmites australis*) pl\u00e4tschert dumpfer als im Sommer. Kr\u00e4henrufe begleiten den Rundgang.<\/p>\n<p>15:30 Uhr empfiehlt Thomas Moreau: &#8222;Das Abendlicht verwandelt geometrische Muster in Schatten-Labyrinthe. Dann sind nur noch Einheimische mit Hunden unterwegs.&#8220; <a href=\"https:\/\/www.journee-mondiale.com\/de\/dieses-458-einwohner-dorf-bewacht-seit-300-jahren-rot-goldene-felswunder-fuer-80-e-statt-200-e\/\">Wie in diesem 458-Einwohner-Dorf<\/a>, das seine Naturwunder vor Massentourismus bewahrt.<\/p>\n<p>Pierre Dubois, Schreiner seit 1965 im Dorf, verr\u00e4t: &#8222;Die &#8218;geheimen Pfade&#8216; im Labyrinth? F\u00fcr uns Abk\u00fcrzungen zum B\u00e4cker.&#8220; Einheimische joggen 6:00-7:30 Uhr durch den *Potager* ohne Touristen.<\/p>\n<h3>Regionale Gastronomie als Zeitzeremonie<\/h3>\n<p>*Le Potager de Villandry* (12 Rue du Ch\u00e2teau) serviert **Filet de sandre aux herbes** f\u00fcr 22,50 \u20ac. *Pois chiches de Touraine* &#8211; eine uralte Sorte &#8211; kombiniert mit Thymian aus dem *Jardin des Simples*. **Sainte-Maure de Touraine**-K\u00e4se f\u00fcr 8,90 \u20ac schmeckt nach Kalkboden und Jahrhunderten.<\/p>\n<p>*La Table du Moulin* bietet **Confit de canard aux ch\u00e2taignes** f\u00fcr 24,00 \u20ac. Das *Erntefest La F\u00eate des Ch\u00e2taignes* am 3. November-Wochenende bleibt Dorfbewohnern vorbehalten. &#8222;So bewahren wir uns unseren Herbst&#8220;, sagt Pierre Dubois.<\/p>\n<h2>Die Transformation: Als ich aufh\u00f6rte, Zeit zu messen<\/h2>\n<p>Drittes Tag, 16:00 Uhr. **Kupferfarbene Ahornbl\u00e4tter** (*Acer platanoides*) bedecken die Wege. Das Licht verwandelt den Garten in ein &#8222;gealtertes \u00d6lgem\u00e4lde&#8220;, wie Thomas Moreau poetisch beschreibt. Ich verstehe pl\u00f6tzlich: Hier ticken andere Uhren.<\/p>\n<p><a href=\"https:\/\/www.journee-mondiale.com\/de\/wie-22-millionen-pariser-ihren-morgen-leben-fuer-450-e-statt-1280-e\/\">Paris liegt nur 250 km entfernt<\/a> &#8211; eine Stunde TGV-Fahrt. Doch zwischen der Hauptstadt-Hektik und Villandrys *temps du jardin* liegen Welten. Eine \u00dcbernachtung im *H\u00f4tel Renaissance* kostet 112 \u20ac inklusive Fr\u00fchst\u00fcck mit *confiture de coing*.<\/p>\n<p>&#8222;Die Renaissance lebt nicht in Steinen&#8220;, murmelt Thomas beim abendlichen Heckenschnitt. &#8222;Sie atmet in der Pause zwischen zwei Atemz\u00fcgen.&#8220; 28 Solarmodule auf den *serres historiques* speisen seit 2025 die LED-Beleuchtung. Nachhaltigkeit trifft 500-j\u00e4hrige Tradition.<\/p>\n<h2>Ihre Fragen zu Villandry beantwortet<\/h2>\n<h3>Wie erreiche ich Villandry von Deutschland f\u00fcr unter 150 \u20ac?<\/h3>\n<p>Flug Deutschland-Paris: 80-150 \u20ac je nach Buchungszeitpunkt. TGV Paris-Tours: 32,50 \u20ac f\u00fcr Hin- und R\u00fcckfahrt, 1 Stunde 22 Minuten Fahrzeit. Bus ab Tours nach Villandry: 1,80 \u20ac, 25 Minuten. **Gesamtkosten: 115-185 \u20ac** f\u00fcr die komplette Anreise.<\/p>\n<h3>Wann erlebt man Villandry am authentischsten?<\/h3>\n<p>**Mai bis September** f\u00fcr Gartenbl\u00fcte bei 20-27\u00b0C. **November-Geheimtipp:** Nur 550 Besucher t\u00e4glich statt 2.800 im Juli. G\u00e4rten kosten 8,50 \u20ac (Schloss geschlossen 12.-28. November). <a href=\"https:\/\/www.journee-mondiale.com\/de\/wo-2-532-einwohner-zwoelf-straende-ueber-17-km-rosa-granit-fuer-68-e-bewachen\/\">Wie diese authentische Bretagne-Erfahrung<\/a> bietet die Nebensaison intimere Begegnungen.<\/p>\n<h3>Warum Villandry statt Chambord oder Versailles?<\/h3>\n<p>**Villandry:** 320.000 Besucher\/Jahr, 8 Hektar G\u00e4rten, 8,50 \u20ac Eintritt, 2,5 Stunden Verweildauer. **Versailles:** 8,1 Millionen Besucher, 800 Hektar, 20,50 \u20ac, 4,2 Stunden. **Chambord:** 750.000 Besucher, 56 Hektar, 17,00 \u20ac. Villandry ist der **einzige Renaissance-Garten Frankreichs mit originalgetreuer Potager-Geometrie**.<\/p>\n<p>Sonnenuntergang im *Jardin d&#8217;Eau*. Linden spiegeln sich im Bassin, Lavendelduft mischt sich mit feuchter Erde. Ein G\u00e4rtner schneidet letzte Hecken vor der D\u00e4mmerung. Hier ticken die Uhren anders. Seit 1536.<\/p>\n","protected":false},"excerpt":{"rendered":"<p>Morgend\u00e4mmerung \u00fcber Villandrys Wassergarten. Die Oberfl\u00e4che des 7.000 m\u00b2 gro\u00dfen Bassins spiegelt perfekt die geometrischen Hecken wider. Ein G\u00e4rtner in Wollpullover schneidet methodisch Buchsbaum-\u00c4ste. &#8222;Renaissance-G\u00e4rten sind lebendige Uhren&#8220;, erkl\u00e4rt er leise. 72 Stunden sp\u00e4ter verstand ich: Zeit ist keine digitale Anzeige, sondern ein Gartenkalender. Villandry lehrte mich, dass wahre Entschleunigung nicht bedeutet, langsamer zu gehen. &#8230; <a title=\"Wie drei Tage in Villandrys G\u00e4rten mein Zeitgef\u00fchl f\u00fcr immer ver\u00e4nderten\" class=\"read-more\" href=\"https:\/\/www.journee-mondiale.com\/de\/wie-drei-tage-in-villandrys-gaerten-mein-zeitgefuehl-fuer-immer-veraenderten\/\" aria-label=\"Mehr Informationen \u00fcber Wie drei Tage in Villandrys G\u00e4rten mein Zeitgef\u00fchl f\u00fcr immer ver\u00e4nderten\">Lire plus<\/a><\/p>\n","protected":false},"author":1,"featured_media":17292,"comment_status":"","ping_status":"","sticky":false,"template":"","format":"standard","meta":{"footnotes":""},"categories":[49],"tags":[],"class_list":["post-17293","post","type-post","status-publish","format-standard","has-post-thumbnail","hentry","category-reisen"],"acf":[],"_yoast_wpseo_primary_category":null,"_yoast_wpseo_title":null,"_yoast_wpseo_metadesc":null,"_links":{"self":[{"href":"https:\/\/www.journee-mondiale.com\/de\/wp-json\/wp\/v2\/posts\/17293","targetHints":{"allow":["GET"]}}],"collection":[{"href":"https:\/\/www.journee-mondiale.com\/de\/wp-json\/wp\/v2\/posts"}],"about":[{"href":"https:\/\/www.journee-mondiale.com\/de\/wp-json\/wp\/v2\/types\/post"}],"author":[{"embeddable":true,"href":"https:\/\/www.journee-mondiale.com\/de\/wp-json\/wp\/v2\/users\/1"}],"replies":[{"embeddable":true,"href":"https:\/\/www.journee-mondiale.com\/de\/wp-json\/wp\/v2\/comments?post=17293"}],"version-history":[{"count":0,"href":"https:\/\/www.journee-mondiale.com\/de\/wp-json\/wp\/v2\/posts\/17293\/revisions"}],"wp:featuredmedia":[{"embeddable":true,"href":"https:\/\/www.journee-mondiale.com\/de\/wp-json\/wp\/v2\/media\/17292"}],"wp:attachment":[{"href":"https:\/\/www.journee-mondiale.com\/de\/wp-json\/wp\/v2\/media?parent=17293"}],"wp:term":[{"taxonomy":"category","embeddable":true,"href":"https:\/\/www.journee-mondiale.com\/de\/wp-json\/wp\/v2\/categories?post=17293"},{"taxonomy":"post_tag","embeddable":true,"href":"https:\/\/www.journee-mondiale.com\/de\/wp-json\/wp\/v2\/tags?post=17293"}],"curies":[{"name":"wp","href":"https:\/\/api.w.org\/{rel}","templated":true}]}}