{"id":16235,"date":"2025-09-05T11:11:03","date_gmt":"2025-09-05T09:11:03","guid":{"rendered":"https:\/\/www.journee-mondiale.com\/de\/dieses-591-einwohner-nordfriesland-dorf-auf-3-metern-hoehe-trotzt-seit-jahrhunderten-den-nordsee-sturmfluten\/"},"modified":"2025-09-05T11:11:03","modified_gmt":"2025-09-05T09:11:03","slug":"dieses-591-einwohner-nordfriesland-dorf-auf-3-metern-hoehe-trotzt-seit-jahrhunderten-den-nordsee-sturmfluten","status":"publish","type":"post","link":"https:\/\/www.journee-mondiale.com\/de\/dieses-591-einwohner-nordfriesland-dorf-auf-3-metern-hoehe-trotzt-seit-jahrhunderten-den-nordsee-sturmfluten\/","title":{"rendered":"Dieses 591-Einwohner Nordfriesland Dorf auf 3 Metern H\u00f6he trotzt seit Jahrhunderten den Nordsee-Sturmfluten"},"content":{"rendered":"<p>Stellen Sie sich vor, wie der Herbstnebel sanft \u00fcber die Warften von Tetenb\u00fcll gleitet, w\u00e4hrend die ersten Sonnenstrahlen das UNESCO-Wattenmeer in ein goldenes Licht tauchen. Mit nur <strong>591 Einwohnern<\/strong> auf 36,42 km\u00b2 unber\u00fchrter Landschaft bietet dieses nordfriesische Juwel eine sensorische Reise, die an die Ruhe der englischen Cotswolds erinnert \u2013 nur mit dem salzigen Hauch der Nordsee in der Luft.<\/p>\n<h2>Ein Dorf auf Augenh\u00f6he mit dem Meer<\/h2>\n<p>Tetenb\u00fcll, auf einer durchschnittlichen H\u00f6he von gerade einmal <strong>3 Metern \u00fcber dem Meeresspiegel<\/strong> gelegen, ist ein lebendiges Zeugnis menschlicher Anpassungsf\u00e4higkeit. Die charakteristischen Warften, k\u00fcnstlich aufgesch\u00fcttete Erdh\u00fcgel, auf denen H\u00e4user und sogar ganze D\u00f6rfer errichtet wurden, trotzen seit Jahrhunderten den Gezeiten und Sturmfluten. Sp\u00fcren Sie die Geschichte unter Ihren F\u00fc\u00dfen, wenn Sie \u00fcber das erh\u00f6hte Terrain wandern, das einst die Lebensversicherung der Friesen war.<\/p>\n<h2>Architektonische Zeitreise in der St.-Anna-Kirche<\/h2>\n<p>Im Herzen des Dorfes erhebt sich majest\u00e4tisch die St.-Anna-Kirche, deren Urspr\u00fcnge bis ins Jahr 1113 zur\u00fcckreichen. Treten Sie ein und lassen Sie sich von der <strong>reich bemalten Holzdecke und dem Barockinventar<\/strong> in eine andere Zeit entf\u00fchren. Die bibelmotivierte Bildergeschichte auf der Empore erz\u00e4hlt stumm und doch beredt von Glauben und Tradition, die hier seit \u00fcber 900 Jahren lebendig sind.<\/p>\n<h2>Haus Peters &#8211; Ein Museum voller Leben<\/h2>\n<p>Nur einen Steinwurf von der Kirche entfernt l\u00e4dt das <strong>Haus Peters<\/strong>, erbaut um 1765, zu einer Zeitreise in den Alltag vergangener Jahrhunderte ein. Die perfekt erhaltenen historischen Wohn- und Arbeitsr\u00e4ume mit ihrer biedermeierlichen Ausstattung machen Geschichte greifbar. Hier k\u00f6nnen Sie den Duft alter Holzdielen einatmen und sich vorstellen, wie das Leben in einem nordfriesischen Kolonialwarenladen einst aussah.<\/p>\n<h3>Herbstliche Sinnesfreuden im Wattenmeer<\/h3>\n<p>Der Herbst verleiht Tetenb\u00fcll eine ganz besondere Magie. W\u00e4hrend die Touristenstr\u00f6me in den umliegenden Badeorten versiegen, erwacht die Natur zu neuer Pracht. <a href=\"https:\/\/www.journee-mondiale.com\/de\/dieses-230-einwohner-nordseedorf-wird-herbst-instagram-hotspot-durch-870-000-zugvoegel-im-unesco-wattenmeer\/\">Tausende von Zugv\u00f6geln<\/a> rasten im Wattenmeer und bieten ein atemberaubendes Schauspiel. Lauschen Sie dem Rauschen der Bl\u00e4tter im Wind, w\u00e4hrend Sie auf dem Deich wandern, und lassen Sie Ihren Blick \u00fcber die endlosen Weiten schweifen.<\/p>\n<h2>Kulturelle Begegnungen fernab des Massentourismus<\/h2>\n<p>Tetenb\u00fcll ist mehr als nur ein Ort zum Anschauen \u2013 es ist ein Ort zum Erleben. Im Herbst 2025 erwarten Sie im Haus Peters <strong>wechselnde Kunstausstellungen<\/strong>, die lokale und internationale K\u00fcnstler zusammenbringen. Das Theatrium-Caf\u00e9, ein beliebter Treffpunkt f\u00fcr Einheimische und Besucher, bietet die perfekte Gelegenheit, um bei einer Tasse friesischen Tees in die Geschichten der Region einzutauchen.<\/p>\n<h2>Ein Hauch von Cotswolds an der Nordsee<\/h2>\n<p>Wer die malerischen D\u00f6rfer der Cotswolds liebt, wird in Tetenb\u00fcll ein <strong>nordfriesisches Pendant<\/strong> finden. \u00c4hnlich wie die englischen Steinh\u00e4user f\u00fcgen sich hier die reetgedeckten H\u00e4user harmonisch in die Landschaft ein. Doch anders als in den oft \u00fcberlaufenen Cotswolds k\u00f6nnen Sie hier noch echte Ruhe und Authentizit\u00e4t erleben. <a href=\"https:\/\/www.journee-mondiale.com\/de\/weniger-touristisch-als-strassburg-bewahrt-diese-67-257-einwohner-stadt-auf-195-metern-elsass-authentizitaet-mit-entspannter-weinkultur\/\">Weniger touristisch als bekannte Ziele<\/a>, bewahrt Tetenb\u00fcll seine nordfriesische Seele mit Gelassenheit.<\/p>\n<h2>Entdecken Sie die verborgenen Geheimnisse Nordfrieslands<\/h2>\n<p>Tetenb\u00fcll ist der perfekte Ausgangspunkt, um die <a href=\"https:\/\/www.journee-mondiale.com\/de\/was-nordstrands-2-326-einwohner-nur-mit-engen-freunden-ueber-ihren-mystischen-theresiendom-teilen\/\">verborgenen Sch\u00e4tze Nordfrieslands<\/a> zu erkunden. Von hier aus k\u00f6nnen Sie zu Fu\u00df oder mit dem Fahrrad die umliegende Marschlandschaft erkunden, traditionelle Schafsk\u00e4sereien besuchen oder einen Ausflug zum imposanten Leuchtturm Westerhever unternehmen. Jeder Schritt offenbart neue Facetten dieser einzigartigen Kulturlandschaft.<\/p>\n<p>In Tetenb\u00fcll finden Sie keinen Trubel, keine \u00fcberf\u00fcllten Str\u00e4nde, sondern eine <strong>Oase der Ruhe und Authentizit\u00e4t<\/strong>. Hier, wo die Zeit langsamer zu flie\u00dfen scheint, k\u00f6nnen Sie den Rhythmus der Gezeiten sp\u00fcren, die frische Nordseeluft atmen und in eine Welt eintauchen, die noch im Einklang mit der Natur lebt. Entdecken Sie im Herbst 2025 dieses versteckte Juwel und erleben Sie Nordfriesland von seiner urspr\u00fcnglichsten Seite.<\/p>\n","protected":false},"excerpt":{"rendered":"<p>Stellen Sie sich vor, wie der Herbstnebel sanft \u00fcber die Warften von Tetenb\u00fcll gleitet, w\u00e4hrend die ersten Sonnenstrahlen das UNESCO-Wattenmeer in ein goldenes Licht tauchen. Mit nur 591 Einwohnern auf 36,42 km\u00b2 unber\u00fchrter Landschaft bietet dieses nordfriesische Juwel eine sensorische Reise, die an die Ruhe der englischen Cotswolds erinnert \u2013 nur mit dem salzigen Hauch &#8230; <a title=\"Dieses 591-Einwohner Nordfriesland Dorf auf 3 Metern H\u00f6he trotzt seit Jahrhunderten den Nordsee-Sturmfluten\" class=\"read-more\" href=\"https:\/\/www.journee-mondiale.com\/de\/dieses-591-einwohner-nordfriesland-dorf-auf-3-metern-hoehe-trotzt-seit-jahrhunderten-den-nordsee-sturmfluten\/\" aria-label=\"Mehr Informationen \u00fcber Dieses 591-Einwohner Nordfriesland Dorf auf 3 Metern H\u00f6he trotzt seit Jahrhunderten den Nordsee-Sturmfluten\">Lire plus<\/a><\/p>\n","protected":false},"author":1,"featured_media":16234,"comment_status":"","ping_status":"","sticky":false,"template":"","format":"standard","meta":{"footnotes":""},"categories":[49],"tags":[],"class_list":["post-16235","post","type-post","status-publish","format-standard","has-post-thumbnail","hentry","category-reisen"],"acf":[],"_yoast_wpseo_primary_category":null,"_yoast_wpseo_title":null,"_yoast_wpseo_metadesc":null,"_links":{"self":[{"href":"https:\/\/www.journee-mondiale.com\/de\/wp-json\/wp\/v2\/posts\/16235","targetHints":{"allow":["GET"]}}],"collection":[{"href":"https:\/\/www.journee-mondiale.com\/de\/wp-json\/wp\/v2\/posts"}],"about":[{"href":"https:\/\/www.journee-mondiale.com\/de\/wp-json\/wp\/v2\/types\/post"}],"author":[{"embeddable":true,"href":"https:\/\/www.journee-mondiale.com\/de\/wp-json\/wp\/v2\/users\/1"}],"replies":[{"embeddable":true,"href":"https:\/\/www.journee-mondiale.com\/de\/wp-json\/wp\/v2\/comments?post=16235"}],"version-history":[{"count":0,"href":"https:\/\/www.journee-mondiale.com\/de\/wp-json\/wp\/v2\/posts\/16235\/revisions"}],"wp:featuredmedia":[{"embeddable":true,"href":"https:\/\/www.journee-mondiale.com\/de\/wp-json\/wp\/v2\/media\/16234"}],"wp:attachment":[{"href":"https:\/\/www.journee-mondiale.com\/de\/wp-json\/wp\/v2\/media?parent=16235"}],"wp:term":[{"taxonomy":"category","embeddable":true,"href":"https:\/\/www.journee-mondiale.com\/de\/wp-json\/wp\/v2\/categories?post=16235"},{"taxonomy":"post_tag","embeddable":true,"href":"https:\/\/www.journee-mondiale.com\/de\/wp-json\/wp\/v2\/tags?post=16235"}],"curies":[{"name":"wp","href":"https:\/\/api.w.org\/{rel}","templated":true}]}}