{"id":16211,"date":"2025-09-04T10:10:18","date_gmt":"2025-09-04T08:10:18","guid":{"rendered":"https:\/\/www.journee-mondiale.com\/de\/weniger-touristisch-als-der-harz-entwickelt-sich-auf-110-quadratkilometern-nrws-wildester-nationalpark-seit-2004-zum-urwald\/"},"modified":"2025-09-04T10:10:18","modified_gmt":"2025-09-04T08:10:18","slug":"weniger-touristisch-als-der-harz-entwickelt-sich-auf-110-quadratkilometern-nrws-wildester-nationalpark-seit-2004-zum-urwald","status":"publish","type":"post","link":"https:\/\/www.journee-mondiale.com\/de\/weniger-touristisch-als-der-harz-entwickelt-sich-auf-110-quadratkilometern-nrws-wildester-nationalpark-seit-2004-zum-urwald\/","title":{"rendered":"Weniger touristisch als der Harz entwickelt sich auf 110 Quadratkilometern NRWs wildester Nationalpark seit 2004 zum Urwald"},"content":{"rendered":"<p>Weniger touristisch als der Harz, entfaltet sich im <strong>Nationalpark Eifel<\/strong> auf 110 Quadratkilometern Deutschlands j\u00fcngster Urwald &#8211; und das mitten im dicht besiedelten Nordrhein-Westfalen. Seit 2004 entwickelt sich hier ein faszinierendes Naturschutzprojekt, das Wanderer, Naturfotografen und Wildtierbeobachter gleicherma\u00dfen in seinen Bann zieht.<\/p>\n<h2>Ein wilder Herbst im Herzen NRWs<\/h2>\n<p>Im Herbst 2025 pr\u00e4sentiert sich der Nationalpark Eifel von seiner spektakul\u00e4rsten Seite. Die Laubw\u00e4lder tauchen die Landschaft in ein Farbenmeer aus Gold, Rot und Orange. Gleichzeitig bietet die weniger dichte Vegetation einzigartige M\u00f6glichkeiten zur Wildtierbeobachtung. <strong>\u00dcber 1.000 Rothirsche<\/strong> bev\u00f6lkern den Park, und ihre Brunftzeit Anfang Oktober verwandelt die Dreiborner Hochfl\u00e4che in eine nat\u00fcrliche B\u00fchne.<\/p>\n<h2>Wildnis-Erlebnis auf 240 Kilometern Wanderwegen<\/h2>\n<p>Anders als im stark frequentierten <a href=\"https:\/\/www.journee-mondiale.com\/de\/dieser-schwarzwald-karsee-von-966-metern-hoehe-verzaubert-mit-mystischem-morgennebel-nur-im-herbst\/\">Schwarzwald, wo mystische Herbstnebel die Karseen umh\u00fcllen<\/a>, bietet der Nationalpark Eifel eine weniger \u00fcberlaufene Alternative. Auf <strong>240 Kilometern Wanderwegen<\/strong> k\u00f6nnen Besucher die sich selbst \u00fcberlassene Natur hautnah erleben. Der viert\u00e4gige Wildnis-Trail f\u00fchrt durch verschiedene Landschaftstypen und offenbart die Vielfalt des Parks.<\/p>\n<h2>Unerwartete Artenvielfalt im bev\u00f6lkerungsreichsten Bundesland<\/h2>\n<p>Trotz seiner Lage im dicht besiedelten NRW \u00fcberrascht der Nationalpark mit einer beeindruckenden Biodiversit\u00e4t. <strong>11.425 Arten<\/strong> wurden hier gez\u00e4hlt, darunter 2.620 auf der Roten Liste. Besonders erfreulich: Seltene Arten wie der Schwarzstorch und die Bechsteinfledermaus haben sich erfolgreich angesiedelt. Mit etwas Gl\u00fcck k\u00f6nnen Besucher sogar eine der \u00fcber 50 Wildkatzen ersp\u00e4hen, die den Park als Heimat gew\u00e4hlt haben.<\/p>\n<h2>Herbstliche Fotografie-Hotspots entdecken<\/h2>\n<p>F\u00fcr Naturfotografen bietet der Herbst im Nationalpark Eifel goldene Gelegenheiten. Die weitl\u00e4ufige Dreiborner Hochfl\u00e4che, mit ihrer savannen\u00e4hnlichen Landschaft, pr\u00e4sentiert sich im warmen Herbstlicht besonders fotogen. Entlang der renaturierten Flussl\u00e4ufe &#8211; <strong>80 Kilometer wurden naturnah gestaltet<\/strong> &#8211; ergeben sich malerische Motive zwischen Wasser und herbstlichem Wald.<\/p>\n<h2>Nachhaltige Alternative zu \u00fcberlaufenen Zielen<\/h2>\n<p>W\u00e4hrend andere Naturziele unter \u00dcbertourismus leiden, setzt der Nationalpark Eifel auf nachhaltigen Tourismus. Mit <strong>1,4 Millionen Besuchern im Jahr 2024<\/strong> verzeichnet er zwar Rekorde, bleibt aber dank seiner Gr\u00f6\u00dfe und des durchdachten Besuchermanagements eine Oase der Ruhe. \u00c4hnlich wie <a href=\"https:\/\/www.journee-mondiale.com\/de\/weniger-touristisch-als-strassburg-bewahrt-diese-67-257-einwohner-stadt-auf-195-metern-elsass-authentizitaet-mit-entspannter-weinkultur\/\">weniger touristische St\u00e4dte im Elsass ihre Authentizit\u00e4t bewahren<\/a>, beh\u00e4lt der Nationalpark seinen urspr\u00fcnglichen Charakter.<\/p>\n<h2>Herbst-Highlights 2025: Ranger-Programme und Naturerlebnisse<\/h2>\n<p>F\u00fcr den Herbst 2025 plant der Nationalpark ein umfangreiches Programm. Ranger-gef\u00fchrte Touren bieten tiefe Einblicke in die \u00d6kologie des Parks. Besonders spannend sind die Exkursionen zur Hirschbrunft, bei denen das eindrucksvolle R\u00f6hren der Hirsche die W\u00e4lder erf\u00fcllt. Naturbegeisterte sollten sich diese einmalige Gelegenheit nicht entgehen lassen.<\/p>\n<h2>Ein Leuchtturm f\u00fcr Naturschutz und Artenvielfalt<\/h2>\n<p>Der Erfolg des Nationalparks Eifel zeigt sich nicht nur in Besucherzahlen, sondern auch in wissenschaftlichen Erkenntnissen. \u00c4hnlich wie <a href=\"https:\/\/www.journee-mondiale.com\/de\/warum-wissenschaftler-dieses-1-269-einwohner-ostseedorf-als-europas-geheimes-70-000-kraniche-forschungszentrum-bezeichnen\/\">Forscher an der Ostsee Kraniche studieren<\/a>, nutzen Wissenschaftler den Park als lebendiges Labor. Die geplante Erweiterung um <strong>750 Hektar<\/strong> unterstreicht die Bedeutung dieses Projekts f\u00fcr den Naturschutz in Deutschland.<\/p>\n<p>Der Nationalpark Eifel beweist eindrucksvoll, dass sich Wildnis und N\u00e4he zur Zivilisation nicht ausschlie\u00dfen. Er bietet eine einzigartige Gelegenheit, mitten in NRW unber\u00fchrte Natur zu erleben &#8211; ein Herbstabenteuer, das Sie sich nicht entgehen lassen sollten.<\/p>\n","protected":false},"excerpt":{"rendered":"<p>Weniger touristisch als der Harz, entfaltet sich im Nationalpark Eifel auf 110 Quadratkilometern Deutschlands j\u00fcngster Urwald &#8211; und das mitten im dicht besiedelten Nordrhein-Westfalen. Seit 2004 entwickelt sich hier ein faszinierendes Naturschutzprojekt, das Wanderer, Naturfotografen und Wildtierbeobachter gleicherma\u00dfen in seinen Bann zieht. Ein wilder Herbst im Herzen NRWs Im Herbst 2025 pr\u00e4sentiert sich der Nationalpark &#8230; <a title=\"Weniger touristisch als der Harz entwickelt sich auf 110 Quadratkilometern NRWs wildester Nationalpark seit 2004 zum Urwald\" class=\"read-more\" href=\"https:\/\/www.journee-mondiale.com\/de\/weniger-touristisch-als-der-harz-entwickelt-sich-auf-110-quadratkilometern-nrws-wildester-nationalpark-seit-2004-zum-urwald\/\" aria-label=\"Mehr Informationen \u00fcber Weniger touristisch als der Harz entwickelt sich auf 110 Quadratkilometern NRWs wildester Nationalpark seit 2004 zum Urwald\">Lire plus<\/a><\/p>\n","protected":false},"author":1,"featured_media":16210,"comment_status":"","ping_status":"","sticky":false,"template":"","format":"standard","meta":{"footnotes":""},"categories":[49],"tags":[],"class_list":["post-16211","post","type-post","status-publish","format-standard","has-post-thumbnail","hentry","category-reisen"],"acf":[],"_yoast_wpseo_primary_category":null,"_yoast_wpseo_title":null,"_yoast_wpseo_metadesc":null,"_links":{"self":[{"href":"https:\/\/www.journee-mondiale.com\/de\/wp-json\/wp\/v2\/posts\/16211","targetHints":{"allow":["GET"]}}],"collection":[{"href":"https:\/\/www.journee-mondiale.com\/de\/wp-json\/wp\/v2\/posts"}],"about":[{"href":"https:\/\/www.journee-mondiale.com\/de\/wp-json\/wp\/v2\/types\/post"}],"author":[{"embeddable":true,"href":"https:\/\/www.journee-mondiale.com\/de\/wp-json\/wp\/v2\/users\/1"}],"replies":[{"embeddable":true,"href":"https:\/\/www.journee-mondiale.com\/de\/wp-json\/wp\/v2\/comments?post=16211"}],"version-history":[{"count":0,"href":"https:\/\/www.journee-mondiale.com\/de\/wp-json\/wp\/v2\/posts\/16211\/revisions"}],"wp:featuredmedia":[{"embeddable":true,"href":"https:\/\/www.journee-mondiale.com\/de\/wp-json\/wp\/v2\/media\/16210"}],"wp:attachment":[{"href":"https:\/\/www.journee-mondiale.com\/de\/wp-json\/wp\/v2\/media?parent=16211"}],"wp:term":[{"taxonomy":"category","embeddable":true,"href":"https:\/\/www.journee-mondiale.com\/de\/wp-json\/wp\/v2\/categories?post=16211"},{"taxonomy":"post_tag","embeddable":true,"href":"https:\/\/www.journee-mondiale.com\/de\/wp-json\/wp\/v2\/tags?post=16211"}],"curies":[{"name":"wp","href":"https:\/\/api.w.org\/{rel}","templated":true}]}}