{"id":16207,"date":"2025-09-04T07:05:36","date_gmt":"2025-09-04T05:05:36","guid":{"rendered":"https:\/\/www.journee-mondiale.com\/de\/diese-75-400-einwohner-stadt-schrumpft-um-5-000-waehrend-sie-zur-welthauptstadt-moderner-architektur-aufsteigt\/"},"modified":"2025-09-04T07:05:36","modified_gmt":"2025-09-04T05:05:36","slug":"diese-75-400-einwohner-stadt-schrumpft-um-5-000-waehrend-sie-zur-welthauptstadt-moderner-architektur-aufsteigt","status":"publish","type":"post","link":"https:\/\/www.journee-mondiale.com\/de\/diese-75-400-einwohner-stadt-schrumpft-um-5-000-waehrend-sie-zur-welthauptstadt-moderner-architektur-aufsteigt\/","title":{"rendered":"Diese 75.400-Einwohner Stadt schrumpft um 5.000 w\u00e4hrend sie zur Welthauptstadt moderner Architektur aufsteigt"},"content":{"rendered":"<p>In einer \u00fcberraschenden Wendung erlebt <strong>Dessau-Ro\u00dflau<\/strong>, die 75.400-Einwohner-Stadt in Sachsen-Anhalt, einen bemerkenswerten Kontrast: W\u00e4hrend die Bev\u00f6lkerung schrumpft, steigt die Stadt zur <strong>Welthauptstadt der modernen Architektur<\/strong> auf. Am 4. September 2025 startet hier das spektakul\u00e4re Er\u00f6ffnungsfestival zum 100-j\u00e4hrigen Bauhaus-Jubil\u00e4um, das die Stadt in den Mittelpunkt der internationalen Aufmerksamkeit r\u00fcckt.<\/p>\n<h2>Demografischer Wandel trifft auf kulturellen Aufschwung<\/h2>\n<p>Die neuesten Zahlen des Statistischen Landesamtes Sachsen-Anhalt zeichnen ein klares Bild: Dessau-Ro\u00dflau schrumpft. Ende 2024 z\u00e4hlte die Stadt <strong>75.402 Einwohner<\/strong>, ein R\u00fcckgang von 660 Personen im Vergleich zum Vorjahr. Prognosen sagen sogar einen weiteren R\u00fcckgang auf <strong>70.021 Einwohner bis Ende 2025<\/strong> voraus &#8211; ein Gesamtr\u00fcckgang von \u00fcber 21% seit 2008.<\/p>\n<p>Doch parallel zu dieser demografischen Herausforderung erlebt Dessau-Ro\u00dflau einen beispiellosen kulturellen Aufschwung. Das 16-monatige Jubil\u00e4umsprogramm &#8222;An die Substanz&#8220; verwandelt die Stadt in ein <strong>lebendiges Museum der Moderne<\/strong>.<\/p>\n<h2>Bauhaus: Von der Vergangenheit in die Zukunft<\/h2>\n<p>Das Bauhaus, 1919 in Weimar gegr\u00fcndet und 1925 nach Dessau umgezogen, revolutionierte die Architektur und das Design weltweit. Heute, 100 Jahre sp\u00e4ter, zelebriert Dessau-Ro\u00dflau dieses Erbe mit einer Reihe von Veranstaltungen, die die Stadt zur <strong>Pilgerst\u00e4tte f\u00fcr Architektur- und Designliebhaber<\/strong> machen.<\/p>\n<p>Das ikonische <strong>Bauhausgeb\u00e4ude von Walter Gropius<\/strong>, ein UNESCO-Weltkulturerbe seit 1996, steht im Zentrum der Feierlichkeiten. Seine ber\u00fchmte Glasvorhangfassade und das Prellerhaus &#8211; Deutschlands erstes Studentenwohnheim &#8211; ziehen Besucher aus aller Welt an.<\/p>\n<h2>Kulturtourismus als Antwort auf demografische Herausforderungen<\/h2>\n<p>Trotz des Bev\u00f6lkerungsr\u00fcckgangs setzt Dessau-Ro\u00dflau gezielt auf <strong>Kulturtourismus und internationale Architekturreisen<\/strong>. Das Bauhaus fungiert als &#8222;Leuchtturm der Moderne&#8220; mit ungebrochener globaler Strahlkraft. Besucher k\u00f6nnen sogar in authentischem Bauhaus-Ambiente im Prellerhaus \u00fcbernachten, wo die Zimmer detailgetreu rekonstruiert wurden.<\/p>\n<p>Diese Strategie zeigt bereits Wirkung: Obwohl die Stadt schrumpft, verzeichnete sie 2023 <strong>1.000 mehr Zuz\u00fcge als Wegz\u00fcge<\/strong> &#8211; ein Zeichen daf\u00fcr, dass Dessau-Ro\u00dflau trotz demografischer Herausforderungen attraktiv bleibt.<\/p>\n<h2>Ein Netzwerk der Moderne<\/h2>\n<p>Dessau-Ro\u00dflau steht nicht allein. Die Stadt ist Teil eines <strong>Netzwerks von Bauhaus-Welterbest\u00e4tten<\/strong>, das sich \u00fcber Weimar und Bernau erstreckt. Die BauhausCard erm\u00f6glicht Besuchern ganzj\u00e4hrigen Zugang zu allen Standorten, w\u00e4hrend virtuelle Rundg\u00e4nge und Podcasts die internationale Reichweite erweitern.<\/p>\n<p>Dieses Netzwerk macht Dessau-Ro\u00dflau zu einem zentralen Knotenpunkt des internationalen Bauhaus-Tourismus, \u00e4hnlich wie <a href=\"https:\/\/www.journee-mondiale.com\/de\/auf-392-metern-hoehe-bewahrt-bayern-seit-1543-italiens-erste-renaissance-noerdlich-der-alpen\/\">Landshut in Bayern<\/a>, das die erste italienische Renaissance n\u00f6rdlich der Alpen bewahrt.<\/p>\n<h2>Zukunftsperspektiven: Kultur als wirtschaftlicher Motor<\/h2>\n<p>Das 16-monatige Jubil\u00e4umsprogramm k\u00f6nnte der Beginn einer nachhaltigen Trendwende sein. W\u00e4hrend <a href=\"https:\/\/www.journee-mondiale.com\/de\/weniger-touristisch-als-strassburg-bewahrt-diese-67-257-einwohner-stadt-auf-195-metern-elsass-authentizitaet-mit-entspannter-weinkultur\/\">andere St\u00e4dte wie Colmar im Elsass<\/a> auf ihre Authentizit\u00e4t und entspannte Weinkultur setzen, nutzt Dessau-Ro\u00dflau sein architektonisches Erbe als Sprungbrett in die Zukunft.<\/p>\n<p>Die Verbindung von kulturellem Reichtum und innovativem Stadtmarketing k\u00f6nnte <strong>neue Besucherstr\u00f6me generieren und die wirtschaftliche Basis der Stadt st\u00e4rken<\/strong>. \u00c4hnlich wie <a href=\"https:\/\/www.journee-mondiale.com\/de\/deutschlands-groesster-romanischer-ziegelbau-ueberragt-seit-822-jahren-dieses-6232-einwohner-altmarkdorf\/\">das Altmarkdorf mit seinem romanischen Ziegelbau<\/a> zeigt Dessau-Ro\u00dflau, wie historisches Erbe eine Region beleben kann.<\/p>\n<p>Das heute beginnende Festival markiert somit nicht nur einen historischen Meilenstein, sondern auch einen wichtigen Wendepunkt f\u00fcr Dessau-Ro\u00dflaus Zukunft als <strong>internationale Kulturmetropole<\/strong>. In einer Zeit, in der viele St\u00e4dte mit Schrumpfung k\u00e4mpfen, k\u00f6nnte Dessau-Ro\u00dflau ein Modell daf\u00fcr werden, wie Kultur und Architektur eine Stadt trotz demografischer Herausforderungen in die Zukunft f\u00fchren k\u00f6nnen.<\/p>\n","protected":false},"excerpt":{"rendered":"<p>In einer \u00fcberraschenden Wendung erlebt Dessau-Ro\u00dflau, die 75.400-Einwohner-Stadt in Sachsen-Anhalt, einen bemerkenswerten Kontrast: W\u00e4hrend die Bev\u00f6lkerung schrumpft, steigt die Stadt zur Welthauptstadt der modernen Architektur auf. Am 4. September 2025 startet hier das spektakul\u00e4re Er\u00f6ffnungsfestival zum 100-j\u00e4hrigen Bauhaus-Jubil\u00e4um, das die Stadt in den Mittelpunkt der internationalen Aufmerksamkeit r\u00fcckt. Demografischer Wandel trifft auf kulturellen Aufschwung Die &#8230; <a title=\"Diese 75.400-Einwohner Stadt schrumpft um 5.000 w\u00e4hrend sie zur Welthauptstadt moderner Architektur aufsteigt\" class=\"read-more\" href=\"https:\/\/www.journee-mondiale.com\/de\/diese-75-400-einwohner-stadt-schrumpft-um-5-000-waehrend-sie-zur-welthauptstadt-moderner-architektur-aufsteigt\/\" aria-label=\"Mehr Informationen \u00fcber Diese 75.400-Einwohner Stadt schrumpft um 5.000 w\u00e4hrend sie zur Welthauptstadt moderner Architektur aufsteigt\">Lire plus<\/a><\/p>\n","protected":false},"author":1,"featured_media":16206,"comment_status":"","ping_status":"","sticky":false,"template":"","format":"standard","meta":{"footnotes":""},"categories":[49],"tags":[],"class_list":["post-16207","post","type-post","status-publish","format-standard","has-post-thumbnail","hentry","category-reisen"],"acf":[],"_yoast_wpseo_primary_category":null,"_yoast_wpseo_title":null,"_yoast_wpseo_metadesc":null,"_links":{"self":[{"href":"https:\/\/www.journee-mondiale.com\/de\/wp-json\/wp\/v2\/posts\/16207","targetHints":{"allow":["GET"]}}],"collection":[{"href":"https:\/\/www.journee-mondiale.com\/de\/wp-json\/wp\/v2\/posts"}],"about":[{"href":"https:\/\/www.journee-mondiale.com\/de\/wp-json\/wp\/v2\/types\/post"}],"author":[{"embeddable":true,"href":"https:\/\/www.journee-mondiale.com\/de\/wp-json\/wp\/v2\/users\/1"}],"replies":[{"embeddable":true,"href":"https:\/\/www.journee-mondiale.com\/de\/wp-json\/wp\/v2\/comments?post=16207"}],"version-history":[{"count":0,"href":"https:\/\/www.journee-mondiale.com\/de\/wp-json\/wp\/v2\/posts\/16207\/revisions"}],"wp:featuredmedia":[{"embeddable":true,"href":"https:\/\/www.journee-mondiale.com\/de\/wp-json\/wp\/v2\/media\/16206"}],"wp:attachment":[{"href":"https:\/\/www.journee-mondiale.com\/de\/wp-json\/wp\/v2\/media?parent=16207"}],"wp:term":[{"taxonomy":"category","embeddable":true,"href":"https:\/\/www.journee-mondiale.com\/de\/wp-json\/wp\/v2\/categories?post=16207"},{"taxonomy":"post_tag","embeddable":true,"href":"https:\/\/www.journee-mondiale.com\/de\/wp-json\/wp\/v2\/tags?post=16207"}],"curies":[{"name":"wp","href":"https:\/\/api.w.org\/{rel}","templated":true}]}}