{"id":16205,"date":"2025-09-04T06:05:33","date_gmt":"2025-09-04T04:05:33","guid":{"rendered":"https:\/\/www.journee-mondiale.com\/de\/diese-bayerische-26-587-einwohner-stadt-beherbergt-eines-der-bedeutendsten-renaissance-festungsschloesse-deutschlands-seit-1231\/"},"modified":"2025-09-04T06:05:33","modified_gmt":"2025-09-04T04:05:33","slug":"diese-bayerische-26-587-einwohner-stadt-beherbergt-eines-der-bedeutendsten-renaissance-festungsschloesse-deutschlands-seit-1231","status":"publish","type":"post","link":"https:\/\/www.journee-mondiale.com\/de\/diese-bayerische-26-587-einwohner-stadt-beherbergt-eines-der-bedeutendsten-renaissance-festungsschloesse-deutschlands-seit-1231\/","title":{"rendered":"Diese bayerische 26.587-Einwohner Stadt beherbergt eines der bedeutendsten Renaissance-Festungsschl\u00f6sse Deutschlands seit 1231"},"content":{"rendered":"<p>Entdecken Sie die <strong>verborgene Renaissance-Perle Bayerns<\/strong> in Kulmbach, einer Stadt mit nur 26.587 Einwohnern, die auf 304 Metern H\u00f6he thront. Im Herbst 2025 offenbart sich hier ein einzigartiges Zusammenspiel aus Geschichte und Bierkultur, das Kulturliebhaber und Genie\u00dfer gleicherma\u00dfen begeistert.<\/p>\n<h2>Die Plassenburg: Bayerns imposantestes Renaissance-Festungsschloss<\/h2>\n<p>Seit 1231 wacht die <strong>Plassenburg<\/strong> majest\u00e4tisch \u00fcber Kulmbach und gilt als eines der bedeutendsten Renaissance-Festungsschl\u00f6sser Bayerns. Ihre beeindruckende Architektur mit charakteristischen Sandsteinbauten zeugt von der Bl\u00fctezeit der Renaissance und macht sie zu einem <strong>architektonischen Juwel<\/strong>, das in seiner Pracht selbst viele bekanntere Burgen in den Schatten stellt.<\/p>\n<h2>Herbst 2025: Die perfekte Zeit f\u00fcr einen Besuch<\/h2>\n<p>Der Herbst 2025 verspricht, die ideale Saison f\u00fcr einen Besuch in Kulmbach zu werden. Mit mildem Wetter und farbenpr\u00e4chtiger Natur bietet sich die perfekte Kulisse, um die Stadt und ihre Umgebung zu erkunden. Besonders der September lockt mit dem <strong>&#8222;Altweibersommer&#8220;<\/strong>, ideal f\u00fcr Spazierg\u00e4nge durch die mittelalterliche Altstadt oder Wanderungen im nahen Naturpark Fr\u00e4nkische Waldlandschaft.<\/p>\n<h2>Kulmbachs einzigartige Verbindung von Geschichte und Bierkultur<\/h2>\n<p>Kulmbach ist nicht nur f\u00fcr seine beeindruckende Architektur bekannt, sondern auch als <strong>&#8222;heimliche Hauptstadt des Bieres&#8220;<\/strong>. Die Stadt vereint auf einzigartige Weise historisches Erbe mit lebendiger Braukunst. Besucher k\u00f6nnen hier die Atmosph\u00e4re einer mittelalterlichen Stadt genie\u00dfen und gleichzeitig in die Welt der fr\u00e4nkischen Bierkultur eintauchen. Diese Kombination macht Kulmbach zu einem <a href=\"https:\/\/www.journee-mondiale.com\/de\/was-wuerzburgs-133-258-einwohner-nur-mit-engen-freunden-ueber-ihre-versteckten-weinkeller-teilen\/\">einzigartigen Reiseziel in Franken<\/a>, das selbst eingefleischte Weinliebhaber \u00fcberraschen wird.<\/p>\n<h2>Kulturelles Highlight: Die Kulmbacher Bierwoche<\/h2>\n<p>Ein absolutes Muss f\u00fcr Besucher im Herbst 2025 ist die <strong>Kulmbacher Bierwoche<\/strong>, die voraussichtlich Anfang September stattfindet. Dieses traditionsreiche Fest verbindet auf einzigartige Weise Biergenuss mit kulturellem Erbe. Besucher k\u00f6nnen den <strong>Tanz der B\u00fcttner<\/strong> bewundern und Schauspieler in historischen Markgrafenkost\u00fcmen vor der beeindruckenden Rokoko-Fassade des Rathauses erleben.<\/p>\n<h2>Architektonische Sch\u00e4tze abseits des Massentourismus<\/h2>\n<p>Neben der Plassenburg bietet Kulmbach weitere architektonische Perlen. Die Altstadt besticht durch ihre <strong>gut erhaltene mittelalterliche Bausubstanz<\/strong> mit charakteristischen Fachwerkh\u00e4usern. Ein besonderes Highlight ist das Rathaus aus dem Jahr 1752, ein <strong>Meisterwerk des Bayreuther Rokoko<\/strong>. Diese architektonische Vielfalt macht Kulmbach zu einem Geheimtipp f\u00fcr Liebhaber historischer Bauten, \u00e4hnlich wie <a href=\"https:\/\/www.journee-mondiale.com\/de\/auf-392-metern-hoehe-bewahrt-bayern-seit-1543-italiens-erste-renaissance-noerdlich-der-alpen\/\">andere Orte in Bayern, die italienische Renaissance n\u00f6rdlich der Alpen bewahren<\/a>.<\/p>\n<h2>Kulturelles Erlebnis auf der Plassenburg<\/h2>\n<p>Die Plassenburg ist nicht nur ein architektonisches Meisterwerk, sondern auch Schauplatz kultureller H\u00f6hepunkte. Das j\u00e4hrliche <strong>Plassenburg Open-Air<\/strong> hat sich zu einem der gr\u00f6\u00dften Kulturfestivals der Region entwickelt. 2025 lockte es bereits rund 7.500 Besucher an, die Konzerte von internationalen Stars wie Patti Smith und regionalen Gr\u00f6\u00dfen wie Wolfgang Niedeckens BAP genossen.<\/p>\n<h2>Ein Blick in die Zukunft: Kulmbach 2026<\/h2>\n<p>Die Erfolgsgeschichte Kulmbachs als Kulturzentrum setzt sich fort. F\u00fcr 2026 sind bereits hochkar\u00e4tige Veranstaltungen angek\u00fcndigt, darunter ein Auftritt der bayerischen Kabarettistin Martina Schwarzmann und die R\u00fcckkehr des beliebten Formats &#8222;Amadeus Rockt&#8220;. Diese Entwicklung unterstreicht Kulmbachs wachsende Bedeutung als <strong>kulturelles Zentrum in Oberfranken<\/strong>.<\/p>\n<p>Kulmbach bietet eine einzigartige Mischung aus Geschichte, Kultur und Genuss, die in ihrer Authentizit\u00e4t ihresgleichen sucht. \u00c4hnlich wie <a href=\"https:\/\/www.journee-mondiale.com\/de\/deutschlands-groesster-romanischer-ziegelbau-ueberragt-seit-822-jahren-dieses-6232-einwohner-altmarkdorf\/\">andere historische Orte in Deutschland<\/a> bewahrt die Stadt ihr reiches Erbe, w\u00e4hrend sie gleichzeitig modern und lebendig bleibt. Ein Besuch im Herbst 2025 verspricht unvergessliche Eindr\u00fccke in einer der faszinierendsten Kleinst\u00e4dte Bayerns.<\/p>\n","protected":false},"excerpt":{"rendered":"<p>Entdecken Sie die verborgene Renaissance-Perle Bayerns in Kulmbach, einer Stadt mit nur 26.587 Einwohnern, die auf 304 Metern H\u00f6he thront. Im Herbst 2025 offenbart sich hier ein einzigartiges Zusammenspiel aus Geschichte und Bierkultur, das Kulturliebhaber und Genie\u00dfer gleicherma\u00dfen begeistert. Die Plassenburg: Bayerns imposantestes Renaissance-Festungsschloss Seit 1231 wacht die Plassenburg majest\u00e4tisch \u00fcber Kulmbach und gilt als &#8230; <a title=\"Diese bayerische 26.587-Einwohner Stadt beherbergt eines der bedeutendsten Renaissance-Festungsschl\u00f6sse Deutschlands seit 1231\" class=\"read-more\" href=\"https:\/\/www.journee-mondiale.com\/de\/diese-bayerische-26-587-einwohner-stadt-beherbergt-eines-der-bedeutendsten-renaissance-festungsschloesse-deutschlands-seit-1231\/\" aria-label=\"Mehr Informationen \u00fcber Diese bayerische 26.587-Einwohner Stadt beherbergt eines der bedeutendsten Renaissance-Festungsschl\u00f6sse Deutschlands seit 1231\">Lire plus<\/a><\/p>\n","protected":false},"author":1,"featured_media":16204,"comment_status":"","ping_status":"","sticky":false,"template":"","format":"standard","meta":{"footnotes":""},"categories":[49],"tags":[],"class_list":["post-16205","post","type-post","status-publish","format-standard","has-post-thumbnail","hentry","category-reisen"],"acf":[],"_yoast_wpseo_primary_category":null,"_yoast_wpseo_title":null,"_yoast_wpseo_metadesc":null,"_links":{"self":[{"href":"https:\/\/www.journee-mondiale.com\/de\/wp-json\/wp\/v2\/posts\/16205","targetHints":{"allow":["GET"]}}],"collection":[{"href":"https:\/\/www.journee-mondiale.com\/de\/wp-json\/wp\/v2\/posts"}],"about":[{"href":"https:\/\/www.journee-mondiale.com\/de\/wp-json\/wp\/v2\/types\/post"}],"author":[{"embeddable":true,"href":"https:\/\/www.journee-mondiale.com\/de\/wp-json\/wp\/v2\/users\/1"}],"replies":[{"embeddable":true,"href":"https:\/\/www.journee-mondiale.com\/de\/wp-json\/wp\/v2\/comments?post=16205"}],"version-history":[{"count":0,"href":"https:\/\/www.journee-mondiale.com\/de\/wp-json\/wp\/v2\/posts\/16205\/revisions"}],"wp:featuredmedia":[{"embeddable":true,"href":"https:\/\/www.journee-mondiale.com\/de\/wp-json\/wp\/v2\/media\/16204"}],"wp:attachment":[{"href":"https:\/\/www.journee-mondiale.com\/de\/wp-json\/wp\/v2\/media?parent=16205"}],"wp:term":[{"taxonomy":"category","embeddable":true,"href":"https:\/\/www.journee-mondiale.com\/de\/wp-json\/wp\/v2\/categories?post=16205"},{"taxonomy":"post_tag","embeddable":true,"href":"https:\/\/www.journee-mondiale.com\/de\/wp-json\/wp\/v2\/tags?post=16205"}],"curies":[{"name":"wp","href":"https:\/\/api.w.org\/{rel}","templated":true}]}}