{"id":16185,"date":"2025-09-03T10:08:30","date_gmt":"2025-09-03T08:08:30","guid":{"rendered":"https:\/\/www.journee-mondiale.com\/de\/weniger-touristisch-als-isola-2000-vereint-dieser-1700-meter-alpenort-zwei-internationale-auszeichnungen-fuer-sternenhimmel\/"},"modified":"2025-09-03T10:08:30","modified_gmt":"2025-09-03T08:08:30","slug":"weniger-touristisch-als-isola-2000-vereint-dieser-1700-meter-alpenort-zwei-internationale-auszeichnungen-fuer-sternenhimmel","status":"publish","type":"post","link":"https:\/\/www.journee-mondiale.com\/de\/weniger-touristisch-als-isola-2000-vereint-dieser-1700-meter-alpenort-zwei-internationale-auszeichnungen-fuer-sternenhimmel\/","title":{"rendered":"Weniger touristisch als Isola 2000 vereint dieser 1700-Meter Alpenort zwei internationale Auszeichnungen f\u00fcr Sternenhimmel"},"content":{"rendered":"<p>Weniger touristisch als Isola 2000, bietet dieser 1700-Meter-Alpenort eine <strong>magische Kombination aus klarem Sternenhimmel und nachhaltiger Bergidylle<\/strong>. Valberg, ein verstecktes Juwel in den franz\u00f6sischen Seealpen, vereint als einziger Ort zwei prestigetr\u00e4chtige Umweltzertifikate: das &#8222;Flocon Vert&#8220; f\u00fcr nachhaltige Entwicklung und die Auszeichnung als internationales Sternenhimmelreservat.<\/p>\n<h2>Ein Himmel voller Sterne zum Greifen nah<\/h2>\n<p>Stellen Sie sich vor, Sie stehen auf 1700 Metern H\u00f6he, umgeben von der klaren Bergluft der Alpes-Maritimes. Der Himmel \u00fcber Ihnen explodiert in einem Feuerwerk aus Sternen, so klar und nah, dass Sie glauben, sie mit den H\u00e4nden greifen zu k\u00f6nnen. In Valberg wird dieser Traum Realit\u00e4t. Als Teil des <strong>dritten internationalen Sternenreservats Frankreichs<\/strong> bietet der Ort perfekte Bedingungen f\u00fcr Sternengucker und Astronomiefans.<\/p>\n<h2>Nachhaltigkeit trifft auf alpine Tradition<\/h2>\n<p>Doch Valberg ist mehr als nur ein Paradies f\u00fcr Sternenfans. Das begehrte &#8222;Flocon Vert&#8220;-Label zeugt von einem <strong>tiefen Engagement f\u00fcr nachhaltigen Bergtourismus<\/strong>. Hier verschmelzen Umweltschutz und alpine Traditionen zu einer einzigartigen Erfahrung. Wandern Sie auf uralten Hirtenpfaden, entdecken Sie authentische Bergd\u00f6rfer und sp\u00fcren Sie die Seele der Alpen, fernab vom Massentourismus gr\u00f6\u00dferer Skistationen.<\/p>\n<h2>Ein Bergerlebnis f\u00fcr alle Sinne<\/h2>\n<p>Tags\u00fcber locken <strong>markierte Familienwanderwege zur Cime du Mercantour<\/strong>, wo sich atemberaubende Panoramen \u00fcber die s\u00fcdlichen Alpen er\u00f6ffnen. Die klare Bergluft duftet nach Wildkr\u00e4utern, w\u00e4hrend das L\u00e4uten von Kuhglocken die Stille durchbricht. In der Ferne zeichnen sich die Gipfel des Mercantour-Nationalparks ab \u2013 eine Kulisse, die zum Tr\u00e4umen einl\u00e4dt.<\/p>\n<h3>Herbstliche Farbenpracht und klare N\u00e4chte<\/h3>\n<p>Der Herbst verwandelt Valberg in ein Farbenmeer aus Gold und Purpur. Es ist die perfekte Zeit f\u00fcr <strong>Naturbeobachtungen und Fotografie-Enthusiasten<\/strong>. Wenn die D\u00e4mmerung hereinbricht, offenbart sich der wahre Zauber: Ein Himmel so dunkel und klar, dass selbst die Milchstra\u00dfe mit blo\u00dfem Auge sichtbar wird. Kein Wunder, dass Valberg als <a href=\"https:\/\/www.journee-mondiale.com\/de\/dieser-658-einwohner-ort-verwandelt-sich-nachts-vom-templerfort-in-europas-dunkelsten-sternenhimmel-auf-240-metern\/\">einer der dunkelsten Sternenhimmel Europas<\/a> gilt.<\/p>\n<h2>Authentizit\u00e4t abseits \u00fcberlaufener Pfade<\/h2>\n<p>Im Gegensatz zum nahegelegenen Isola 2000 hat sich Valberg seinen <strong>authentischen Bergdorfcharakter bewahrt<\/strong>. Hier finden Sie keine \u00fcberf\u00fcllten Pisten oder laute Apr\u00e8s-Ski-Bars. Stattdessen erwarten Sie gem\u00fctliche Bergh\u00fctten, lokale Spezialit\u00e4ten und eine Gastfreundschaft, die von Herzen kommt. Es ist diese Mischung aus Ruhe, Natur und Tradition, die Valberg zu einem <a href=\"https:\/\/www.journee-mondiale.com\/de\/weniger-ueberlaufen-als-meran-bewahrt-dieser-7000-einwohner-ort-auf-935-metern-suedtirols-mittelalterlichen-zwoelferturm\/\">einzigartigen R\u00fcckzugsort macht, weniger \u00fcberlaufen als bekanntere Alpendestinationen<\/a>.<\/p>\n<h2>Ein Ort f\u00fcr alle Jahreszeiten<\/h2>\n<p>Obwohl Valberg im Winter ein beliebtes Skigebiet ist, zeigt es sich im Herbst von seiner sch\u00f6nsten Seite. Die <strong>klaren Tage und frische Bergluft sind ideal f\u00fcr Wanderungen<\/strong>, w\u00e4hrend die N\u00e4chte perfekte Bedingungen f\u00fcr Sternbeobachtungen bieten. Naturliebhaber kommen bei der Beobachtung von Wildtieren auf ihre Kosten, w\u00e4hrend Fotografen <a href=\"https:\/\/www.journee-mondiale.com\/de\/dieser-schwarzwald-karsee-von-966-metern-hoehe-verzaubert-mit-mystischem-morgennebel-nur-im-herbst\/\">magische Momente wie mystischen Morgennebel \u00fcber den Bergseen einfangen k\u00f6nnen<\/a>.<\/p>\n<h2>Ein Blick in die Zukunft des Bergtourismus<\/h2>\n<p>Valberg zeigt, wie die Zukunft des Bergtourismus aussehen kann: <strong>nachhaltig, authentisch und im Einklang mit der Natur<\/strong>. Die Kombination aus Sternenbeobachtung und umweltbewusstem Tourismus macht den Ort zu einem Vorreiter f\u00fcr innovative Urlaubskonzepte in den Alpen. Hier erleben Sie nicht nur unber\u00fchrte Natur, sondern tragen aktiv zu deren Erhalt bei.<\/p>\n<p>Entdecken Sie Valberg \u2013 wo der Himmel die Erde ber\u00fchrt und Nachhaltigkeit gelebt wird. Ein Ort, der beweist, dass echte Luxuserlebnisse in perfekter Harmonie mit der Natur m\u00f6glich sind.<\/p>\n","protected":false},"excerpt":{"rendered":"<p>Weniger touristisch als Isola 2000, bietet dieser 1700-Meter-Alpenort eine magische Kombination aus klarem Sternenhimmel und nachhaltiger Bergidylle. Valberg, ein verstecktes Juwel in den franz\u00f6sischen Seealpen, vereint als einziger Ort zwei prestigetr\u00e4chtige Umweltzertifikate: das &#8222;Flocon Vert&#8220; f\u00fcr nachhaltige Entwicklung und die Auszeichnung als internationales Sternenhimmelreservat. Ein Himmel voller Sterne zum Greifen nah Stellen Sie sich vor, &#8230; <a title=\"Weniger touristisch als Isola 2000 vereint dieser 1700-Meter Alpenort zwei internationale Auszeichnungen f\u00fcr Sternenhimmel\" class=\"read-more\" href=\"https:\/\/www.journee-mondiale.com\/de\/weniger-touristisch-als-isola-2000-vereint-dieser-1700-meter-alpenort-zwei-internationale-auszeichnungen-fuer-sternenhimmel\/\" aria-label=\"Mehr Informationen \u00fcber Weniger touristisch als Isola 2000 vereint dieser 1700-Meter Alpenort zwei internationale Auszeichnungen f\u00fcr Sternenhimmel\">Lire plus<\/a><\/p>\n","protected":false},"author":1,"featured_media":16184,"comment_status":"","ping_status":"","sticky":false,"template":"","format":"standard","meta":{"footnotes":""},"categories":[49],"tags":[],"class_list":["post-16185","post","type-post","status-publish","format-standard","has-post-thumbnail","hentry","category-reisen"],"acf":[],"_yoast_wpseo_primary_category":null,"_yoast_wpseo_title":null,"_yoast_wpseo_metadesc":null,"_links":{"self":[{"href":"https:\/\/www.journee-mondiale.com\/de\/wp-json\/wp\/v2\/posts\/16185","targetHints":{"allow":["GET"]}}],"collection":[{"href":"https:\/\/www.journee-mondiale.com\/de\/wp-json\/wp\/v2\/posts"}],"about":[{"href":"https:\/\/www.journee-mondiale.com\/de\/wp-json\/wp\/v2\/types\/post"}],"author":[{"embeddable":true,"href":"https:\/\/www.journee-mondiale.com\/de\/wp-json\/wp\/v2\/users\/1"}],"replies":[{"embeddable":true,"href":"https:\/\/www.journee-mondiale.com\/de\/wp-json\/wp\/v2\/comments?post=16185"}],"version-history":[{"count":0,"href":"https:\/\/www.journee-mondiale.com\/de\/wp-json\/wp\/v2\/posts\/16185\/revisions"}],"wp:featuredmedia":[{"embeddable":true,"href":"https:\/\/www.journee-mondiale.com\/de\/wp-json\/wp\/v2\/media\/16184"}],"wp:attachment":[{"href":"https:\/\/www.journee-mondiale.com\/de\/wp-json\/wp\/v2\/media?parent=16185"}],"wp:term":[{"taxonomy":"category","embeddable":true,"href":"https:\/\/www.journee-mondiale.com\/de\/wp-json\/wp\/v2\/categories?post=16185"},{"taxonomy":"post_tag","embeddable":true,"href":"https:\/\/www.journee-mondiale.com\/de\/wp-json\/wp\/v2\/tags?post=16185"}],"curies":[{"name":"wp","href":"https:\/\/api.w.org\/{rel}","templated":true}]}}